{"id":144317,"date":"2026-06-30T12:58:07","date_gmt":"2026-06-30T12:58:07","guid":{"rendered":"https:\/\/www.europesays.com\/si\/144317\/"},"modified":"2026-06-30T12:58:07","modified_gmt":"2026-06-30T12:58:07","slug":"za-sedenje-pod-drevesom-200-evrov-kazni-a-je-dihat-dovoljeno-na-bledu","status":"publish","type":"post","link":"https:\/\/www.europesays.com\/si\/144317\/","title":{"rendered":"Za sedenje pod drevesom 200 evrov kazni: &#8220;A je dihat dovoljeno na Bledu?&#8221;"},"content":{"rendered":"<p>Obiskovalci besni: &#8220;Bled, slovenski turisti\u010dni biser, kjer te za sedenje v senci oglobijo z 200 \u20ac kazni. In se s tem \u0161e hvalijo na FB.&#8221;<\/p>\n<p>V nadaljevanju preberite:<\/p>\n<p>Redarji so, kot napovedano, za\u010deli pozorno spremljati dogajanje v bli\u017eini Blejskega jezera in kaznovati kr\u0161itelje.\u00a0<br \/>\nKazni so predvidene tudi za tiste, ki posedajo pod drevesi.\u00a0<br \/>\nVse, ki si \u017eelijo po\u010ditka in sprostitve v naravi, preusmerjajo pod Stra\u017eo.<\/p>\n<p>Kot smo \u017ee poro\u010dali, <a href=\"https:\/\/www.zurnal24.si\/popotnik\/bled-redarji-kazni-kopanje-polezavanje-460324\" rel=\"nofollow noopener\" target=\"_blank\">ob\u010dinski redarji letos poleti izvajajo poostren nadzor javnega reda in miru v o\u017ejem sredi\u0161\u010du Bleda<\/a>, predvsem na obmo\u010dju med Grand hotelom Toplice in Grajskim kopali\u0161\u010dem.\u00a0&#8220;Namen poostrenega nadzora je predvsem varovanje ob\u010dutljivega naravnega okolja, prepre\u010devanje erozije na obali jezera ter zagotavljanje javnega reda in miru za vse ob\u010danke in ob\u010dane,&#8221; so takrat pojasnili na <a href=\"https:\/\/www.e-bled.si\/\" rel=\"nofollow noopener\" target=\"_blank\">ob\u010dini Bled<\/a>.<\/p>\n<p>Obmo\u010dje med\u00a0Grand hotelom Toplice in Grajskim kopali\u0161\u010dem ni namenjeno kopanju, plavanju ali pole\u017eavanju, so poudarili\u00a0in napovedali, da bodo kr\u0161itelje kaznovali z 200 evri globe.<\/p>\n<p>Kot ka\u017ee, so mislili resno &#8211; objava Medob\u010dinskega\u00a0in\u0161pektorata in redarstva\u00a0Bled, Bohinj in \u017delezniki namre\u010d razkriva, da so bili nedavno na terenu in tam odkrili precej kr\u0161itev.<\/p>\n<p>&#8220;Obmo\u010dje je ustrezno ozna\u010deno z opozorilnimi tablami in tudi ograjeno. Na terenu zaznavamo \u0161tevilne kr\u0161itve, globa za nespo\u0161tovanje pravil pa zna\u0161a 200 evrov,&#8221; so zapisali v objavi. &#8220;Vse, ki si \u017eelijo po\u010ditka in sprostitve v naravi, preusmerjamo <a href=\"https:\/\/www.mojaobcina.si\/bled\/novice\/prostor-za-pocitek-pod-strazo.html\" rel=\"nofollow noopener\" target=\"_blank\">pod Stra\u017eo<\/a>, kjer so v senci dreves urejeni prostori za po\u010ditek z le\u017ealniki. Poseben prostor je namenjen tudi \u0161tirino\u017enim prijateljem, ki imajo na voljo pasje utice za udoben in miren po\u010ditek,&#8221; so dodali.<\/p>\n<p>&#8220;Hvala, ker s spo\u0161tovanjem pravil pomagate ohranjati naravne danosti Bleda, varovati obalo pred erozijo ter prispevate k prijetnemu okolju za doma\u010dine in obiskovalce,&#8221; so sklenili.<\/p>\n<p>A njihova dejanja so naletela na precej nezadovoljstva. Po slikah sode\u010d so v prekr\u0161ku tudi tisti, ki so zgolj sedeli v senci pod drevesi &#8211; naj poudarimo, da se Slovenija trenutno du\u0161i pod te\u017eo <a href=\"https:\/\/www.zurnal24.si\/slovenija\/padali-so-novi-rekordi-v-tem-kraju-so-namerili-najvisjo-temperaturo-461372\" rel=\"nofollow noopener\" target=\"_blank\">izjemnega vro\u010dinskega vala<\/a>, zaradi katerega je Agencija RS za okolje\u00a0pri\u017egala najvi\u0161je, <a href=\"https:\/\/www.zurnal24.si\/slovenija\/vreme-30-6-2026-napoved-nevihte-vrocina-461383\" rel=\"nofollow noopener\" target=\"_blank\">rde\u010de vremensko opozorilo<\/a>.\u00a0<\/p>\n<p>&#8220;Sicer tudi sama kot doma\u010dinka nisem vedela, da v parku ne sme\u0161 sedeti v travi. V tujini je to vsepovsod normalno. Ljudje se morajo nekje shladit in odpo\u010dit,&#8221; je zapisala ena izmed komentatork. Drugi se spra\u0161ujejo, \u010de je na Bledu sploh \u0161e dovoljeno dihati in opozarjajo, da so postali ujetniki ne\u0161teto pravil. &#8220;Sramotno \u017ee v osnovi, da se pa \u0161e s tem hvalite, je pa bolano!&#8221;<\/p>\n<p dir=\"ltr\" lang=\"sl\">Bled, slovenski turisti\u010dni biser, kjer te za sedenje v senci oglobijo z 200 \u20ac kazni.<br \/>In se s tem \u0161e hvalijo na FB. <a href=\"https:\/\/t.co\/nLP2mFawYZ\" rel=\"nofollow\">pic.twitter.com\/nLP2mFawYZ<\/a><\/p>\n<p>\u2014 Marin Medak (@marinmedak) <a href=\"https:\/\/x.com\/marinmedak\/status\/2071821148485046700?ref_src=twsrc%5Etfw\" rel=\"nofollow\">June 30, 2026<\/a><\/p>\n<p><a href=\"https:\/\/www.zurnal24.si\/popotnik\/mailto:dezurni@styria-media.si\" rel=\"nofollow noopener\" target=\"_blank\">dezurni@styria-media.si<\/a><\/p>\n<p>                                            <script async src=\"https:\/\/platform.twitter.com\/widgets.js\" charset=\"utf-8\"><\/script><\/p>\n","protected":false},"excerpt":{"rendered":"Obiskovalci besni: &#8220;Bled, slovenski turisti\u010dni biser, kjer te za sedenje v senci oglobijo z 200 \u20ac kazni. In&hellip;\n","protected":false},"author":2,"featured_media":144318,"comment_status":"","ping_status":"","sticky":false,"template":"","format":"standard","meta":{"footnotes":"","_share_on_mastodon":"0"},"categories":[20],"tags":[7994,20935,5129,32,5207,35,31,34,36,7676,37,38,33],"class_list":["post-144317","post","type-post","status-publish","format-standard","has-post-thumbnail","category-novice","tag-bled","tag-blejsko-jezero","tag-globa","tag-headlines","tag-kazni","tag-najpomembnejse-novice","tag-news","tag-novice","tag-osrednje-novice","tag-redarji","tag-slovene","tag-slovenscina","tag-top-stories"],"share_on_mastodon":{"url":"https:\/\/pubeurope.com\/@si\/116839180374088445","error":""},"_links":{"self":[{"href":"https:\/\/www.europesays.com\/si\/wp-json\/wp\/v2\/posts\/144317","targetHints":{"allow":["GET"]}}],"collection":[{"href":"https:\/\/www.europesays.com\/si\/wp-json\/wp\/v2\/posts"}],"about":[{"href":"https:\/\/www.europesays.com\/si\/wp-json\/wp\/v2\/types\/post"}],"author":[{"embeddable":true,"href":"https:\/\/www.europesays.com\/si\/wp-json\/wp\/v2\/users\/2"}],"replies":[{"embeddable":true,"href":"https:\/\/www.europesays.com\/si\/wp-json\/wp\/v2\/comments?post=144317"}],"version-history":[{"count":0,"href":"https:\/\/www.europesays.com\/si\/wp-json\/wp\/v2\/posts\/144317\/revisions"}],"wp:featuredmedia":[{"embeddable":true,"href":"https:\/\/www.europesays.com\/si\/wp-json\/wp\/v2\/media\/144318"}],"wp:attachment":[{"href":"https:\/\/www.europesays.com\/si\/wp-json\/wp\/v2\/media?parent=144317"}],"wp:term":[{"taxonomy":"category","embeddable":true,"href":"https:\/\/www.europesays.com\/si\/wp-json\/wp\/v2\/categories?post=144317"},{"taxonomy":"post_tag","embeddable":true,"href":"https:\/\/www.europesays.com\/si\/wp-json\/wp\/v2\/tags?post=144317"}],"curies":[{"name":"wp","href":"https:\/\/api.w.org\/{rel}","templated":true}]}}