{"id":144927,"date":"2026-07-01T01:18:16","date_gmt":"2026-07-01T01:18:16","guid":{"rendered":"https:\/\/www.europesays.com\/si\/144927\/"},"modified":"2026-07-01T01:18:16","modified_gmt":"2026-07-01T01:18:16","slug":"razkrit-vzrok-smrti-znane-igralke-porocilo-mrliskega-oglednika-polno-pretresljivih-podrobnosti","status":"publish","type":"post","link":"https:\/\/www.europesays.com\/si\/144927\/","title":{"rendered":"Razkrit vzrok smrti znane igralke, poro\u010dilo mrli\u0161kega oglednika polno pretresljivih podrobnosti"},"content":{"rendered":"<p><a href=\"https:\/\/slovenskenovice.delo.si\/bulvar\/tuji-traci\/zalostne-podrobnosti-iz-zivljenja-preminule-igralke\" target=\"_blank\" rel=\"nofollow noopener\">Dva tedna po smrti ameri\u0161ke igralke Daveigh Chase, znane po vlogi<\/a> Samare Morgan v grozljivki Krog\u00a0(The Ring) in po tem, da je posodila glas Lilo v Disneyjevem animiranem filmu Lilo in Stitch, je bil objavljen uradni vzrok njene smrti. Igralka je umrla 16. junija v bolni\u0161nici v Los Angelesu v 36. letu starosti.<\/p>\n<p>Umrla zaradi posledic aidsa<\/p>\n<p>Po poro\u010dilu urada mrli\u0161kega oglednika okro\u017eja Los Angeles je umrla zaradi sindroma pridobljene imunske pomanjkljivosti (Aids). Kot pomemben dejavnik, ki je prispeval k njeni smrti, je bila navedena tudi kroni\u010dna uporaba ve\u010d psihoaktivnih snovi, na\u010din smrti pa je bil uradno razgla\u0161en za naravnega.<\/p>\n<p><a href=\"https:\/\/slovenskenovice.delo.si\/bulvar\/tuji-traci\/umrla-je-igralka-iz-kultne-grozljivke-stara-je-bila-komaj-36-let-foto\" target=\"_blank\" rel=\"nofollow noopener\">Potem ko je novica o njeni smrti pri\u0161la v javnost, je njen<\/a> partner Roy Hernandez razkril, da se je igralka v zadnjih tednih \u017eivljenja spopadala z meningitisom, hudimi oku\u017ebami krvi in sepso. Tik pred njeno smrtjo je spro\u017eil tudi ve\u010d kampanj na GoFundMe, da bi zbral sredstva za njeno zdravljenje, pri \u010demer je navajal, da je bilo njeno zdravstveno stanje kriti\u010dno.<\/p>\n<p><img decoding=\"async\" class=\"article__img-tag-visible\" src=\"https:\/\/www.europesays.com\/si\/wp-content\/uploads\/2026\/07\/3668965.width-660.format-webp.webp\" alt=\"Pokojna Daveigh Chase.\u00a0FOTO: Max Morse Reuters\" img_id=\"11646471\" data-img-id=\"11646471\"\/><\/p>\n<p>Pokojna Daveigh Chase.\u00a0FOTO: Max Morse Reuters<\/p>\n<p>V zadnjih letih se je povsem umaknila iz javnosti, tuji mediji pa so poro\u010dali, da se je spopadala z odvisnostjo, brezdomstvom in resnimi zdravstvenimi te\u017eavami. Njena smrt je pretresla \u0161tevilne obo\u017eevalce, ki jo \u0161e danes pomnijo po vlogah, ki so zaznamovale otro\u0161tvo celotne generacije.<\/p>\n","protected":false},"excerpt":{"rendered":"Dva tedna po smrti ameri\u0161ke igralke Daveigh Chase, znane po vlogi Samare Morgan v grozljivki Krog\u00a0(The Ring) in&hellip;\n","protected":false},"author":2,"featured_media":144928,"comment_status":"","ping_status":"","sticky":false,"template":"","format":"standard","meta":{"footnotes":"","_share_on_mastodon":"0"},"categories":[20],"tags":[2622,36052,32,1581,346,35,31,34,36,37,38,584,33],"class_list":["post-144927","post","type-post","status-publish","format-standard","has-post-thumbnail","category-novice","tag-bolezen","tag-daveigh-chase","tag-headlines","tag-igralka","tag-los-angeles","tag-najpomembnejse-novice","tag-news","tag-novice","tag-osrednje-novice","tag-slovene","tag-slovenscina","tag-smrt","tag-top-stories"],"share_on_mastodon":{"url":"https:\/\/pubeurope.com\/@si\/116842090162699494","error":""},"_links":{"self":[{"href":"https:\/\/www.europesays.com\/si\/wp-json\/wp\/v2\/posts\/144927","targetHints":{"allow":["GET"]}}],"collection":[{"href":"https:\/\/www.europesays.com\/si\/wp-json\/wp\/v2\/posts"}],"about":[{"href":"https:\/\/www.europesays.com\/si\/wp-json\/wp\/v2\/types\/post"}],"author":[{"embeddable":true,"href":"https:\/\/www.europesays.com\/si\/wp-json\/wp\/v2\/users\/2"}],"replies":[{"embeddable":true,"href":"https:\/\/www.europesays.com\/si\/wp-json\/wp\/v2\/comments?post=144927"}],"version-history":[{"count":0,"href":"https:\/\/www.europesays.com\/si\/wp-json\/wp\/v2\/posts\/144927\/revisions"}],"wp:featuredmedia":[{"embeddable":true,"href":"https:\/\/www.europesays.com\/si\/wp-json\/wp\/v2\/media\/144928"}],"wp:attachment":[{"href":"https:\/\/www.europesays.com\/si\/wp-json\/wp\/v2\/media?parent=144927"}],"wp:term":[{"taxonomy":"category","embeddable":true,"href":"https:\/\/www.europesays.com\/si\/wp-json\/wp\/v2\/categories?post=144927"},{"taxonomy":"post_tag","embeddable":true,"href":"https:\/\/www.europesays.com\/si\/wp-json\/wp\/v2\/tags?post=144927"}],"curies":[{"name":"wp","href":"https:\/\/api.w.org\/{rel}","templated":true}]}}