{"id":146038,"date":"2026-07-01T22:34:10","date_gmt":"2026-07-01T22:34:10","guid":{"rendered":"https:\/\/www.europesays.com\/si\/146038\/"},"modified":"2026-07-01T22:34:10","modified_gmt":"2026-07-01T22:34:10","slug":"nevihte-po-sloveniji-prinesle-toco","status":"publish","type":"post","link":"https:\/\/www.europesays.com\/si\/146038\/","title":{"rendered":"Nevihte po Sloveniji prinesle to\u010do"},"content":{"rendered":"<p>    <img decoding=\"async\" data-lb-desktop=\"\/media\/2026\/07\/01\/843243\/Orig-735393857_1509040237546288_8286921586989287657_n-1200.webp\" data-lb-mobile=\"\/media\/2026\/07\/01\/843243\/Orig-735393857_1509040237546288_8286921586989287657_n-600.webp\" class=\"main-gallery-image se_image_lb\" src=\"https:\/\/www.europesays.com\/si\/wp-content\/uploads\/2026\/07\/Wide-735393857_1509040237546288_8286921586989287657_n-1000.webp\" alt=\"To\u010da. Simboli\u010dna\"\/><\/p>\n<p>To\u010da je danes \u017ee klestila na ve\u010d\u00a0 koncih\u00a0 Slovenije. Foto:\u00a0Meteoinfo\/Nata\u0161a Corn\/FB<\/p>\n<p>Nevihte po Sloveniji prinesle to\u010do<\/p>\n<p>Po Sloveniji so se v \u010detrtek \u0161irile nevihtne celice. Lokalno je prihajalo tudi do to\u010de, podrta pa so bila tudi drevesa.<\/p>\n<p>                        01. 07. 2026, 21.34\n                    <\/p>\n<p> alp\n                    <\/p>\n<p>                        <a href=\"https:\/\/google.com\/preferences\/source?q=dnevnik.si\" class=\"se-author-gps-cta\" target=\"_blank\" rel=\"nofollow noopener\"><br \/>\n                            <img decoding=\"async\" class=\"se-author-gps-cta-badge\" src=\"https:\/\/www.europesays.com\/si\/wp-content\/uploads\/2026\/07\/1782945250_191_dnevnik_gps_badge.png\" alt=\"Google Preferred Sources CTA\"\/><br \/>\n                        <\/a><\/p>\n<p>Za\u010delo se je na jugu in zahodu dr\u017eave.\u00a0&#8220;Nevihte se danes zelo po\u010dasi premikajo, zato lokalno prina\u0161ajo ve\u010djo koli\u010dino de\u017eja in to\u010de,&#8221; so popoldne zapisali pri Meteoinfo Slovenija. &#8220;Neurje s to\u010do se je v kraju Pe\u010dine v ob\u010dini Tolmin obnavljalo ve\u010d kot pol ure in povzro\u010dilo veliko \u0161kode na vrtninah in polj\u0161\u010dinah.&#8221;<\/p>\n<p>Vremensko dogajanje na zahodu Slovenije\u00a0se je nato umirilo, nevihtna aktivnost pa se je v naslednjih urah postopno okrepila predvsem na severovzhodu in vzhodu dr\u017eave. &#8220;Mo\u010dna nevihta je \u017ee zajela obmo\u010dje Turni\u0161\u010da v Prekmurju. Glede na radarske meritve mo\u010dan naliv verjetno spremlja tudi drobna to\u010da,&#8221; so \u0161e zapisali. &#8220;Pove\u010dana verjetnost za nastanek mo\u010dnej\u0161ih neviht bo zve\u010der tudi na Dolenjskem in v Beli krajini, pono\u010di pa se bo najburnej\u0161e dogajanje preselilo nad Primorsko.&#8221;<\/p>\n<p>Nevihtni\u00a0celici\u00a0med Trebnjim in Kamnikom<\/p>\n<p>Nekaj po 20. uri so iz kranjskega regijskega centra za obve\u0161\u010danje Uprave RS za za\u0161\u010dito in re\u0161evanje sporo\u010dili, da sta dve mo\u010dnej\u0161i nevihtni celici nastali na obmo\u010dju med Trebnjim in Kamnikom. Radarski podatki ka\u017eejo na mo\u010dnej\u0161e nalive, verjetna je tudi to\u010da. Nevihti se gibljeta proti jugu oziroma\u00a0jugozahodu. Ob tem je mo\u017eno zastajanje padavinske vode in nara\u0161\u010danje hudourni\u0161kih vodotokov.<\/p>\n<p>O te\u017eavah zaradi podrtih dreves medtem poro\u010dajo iz nekaterih krajev tako na vzhodu kot zahodu dr\u017eave.<\/p>\n<p>    <a class=\"se-card__wrap se-card--link\" href=\"https:\/\/www.dnevnik.si\/novice\/kronika\/neurje-v-dalmaciji-jahta-ostala-brez-sider-in-motorja-jadrnica-trcila-v-skale-2812753\/\" data-upscore-url=\"\" rel=\"nofollow noopener\" target=\"_blank\"><\/p>\n<p>        <img decoding=\"async\" class=\"se-image se-image--card\" src=\"https:\/\/www.europesays.com\/si\/wp-content\/uploads\/2026\/07\/Wide-1262566-400.webp\" alt=\"\ufeff30.10.2018. Valdortra pri Ankaranu.- prevrnjena jadrnica po mo\u010dni nevihti z vetrom. \/\/Foto: Bojan Velikonja\"\/><\/p>\n<p>Pomorski nesre\u010di<\/p>\n<p>Neurje v Dalmaciji: jahta ostala brez sider in motorja, jadrnica tr\u010dila v skale<\/p>\n<p>    <\/a><\/p>\n<p>Oran\u017eno opozorilo za mo\u017enost mo\u010dnej\u0161ih neviht je v veljavi do polno\u010di.\u00a0Zaradi napovedanih neviht je nakupovalno sredi\u0161\u010de Citypark Ljubljana danes pono\u010di odprlo pritli\u010dje svoje gara\u017ene hi\u0161e.<\/p>\n<p>V \u010detrtek manj vro\u010de<\/p>\n<p>V \u010detrtek bo vro\u010dina popustila, s severa pa se bo zjasnilo. Na Primorskem bo pihala \u0161ibka burja. V petek bo son\u010dno, popoldne bodo v notranjosti Slovenije posamezne plohe. V soboto se bo nadaljevalo son\u010dno in suho vreme.<\/p>\n","protected":false},"excerpt":{"rendered":"To\u010da je danes \u017ee klestila na ve\u010d\u00a0 koncih\u00a0 Slovenije. Foto:\u00a0Meteoinfo\/Nata\u0161a Corn\/FB Nevihte po Sloveniji prinesle to\u010do Po Sloveniji&hellip;\n","protected":false},"author":2,"featured_media":146039,"comment_status":"","ping_status":"","sticky":false,"template":"","format":"standard","meta":{"footnotes":"","_share_on_mastodon":"0"},"categories":[6],"tags":[1994,10659,19194,755,2584,59,61,62,761,37,58,60,38,9590,1995,1105],"class_list":["post-146038","post","type-post","status-publish","format-standard","has-post-thumbnail","category-slovenija","tag-arso","tag-hladna-fronta","tag-nevihta","tag-opozorilo","tag-primorska","tag-republic-of-slovenia","tag-republika-slovenija","tag-si","tag-skoda","tag-slovene","tag-slovenia","tag-slovenija","tag-slovenscina","tag-toca","tag-vremenska-napoved","tag-vrocina"],"share_on_mastodon":{"url":"https:\/\/pubeurope.com\/@si\/116847107480497827","error":""},"_links":{"self":[{"href":"https:\/\/www.europesays.com\/si\/wp-json\/wp\/v2\/posts\/146038","targetHints":{"allow":["GET"]}}],"collection":[{"href":"https:\/\/www.europesays.com\/si\/wp-json\/wp\/v2\/posts"}],"about":[{"href":"https:\/\/www.europesays.com\/si\/wp-json\/wp\/v2\/types\/post"}],"author":[{"embeddable":true,"href":"https:\/\/www.europesays.com\/si\/wp-json\/wp\/v2\/users\/2"}],"replies":[{"embeddable":true,"href":"https:\/\/www.europesays.com\/si\/wp-json\/wp\/v2\/comments?post=146038"}],"version-history":[{"count":0,"href":"https:\/\/www.europesays.com\/si\/wp-json\/wp\/v2\/posts\/146038\/revisions"}],"wp:featuredmedia":[{"embeddable":true,"href":"https:\/\/www.europesays.com\/si\/wp-json\/wp\/v2\/media\/146039"}],"wp:attachment":[{"href":"https:\/\/www.europesays.com\/si\/wp-json\/wp\/v2\/media?parent=146038"}],"wp:term":[{"taxonomy":"category","embeddable":true,"href":"https:\/\/www.europesays.com\/si\/wp-json\/wp\/v2\/categories?post=146038"},{"taxonomy":"post_tag","embeddable":true,"href":"https:\/\/www.europesays.com\/si\/wp-json\/wp\/v2\/tags?post=146038"}],"curies":[{"name":"wp","href":"https:\/\/api.w.org\/{rel}","templated":true}]}}