{"id":147479,"date":"2026-07-03T06:47:09","date_gmt":"2026-07-03T06:47:09","guid":{"rendered":"https:\/\/www.europesays.com\/si\/147479\/"},"modified":"2026-07-03T06:47:09","modified_gmt":"2026-07-03T06:47:09","slug":"znanemu-slovencu-zagrozil-da-ga-bo-ubil-in-zakopal-na-pokljuki","status":"publish","type":"post","link":"https:\/\/www.europesays.com\/si\/147479\/","title":{"rendered":"Znanemu Slovencu zagrozil, da ga bo ubil in zakopal na Pokljuki"},"content":{"rendered":"<p>Izvedeli smo, s \u010dim se mu je tako zameril.<\/p>\n<p>V nadaljevanju preberite:<\/p>\n<p>Slovenski vplivne\u017e in vloger Toma\u017e Gorec je razkril, da je po objavi podkasta z Zalo Klop\u010di\u010d prejel grozilna SMS-sporo\u010dila, med njimi tudi gro\u017enjo s smrtjo.<br \/>\nGorec je povedal, da ga gro\u017enje osebno niso prestra\u0161ile, a opozarja, da bi lahko tak\u0161na sporo\u010dila pri kom drugem povzro\u010dila hud strah in stisko.<br \/>\nPodjetnik se je odlo\u010dil poiskati po\u0161iljatelja ter ga izsledil na Gorenjskem, kamor se je odpravil, da bi preveril, ali bo gro\u017enje tudi uresni\u010dil.<\/p>\n<p>Podjetnik, popotnik, fotograf in vloger <a href=\"https:\/\/www.zurnal24.si\/kljucne-besede\/tomaz-gorec-114949\/articles\" rel=\"nofollow noopener\" target=\"_blank\">Toma\u017e Gorec<\/a> nima le obo\u017eevalcev &#8230;<\/p>\n<p>Gorec vodi priljubljen podkast, v katerem gosti ljudi iz vseh \u017eivljenjskih sfer. Pred \u010dasom je bila pri njem\u00a0tudi Zala Klop\u010di\u010d, \u010dlanica podmladka SDS. In ta pogovor je nekoga po imenu Grega tako ujezil, da je za\u010del Gorcu po\u0161iljati grozilna SMS-sporo\u010dila. V enem mu je zagrozil, da ga bo ubil in ga zakopal na Pokljuki, spustil pa se je celo tako nizko, da je v enem od \u0161tevilnih sporo\u010dil\u00a0na nizkoten na\u010din omenil celo Toma\u017eevo mamo.<\/p>\n<p>&#8220;Takih gro\u017eenj se obi\u010dajno ne bojim, ampak\u00a0kaj pa, \u010de ne bi bil tako &#8216;koraj\u017een&#8217; &#8230;&#8221; je za na\u0161 medij povedal Gorec in opozoril, da bi tak\u0161ne besede pri ve\u010dini povzro\u010dile hudo stisko in strah.\u00a0<\/p>\n<p>Znani vplivne\u017e, ki poleg intervjujev objavlja tudi zanimive potovalne vloge, je bil celo tako &#8216;koraj\u017een&#8217;, da je nepridiprava posku\u0161al najti. Izsledil je njegov doma\u010di kraj in se zanj iz Dolenjske zapeljal na Gorenjsko, da bi videl, ali mu &#8220;bo kaj naredil ali ne&#8221;.<\/p>\n<p>Najprej je \u0161el v bistro, kamor naj bi Grega zahajal, nato pa v McDonalds v Lescah, kjer mu je poslal sporo\u010dilo, da ga \u010daka. Ni ga bilo, zato se je Gorec odpeljal \u0161e v Gregov doma\u010di kraj in ga \u010dakal v neki gostilni. Spet mu je poslal sporo\u010dilo, v katerem mu je razlo\u017eil, da \u017eeli osebno opravi\u010dilo, \u010de tega ne bo dobil, pa ga bo prijavil policiji. Spet ga ni do\u010dakal, je pa tam\u00a0naletel na neko dru\u0161\u010dino, ki mu\u00a0je razlo\u017eila, da je imel Grega te\u017eko \u017eivljenje\u00a0in da rad pregloboko pogleda v kozarec.\u00a0&#8220;Izkazalo se je,\u00a0da gre za pijan\u010dka, ki nima drugega dela. Za trenutek se mi je zasmilil, po drugi strani pa &#8230; Tudi jaz imam svoje te\u017eave, pa mi ni vse dovoljeno,&#8221; je \u0161e dejal za \u017durnal24.<\/p>\n<p>V ekskluzivnem videu, ki ga objavljamo spodaj, pa je Gorec povedal, zakaj je sploh odprl to temo. &#8220;Ne morem pustiti, da se vsaka budala dela norce iz mene,&#8221; je dejal in dodal, da se sicer zaveda, da imajo tisti, ki pod objavami pu\u0161\u010dajo grde komentarje, te\u017eave.<br \/>&#8220;Sre\u010den \u010dlovek ne bo pod vsako mojo Facebook\u00a0objavo\u00a0napisal slabega komentarja.&#8221;<\/p>\n<p>To zagotovo dr\u017ei.<\/p>\n","protected":false},"excerpt":{"rendered":"Izvedeli smo, s \u010dim se mu je tako zameril. V nadaljevanju preberite: Slovenski vplivne\u017e in vloger Toma\u017e Gorec&hellip;\n","protected":false},"author":2,"featured_media":147480,"comment_status":"","ping_status":"","sticky":false,"template":"","format":"standard","meta":{"footnotes":"","_share_on_mastodon":"0"},"categories":[18],"tags":[114,4189,62,37,58,60,38,24135,115,5109],"class_list":["post-147479","post","type-post","status-publish","format-standard","has-post-thumbnail","category-zabava","tag-entertainment","tag-groznje","tag-si","tag-slovene","tag-slovenia","tag-slovenija","tag-slovenscina","tag-tomaz-gorec","tag-zabava","tag-zala-klopcic"],"share_on_mastodon":{"url":"https:\/\/pubeurope.com\/@si\/116854708212682690","error":""},"_links":{"self":[{"href":"https:\/\/www.europesays.com\/si\/wp-json\/wp\/v2\/posts\/147479","targetHints":{"allow":["GET"]}}],"collection":[{"href":"https:\/\/www.europesays.com\/si\/wp-json\/wp\/v2\/posts"}],"about":[{"href":"https:\/\/www.europesays.com\/si\/wp-json\/wp\/v2\/types\/post"}],"author":[{"embeddable":true,"href":"https:\/\/www.europesays.com\/si\/wp-json\/wp\/v2\/users\/2"}],"replies":[{"embeddable":true,"href":"https:\/\/www.europesays.com\/si\/wp-json\/wp\/v2\/comments?post=147479"}],"version-history":[{"count":0,"href":"https:\/\/www.europesays.com\/si\/wp-json\/wp\/v2\/posts\/147479\/revisions"}],"wp:featuredmedia":[{"embeddable":true,"href":"https:\/\/www.europesays.com\/si\/wp-json\/wp\/v2\/media\/147480"}],"wp:attachment":[{"href":"https:\/\/www.europesays.com\/si\/wp-json\/wp\/v2\/media?parent=147479"}],"wp:term":[{"taxonomy":"category","embeddable":true,"href":"https:\/\/www.europesays.com\/si\/wp-json\/wp\/v2\/categories?post=147479"},{"taxonomy":"post_tag","embeddable":true,"href":"https:\/\/www.europesays.com\/si\/wp-json\/wp\/v2\/tags?post=147479"}],"curies":[{"name":"wp","href":"https:\/\/api.w.org\/{rel}","templated":true}]}}