{"id":148322,"date":"2026-07-03T21:45:10","date_gmt":"2026-07-03T21:45:10","guid":{"rendered":"https:\/\/www.europesays.com\/si\/148322\/"},"modified":"2026-07-03T21:45:10","modified_gmt":"2026-07-03T21:45:10","slug":"pocitniski-val-je-tu-slovenske-ceste-ze-v-rdecem","status":"publish","type":"post","link":"https:\/\/www.europesays.com\/si\/148322\/","title":{"rendered":"Po\u010ditni\u0161ki val je tu: Slovenske ceste \u017ee v rde\u010dem"},"content":{"rendered":"<p>Ceste so \u017ee v znamenju gne\u010de in zastojev.<\/p>\n<p>Pred nami je prvi julijski konec tedna, ki je tradicionalno \u017ee eden <a href=\"https:\/\/www.zurnal24.si\/avto\/ze-jutri-nase-ceste-v-rdecem-ne-bo-se-umirilo-461518\" rel=\"nofollow noopener\" target=\"_blank\">prometno bolj obremenjeni<\/a>h. Gne\u010de in zastoji \u017ee nastajajo na \u0161tajerski in primorski avtocesti, tam promet dodatno ovira nesre\u010da med Kozino in Kastelcem. Okvara tovornega vozila pa je zaprla tudi vipavsko hitro cesto med Ajdov\u0161\u010dino in Nanosom proti Nanosu.<\/p>\n<p>Zapori vipavske hitre ceste se je mo\u017eno izogniti z obvozom, ki je za osebna vozila mo\u017een po regionalni cesti Ajdov\u0161\u010dina &#8211; Razdrto.<\/p>\n<p>Zaradi nesre\u010de je na primorski avtocesti med Kozino in Kastelcem proti Kopru zaprt prehitevalni pas. Nastal je dalj\u0161i zastoj, poro\u010da prometnoinformacijski center.<\/p>\n<p>Zastoji pa so tudi na ve\u010d koncih dr\u017eave. Na \u0161tajerski avtocesti jih bele\u017eijo med Slovenskimi Konjicami in Golim Rebrom proti Ljubljani, med Celjem vzhod in Pletovarjem proti Mariboru, med Ljubljano in \u0160entjakobom proti Celju.<\/p>\n<p>Na <a href=\"https:\/\/www.zurnal24.si\/avto\/na-primorki-kmalu-novo-veliko-gradbisce-spet-bo-kaoticno-461600\" rel=\"nofollow noopener\" target=\"_blank\">primorski <\/a>avtocesti so zastoji med Ljubljano in Brezovico proti Kopru, med Razdrtim in Postojno proti Ljubljani ter med Uncem in Postojno proti Kopru.<\/p>\n<p>Prav tako so zastoji na ju\u017eni ljubljanski obvoznici med Vi\u010dem in Malencami proti Dolenjski ter med centrom in Kozarjami proti Primorski. Pa tudi na zahodni obvoznici med Brdom in Kozarjami proti Primorski.<\/p>\n<p>Gne\u010do in zastoje imajo tudi na cestah Izola-Strunjan in Lesce-Bled, prav tako na avstrijski strani predora Karavanke proti Sloveniji ter pred \u0160entiljem proti Sloveniji.<\/p>\n<p><a href=\"https:\/\/www.zurnal24.si\/slovenija\/mailto:dezurni@styria-media.si\" rel=\"nofollow noopener\" target=\"_blank\">dezurni@styria-media.si<\/a><\/p>\n","protected":false},"excerpt":{"rendered":"Ceste so \u017ee v znamenju gne\u010de in zastojev. Pred nami je prvi julijski konec tedna, ki je tradicionalno&hellip;\n","protected":false},"author":2,"featured_media":148323,"comment_status":"","ping_status":"","sticky":false,"template":"","format":"standard","meta":{"footnotes":"","_share_on_mastodon":"0"},"categories":[6],"tags":[731,5267,8563,502,37710,827,59,61,62,37,58,60,38,4541],"class_list":["post-148322","post","type-post","status-publish","format-standard","has-post-thumbnail","category-slovenija","tag-avtocesta","tag-dela-na-cesti","tag-gneca","tag-nesreca","tag-pic","tag-promet","tag-republic-of-slovenia","tag-republika-slovenija","tag-si","tag-slovene","tag-slovenia","tag-slovenija","tag-slovenscina","tag-zastoj"],"share_on_mastodon":{"url":"https:\/\/pubeurope.com\/@si\/116858239461088064","error":""},"_links":{"self":[{"href":"https:\/\/www.europesays.com\/si\/wp-json\/wp\/v2\/posts\/148322","targetHints":{"allow":["GET"]}}],"collection":[{"href":"https:\/\/www.europesays.com\/si\/wp-json\/wp\/v2\/posts"}],"about":[{"href":"https:\/\/www.europesays.com\/si\/wp-json\/wp\/v2\/types\/post"}],"author":[{"embeddable":true,"href":"https:\/\/www.europesays.com\/si\/wp-json\/wp\/v2\/users\/2"}],"replies":[{"embeddable":true,"href":"https:\/\/www.europesays.com\/si\/wp-json\/wp\/v2\/comments?post=148322"}],"version-history":[{"count":0,"href":"https:\/\/www.europesays.com\/si\/wp-json\/wp\/v2\/posts\/148322\/revisions"}],"wp:featuredmedia":[{"embeddable":true,"href":"https:\/\/www.europesays.com\/si\/wp-json\/wp\/v2\/media\/148323"}],"wp:attachment":[{"href":"https:\/\/www.europesays.com\/si\/wp-json\/wp\/v2\/media?parent=148322"}],"wp:term":[{"taxonomy":"category","embeddable":true,"href":"https:\/\/www.europesays.com\/si\/wp-json\/wp\/v2\/categories?post=148322"},{"taxonomy":"post_tag","embeddable":true,"href":"https:\/\/www.europesays.com\/si\/wp-json\/wp\/v2\/tags?post=148322"}],"curies":[{"name":"wp","href":"https:\/\/api.w.org\/{rel}","templated":true}]}}