{"id":148340,"date":"2026-07-03T22:20:19","date_gmt":"2026-07-03T22:20:19","guid":{"rendered":"https:\/\/www.europesays.com\/si\/148340\/"},"modified":"2026-07-03T22:20:19","modified_gmt":"2026-07-03T22:20:19","slug":"na-tajskem-umrlo-osem-menihov-ko-se-je-vanje-s-poltovornjakom-zaletel-11-letnik","status":"publish","type":"post","link":"https:\/\/www.europesays.com\/si\/148340\/","title":{"rendered":"Na Tajskem umrlo osem menihov, ko se je vanje s poltovornjakom zaletel 11-letnik"},"content":{"rendered":"<p>\t\t\t\t\t\t\t\t<a href=\"https:\/\/www.europesays.com\/si\/wp-content\/uploads\/2026\/07\/67058135.jpg\" itemprop=\"contentUrl\" data-size=\"1200x800\" data-large=\"https:\/\/www.europesays.com\/si\/wp-content\/uploads\/2026\/07\/67058135.jpg\"><br \/>\n\t\t\t\t\t\t\t\t\t<img decoding=\"async\" src=\"https:\/\/www.europesays.com\/si\/wp-content\/uploads\/2026\/07\/67058135.jpg\" title=\"Prizori\u0161\u010de nesre\u010de. Foto: Reuters\" alt=\"Prizori\u0161\u010de nesre\u010de. Foto: Reuters\"\/><br \/>\n\t\t\t\t\t\t\t\t<\/a><\/p>\n<p>\t\t\t\t\t\t\t\t\tPrizori\u0161\u010de nesre\u010de. Foto: Reuters<\/p>\n<p>\t\t\t\t\t\t\t<a id=\"preferredSourceBanner\" href=\"#\" target=\"_blank\" class=\"d-none align-items-center justify-content-between rounded my-3\" style=\"background-color: #F2F6FC; padding: 10px 15px;\"><br \/>\n\t\t\t\t\t\t<img decoding=\"async\" src=\"https:\/\/img.rtvslo.si\/_static\/novi\/img\/ico-google.svg\" class=\"flex-shrink-0 mr-3\"\/><br \/>\n\t\t\t\t\t\tSpremljajte RTVSLO.si kot prednostni vir na Google<\/p>\n<p>\t\t\t\t\t<\/a><\/p>\n<p>Skupina 35 menihov in petih lai\u010dnih sledilcev je med romanjem hodila ob cesti v provinci Mukdahan, ko se je zgodil incident. Pet menihov je umrlo na prizori\u0161\u010du, \u0161e trije pa pozneje v bolni\u0161nici.<\/p>\n<p>Oglas<\/p>\n<p>Policija je sporo\u010dila, da je de\u010dek poltovornjak svojih star\u0161ev vozil brez dovoljenja, izgubil je nadzor nad vozilom in se zaletel v skupino.<\/p>\n<p>&#8220;Osumljenec je otrok. Vozilo je bilo odpeljano na forenzi\u010dni pregled, da se ugotovi vzrok,&#8221; je sporo\u010dila policija, ki dodaja, da \u0161e vedno ugotavljajo, kak\u0161en je pravni postopek za obravnavo de\u010dka, poro\u010da Al D\u017eazira.<\/p>\n<p>Po prvotnih podatkih naj bi imel otrok posebne potrebe, ve\u010d podrobnosti pa ni.<\/p>\n<p>V bolni\u0161nici v Mukdahanu pozivajo k nujnemu darovanju krvi za pomo\u010d po\u0161kodovanim menihom.<\/p>\n<p>Trije menihi so v kriti\u010dnem stanju, \u0161e pet jih je huje po\u0161kodovanih. Nekaj ljudi pa je utrpelo la\u017eje po\u0161kodbe, so sporo\u010dile zdravstvene oblasti.<\/p>\n<p>Guverner province Mukdahan Vorajan Bunarat je dejal, da bi moral ta primer slu\u017eiti kot \u0161ir\u0161e opozorilo glede cestne varnosti na Tajskem.<\/p>\n<p>Oglas<\/p>\n","protected":false},"excerpt":{"rendered":"Prizori\u0161\u010de nesre\u010de. Foto: Reuters Spremljajte RTVSLO.si kot prednostni vir na Google Skupina 35 menihov in petih lai\u010dnih sledilcev&hellip;\n","protected":false},"author":2,"featured_media":148341,"comment_status":"","ping_status":"","sticky":false,"template":"","format":"standard","meta":{"footnotes":"","_share_on_mastodon":"0"},"categories":[8],"tags":[23365,502,37,38,64,2315,63],"class_list":["post-148340","post","type-post","status-publish","format-standard","has-post-thumbnail","category-svet","tag-menihi","tag-nesreca","tag-slovene","tag-slovenscina","tag-svet","tag-tajska","tag-world"],"share_on_mastodon":{"url":"https:\/\/pubeurope.com\/@si\/116858377245439794","error":""},"_links":{"self":[{"href":"https:\/\/www.europesays.com\/si\/wp-json\/wp\/v2\/posts\/148340","targetHints":{"allow":["GET"]}}],"collection":[{"href":"https:\/\/www.europesays.com\/si\/wp-json\/wp\/v2\/posts"}],"about":[{"href":"https:\/\/www.europesays.com\/si\/wp-json\/wp\/v2\/types\/post"}],"author":[{"embeddable":true,"href":"https:\/\/www.europesays.com\/si\/wp-json\/wp\/v2\/users\/2"}],"replies":[{"embeddable":true,"href":"https:\/\/www.europesays.com\/si\/wp-json\/wp\/v2\/comments?post=148340"}],"version-history":[{"count":0,"href":"https:\/\/www.europesays.com\/si\/wp-json\/wp\/v2\/posts\/148340\/revisions"}],"wp:featuredmedia":[{"embeddable":true,"href":"https:\/\/www.europesays.com\/si\/wp-json\/wp\/v2\/media\/148341"}],"wp:attachment":[{"href":"https:\/\/www.europesays.com\/si\/wp-json\/wp\/v2\/media?parent=148340"}],"wp:term":[{"taxonomy":"category","embeddable":true,"href":"https:\/\/www.europesays.com\/si\/wp-json\/wp\/v2\/categories?post=148340"},{"taxonomy":"post_tag","embeddable":true,"href":"https:\/\/www.europesays.com\/si\/wp-json\/wp\/v2\/tags?post=148340"}],"curies":[{"name":"wp","href":"https:\/\/api.w.org\/{rel}","templated":true}]}}