{"id":148679,"date":"2026-07-04T07:23:11","date_gmt":"2026-07-04T07:23:11","guid":{"rendered":"https:\/\/www.europesays.com\/si\/148679\/"},"modified":"2026-07-04T07:23:11","modified_gmt":"2026-07-04T07:23:11","slug":"danes-in-v-nedeljo-zapora-osrednjega-dela-ljubljanske-zelezniske-postaje","status":"publish","type":"post","link":"https:\/\/www.europesays.com\/si\/148679\/","title":{"rendered":"Danes in v nedeljo zapora osrednjega dela ljubljanske \u017eelezni\u0161ke postaje"},"content":{"rendered":"<p>    <img decoding=\"async\" data-lb-desktop=\"\/media\/2026\/07\/04\/843858\/Orig-IMG_2965-1200.webp\" data-lb-mobile=\"\/media\/2026\/07\/04\/843858\/Orig-IMG_2965-600.webp\" class=\"main-gallery-image se_image_lb\" src=\"https:\/\/www.europesays.com\/si\/wp-content\/uploads\/2026\/07\/Wide-IMG_2965-1000.webp\" alt=\"- 28.04.2026 - gradbi\u0161\u010de Emonika, \u017eelezni\u0161ka postaja\/\/FOTO: Jaka Gasar\"\/><\/p>\n<p>Gradbi\u0161\u010de stolpnice Emonika in\u00a0\u017eelezni\u0161ke\u00a0postaje. Foto:\u00a0Jaka Gasar<\/p>\n<p>Danes in v nedeljo zapora osrednjega dela ljubljanske \u017eelezni\u0161ke postaje<\/p>\n<p>Osrednji del ljubljanske \u017eelezni\u0161ke postaje bo zaradi obse\u017enih del danes in nedeljo popolnoma zaprt, \u017eelezni\u0161ki promet pa bo po vsej Sloveniji prilagojen. Nadomestni avtobusi bodo ustavljali na \u017eelezni\u0161ki postaji Ljubljana na plo\u0161\u010dadi ob tiru 1. V ponedeljek zjutraj bo postaja znova odprta, so sporo\u010dili iz Slovenskih \u017eeleznic.<\/p>\n<p>                        04. 07. 2026, 08.40\n                    <\/p>\n<p> jk, sta\n                    <\/p>\n<p>                        <a href=\"https:\/\/google.com\/preferences\/source?q=dnevnik.si\" class=\"se-author-gps-cta\" target=\"_blank\" rel=\"nofollow noopener\"><br \/>\n                            <img decoding=\"async\" class=\"se-author-gps-cta-badge\" src=\"https:\/\/www.europesays.com\/si\/wp-content\/uploads\/2026\/07\/1783149791_883_dnevnik_gps_badge.png\" alt=\"Google Preferred Sources CTA\"\/><br \/>\n                        <\/a><\/p>\n<p>Na progi Ljubljana-Kamnik Graben bo na relaciji Ljubljana-Ljubljana \u0160i\u0161ka in obratno danes organiziran nadomestni avtobusni prevoz za vse vlake.<\/p>\n<p>Na progi Ljubljana-Jesenice-Beljak bo za vse povezave danes in v nedeljo organiziran nadomestni avtobusni prevoz na relaciji Ljubljana-Ljubljana Vi\u017emarje in obratno. No\u010dni vlak EN 414\/415 bo vozil po obvozni poti Zidani Most-Maribor-Gradec.<\/p>\n<p>Za vse vlake proti Primorski bo na relaciji Ljubljana-Borovnica in obratno danes in v nedeljo prav tako organiziran nadomestni avtobusni prevoz.<\/p>\n<p>Vlaki proti \u0160tajerski na progi Ljubljana-Zidani Most-Maribor\/Dobova bodo vozili do oziroma z za\u010dasnih peronov ob kri\u017ei\u0161\u010du Masarykove ceste in Njego\u0161eve ulice (tiri 95, 96, 97 in 98). Za del povezav bo na relaciji Ljubljana-Ljubljana Zalog organiziran nadomestni avtobusni prevoz. Tudi ti avtobusi bodo vozili s plo\u0161\u010dadi ob tiru 1 tik ob \u017eelezni\u0161ki postaji.<\/p>\n<p>Za potnike v tranzitu, ki se bodo ta konec tedna z vlakom pripeljali do Ljubljane in bodo pot nato nadaljevali proti Jesenicam ali Diva\u010di oziroma v obratni smeri, bo organiziran nadomestni avtobusni prevoz takoj po izstopu z vlaka na za\u010dasnih peronih (tiri 95, 96, 97 in 98).<\/p>\n<p>Za vse sezonske vlake oz. no\u010dne vlake iz Budimpe\u0161te in Var\u0161ave ter obratno, ki bodo ta konec tedna vozili do Kopra oziroma Reke, bo organiziran direkten nadomestni avtobusni prevoz. V Slovenskih \u017eeleznicah potnike ob tem opozarjajo, da bodo nadomestni avtobusni prevozi na obeh relacijah vozili direktno in ne bodo ustavljali na vmesnih postajah.<\/p>\n<p>Na Slovenskih \u017eeleznicah potnikom priporo\u010dajo, da pred odhodom preverijo najnovej\u0161e informacije o svoji relaciji in pri na\u010drtovanju poti upo\u0161tevajo spremembe. Vse podrobnosti o spremembah voznega reda in organizaciji prevozov sproti objavljajo na svoji spletni strani.<\/p>\n<p>    <a class=\"se-card__wrap se-card--link\" href=\"https:\/\/www.dnevnik.si\/nedeljski\/aktualno\/resnicni-kaos-v-ljubljani-kako-se-turisti-ujamejo-v-past-skrivnostnega-tira-94-2805502\/\" data-upscore-url=\"\" rel=\"nofollow noopener\" target=\"_blank\"><\/p>\n<p>        <img decoding=\"async\" class=\"se-image se-image--card\" src=\"https:\/\/www.europesays.com\/si\/wp-content\/uploads\/2026\/07\/Wide-PXL_20260529_061828263-400.webp\" alt=\"Znak za tir 94 danes zjutraj. Potnike po\u0161ilja v sredi\u0161\u010de mesta. Na drugi strani ceste je pa podobno. Nih\u010de se ne potrdi, da bi znake prekril, pre\u010drtal ali kakorkoli popravil. \/ Foto: Daf\"\/><\/p>\n<p>DRUGA\u010cEN POGLED<\/p>\n<p>Resni\u010dni kaos v Ljubljani: kako se turisti ujamejo v past skrivnostnega tira 94<\/p>\n<p>    <\/a><\/p>\n","protected":false},"excerpt":{"rendered":"Gradbi\u0161\u010de stolpnice Emonika in\u00a0\u017eelezni\u0161ke\u00a0postaje. Foto:\u00a0Jaka Gasar Danes in v nedeljo zapora osrednjega dela ljubljanske \u017eelezni\u0161ke postaje Osrednji del&hellip;\n","protected":false},"author":2,"featured_media":148680,"comment_status":"","ping_status":"","sticky":false,"template":"","format":"standard","meta":{"footnotes":"","_share_on_mastodon":"0"},"categories":[21],"tags":[204,164,124,31508,39734,2584,31136,62,37,58,60,38,4511,1172,589],"class_list":["post-148679","post","type-post","status-publish","format-standard","has-post-thumbnail","category-ljubljana","tag-jesenice","tag-kamnik","tag-ljubljana","tag-nadomestni-avtobusni-prevoz","tag-potniski-prevoz","tag-primorska","tag-prometne-spremembe","tag-si","tag-slovene","tag-slovenia","tag-slovenija","tag-slovenscina","tag-slovenske-zeleznice","tag-stajerska","tag-zelezniski-promet"],"share_on_mastodon":{"url":"https:\/\/pubeurope.com\/@si\/116860512551244465","error":""},"_links":{"self":[{"href":"https:\/\/www.europesays.com\/si\/wp-json\/wp\/v2\/posts\/148679","targetHints":{"allow":["GET"]}}],"collection":[{"href":"https:\/\/www.europesays.com\/si\/wp-json\/wp\/v2\/posts"}],"about":[{"href":"https:\/\/www.europesays.com\/si\/wp-json\/wp\/v2\/types\/post"}],"author":[{"embeddable":true,"href":"https:\/\/www.europesays.com\/si\/wp-json\/wp\/v2\/users\/2"}],"replies":[{"embeddable":true,"href":"https:\/\/www.europesays.com\/si\/wp-json\/wp\/v2\/comments?post=148679"}],"version-history":[{"count":0,"href":"https:\/\/www.europesays.com\/si\/wp-json\/wp\/v2\/posts\/148679\/revisions"}],"wp:featuredmedia":[{"embeddable":true,"href":"https:\/\/www.europesays.com\/si\/wp-json\/wp\/v2\/media\/148680"}],"wp:attachment":[{"href":"https:\/\/www.europesays.com\/si\/wp-json\/wp\/v2\/media?parent=148679"}],"wp:term":[{"taxonomy":"category","embeddable":true,"href":"https:\/\/www.europesays.com\/si\/wp-json\/wp\/v2\/categories?post=148679"},{"taxonomy":"post_tag","embeddable":true,"href":"https:\/\/www.europesays.com\/si\/wp-json\/wp\/v2\/tags?post=148679"}],"curies":[{"name":"wp","href":"https:\/\/api.w.org\/{rel}","templated":true}]}}