{"id":149859,"date":"2026-07-05T14:14:10","date_gmt":"2026-07-05T14:14:10","guid":{"rendered":"https:\/\/www.europesays.com\/si\/149859\/"},"modified":"2026-07-05T14:14:10","modified_gmt":"2026-07-05T14:14:10","slug":"roman-vodeb-brez-obotavljanja-udaril-po-slovenskem-podjetniku-razlog-je-hcerka-pravi-moski-cesa-takega-nikoli-ne-bi-naredil-video","status":"publish","type":"post","link":"https:\/\/www.europesays.com\/si\/149859\/","title":{"rendered":"Roman Vodeb brez obotavljanja udaril po slovenskem podjetniku, razlog je h\u010derka: \u00bbPravi mo\u0161ki \u010desa takega nikoli ne bi naredil\u00ab (VIDEO)"},"content":{"rendered":"<p>Gorec je v pogovoru spregovoril tudi o svojih izku\u0161njah z \u017eenskami in mnenju o njih, odnosih in \u017eivljenjskih odlo\u010ditvah, ki so vplivale tudi na njegov odnos z dru\u017eino. Kot je povedal, je imel v preteklosti ve\u010d razmerij, ki pa se niso razvila v dolgotrajne zveze.<\/p>\n<p>V podkastu javnosti prizna tudi, da ima 25-letno h\u010derko, ki jo je spo\u010del z natakarico, zaposleno v njegovi diskoteki. Nose\u010dnost naj bi izvedel \u0161ele v sedmem mesecu, ko ga je o tem obvestila njena dru\u017eina. Po njegovih besedah je bil ob novici \u0161okiran in nepripravljen na o\u010detovstvo, saj takrat ni na\u010drtoval dru\u017eine. Povedal je tudi, da je bil odnos z materjo njegove h\u010derke konflikten in da se je po\u010dutil pod pritiskom, kar je vplivalo na njegove kasnej\u0161e odlo\u010ditve.<\/p>\n<p>Pustil ju je sami<\/p>\n<p>Gorec je v isti sapi tudi pojasnil, da se po rojstvu h\u010derke ni odlo\u010dil za aktivno vlogo v njenem \u017eivljenju. Po njegovih besedah je do tega pri\u0161lo zaradi osebnih ob\u010dutkov prevaranosti in slabih odnosov z njeno materjo. Kasneje sta imela sicer nekaj stikov,\u00a0h\u010di naj bi mu v najstni\u0161kih letih celo poslala pro\u0161njo za prijateljstvo na Facebooku, vendar se odnos nikoli ni zares poglobil. Danes, na starej\u0161a leta, nekatere svoje odlo\u010ditve ob\u017ealuje. Poudaril je, da bi v preteklosti ravnal druga\u010de, \u010de bi imel mo\u017enost ponovitve. Ob tem je dodal, da mu je \u017eal, da nima bolj stabilnega dru\u017einskega \u017eivljenja.<\/p>\n<p>\u00bbKupi ji vsaj novega Cliota\u00ab<\/p>\n<p>Zgodbo je v svojem nedavnem obisku, prav tako pri Davidu, komentiral tudi psihoanalitik Roman Vodeb. V\u00a0svojem zna\u010dilnem neposrednem slogu izrazil mo\u010dno kriti\u010dno stali\u0161\u010de do Gor\u010devega ravnanja. Njegov komentar je bil kratek, a zelo oster:\u00a0\u00bbPravi mo\u0161ki svoji h\u010deri tega nikdar ne bi storil\u00ab.<\/p>\n<p>Ob tem je poudaril, da je svoje mnenje jasno povedal tudi \u017ee Gorcu samemu, o katerem nima najbolj\u0161ega mnenja. V preteklosti so se njune poti \u017ee kri\u017eale, in vse, kar meni, da mu lahko na tej to\u010dki svetuje je, naj ji vsaj kupi novega Cliota.<\/p>\n","protected":false},"excerpt":{"rendered":"Gorec je v pogovoru spregovoril tudi o svojih izku\u0161njah z \u017eenskami in mnenju o njih, odnosih in \u017eivljenjskih&hellip;\n","protected":false},"author":2,"featured_media":149860,"comment_status":"","ping_status":"","sticky":false,"template":"","format":"standard","meta":{"footnotes":"","_share_on_mastodon":"0"},"categories":[20],"tags":[32,35,31,34,36,909,39956,37,38,24135,33],"class_list":["post-149859","post","type-post","status-publish","format-standard","has-post-thumbnail","category-novice","tag-headlines","tag-najpomembnejse-novice","tag-news","tag-novice","tag-osrednje-novice","tag-podkast","tag-roman-vodeb","tag-slovene","tag-slovenscina","tag-tomaz-gorec","tag-top-stories"],"share_on_mastodon":{"url":"https:\/\/pubeurope.com\/@si\/116867790392345257","error":""},"_links":{"self":[{"href":"https:\/\/www.europesays.com\/si\/wp-json\/wp\/v2\/posts\/149859","targetHints":{"allow":["GET"]}}],"collection":[{"href":"https:\/\/www.europesays.com\/si\/wp-json\/wp\/v2\/posts"}],"about":[{"href":"https:\/\/www.europesays.com\/si\/wp-json\/wp\/v2\/types\/post"}],"author":[{"embeddable":true,"href":"https:\/\/www.europesays.com\/si\/wp-json\/wp\/v2\/users\/2"}],"replies":[{"embeddable":true,"href":"https:\/\/www.europesays.com\/si\/wp-json\/wp\/v2\/comments?post=149859"}],"version-history":[{"count":0,"href":"https:\/\/www.europesays.com\/si\/wp-json\/wp\/v2\/posts\/149859\/revisions"}],"wp:featuredmedia":[{"embeddable":true,"href":"https:\/\/www.europesays.com\/si\/wp-json\/wp\/v2\/media\/149860"}],"wp:attachment":[{"href":"https:\/\/www.europesays.com\/si\/wp-json\/wp\/v2\/media?parent=149859"}],"wp:term":[{"taxonomy":"category","embeddable":true,"href":"https:\/\/www.europesays.com\/si\/wp-json\/wp\/v2\/categories?post=149859"},{"taxonomy":"post_tag","embeddable":true,"href":"https:\/\/www.europesays.com\/si\/wp-json\/wp\/v2\/tags?post=149859"}],"curies":[{"name":"wp","href":"https:\/\/api.w.org\/{rel}","templated":true}]}}