{"id":149885,"date":"2026-07-05T14:52:10","date_gmt":"2026-07-05T14:52:10","guid":{"rendered":"https:\/\/www.europesays.com\/si\/149885\/"},"modified":"2026-07-05T14:52:10","modified_gmt":"2026-07-05T14:52:10","slug":"mehicani-vrnili-luksuzne-ure-siol-net","status":"publish","type":"post","link":"https:\/\/www.europesays.com\/si\/149885\/","title":{"rendered":"Mehi\u010dani vrnili luksuzne ure &#8211; siol.net"},"content":{"rendered":"<p>Mehi\u0161ki nogometa\u0161i so morali vrniti luksuzne ure, ki jim jih je podaril ustvarjalec vsebin in vplivne\u017e Stevewilldoit, poro\u010da BBC.<\/p>\n<p>Ameri\u0161ki YouTuber po imenu\u00a0Stephen Deleonardis\u00a0je za darilo, luksuzno uro Rolex, za vsakega mehi\u0161kega nogometa\u0161a in \u010dlana osebja porabil milijon ameri\u0161kih dolarjev, poro\u010da BBC.\u00a0<\/p>\n<p>A Mehi\u010dani njegovega darila\u00a0ne bodo smeli uporabljati. Ure, ki jim je podaril v ponedeljek, preden so v \u0161estnajstni finala izlo\u010dili Ekvador, so morali vrniti.\u00a0<\/p>\n<p>Razlog je v\u00a0eti\u010dnem\u00a0kodeksu FIFA, ki omejuje sprejemanje\u00a0daril. Ta se lahko ponudijo ali sprejmejo le, \u010de &#8220;imajo simboli\u010dno ali nepomembno vrednost&#8221;.<\/p>\n<p>Na uradnem dru\u017ebenem omre\u017eju mehi\u0161ke zveze so sporo\u010dili, da so se\u00a0Mehi\u010dani\u00a0&#8220;po medsebojnem dogovoru&#8221; odlo\u010dili vrniti ure, ki jim jih\u00a0je Stevewilldoit podaril &#8220;na lastno pobudo&#8221;.<\/p>\n<p>Mehi\u010dane v no\u010di na ponedeljek po slovenskem \u010dasu \u010daka tekma osmine finala proti Angle\u017eem.<\/p>\n","protected":false},"excerpt":{"rendered":"Mehi\u0161ki nogometa\u0161i so morali vrniti luksuzne ure, ki jim jih je podaril ustvarjalec vsebin in vplivne\u017e Stevewilldoit, poro\u010da&hellip;\n","protected":false},"author":2,"featured_media":149886,"comment_status":"","ping_status":"","sticky":false,"template":"","format":"standard","meta":{"footnotes":"","_share_on_mastodon":"0"},"categories":[20],"tags":[32,1055,35,31,34,36,37,38,11282,15547,33,14653],"class_list":["post-149885","post","type-post","status-publish","format-standard","has-post-thumbnail","category-novice","tag-headlines","tag-mehika","tag-najpomembnejse-novice","tag-news","tag-novice","tag-osrednje-novice","tag-slovene","tag-slovenscina","tag-sp-2026","tag-sp-2026-v-nogometu","tag-top-stories","tag-ura"],"share_on_mastodon":{"url":"https:\/\/pubeurope.com\/@si\/116867940111509246","error":""},"_links":{"self":[{"href":"https:\/\/www.europesays.com\/si\/wp-json\/wp\/v2\/posts\/149885","targetHints":{"allow":["GET"]}}],"collection":[{"href":"https:\/\/www.europesays.com\/si\/wp-json\/wp\/v2\/posts"}],"about":[{"href":"https:\/\/www.europesays.com\/si\/wp-json\/wp\/v2\/types\/post"}],"author":[{"embeddable":true,"href":"https:\/\/www.europesays.com\/si\/wp-json\/wp\/v2\/users\/2"}],"replies":[{"embeddable":true,"href":"https:\/\/www.europesays.com\/si\/wp-json\/wp\/v2\/comments?post=149885"}],"version-history":[{"count":0,"href":"https:\/\/www.europesays.com\/si\/wp-json\/wp\/v2\/posts\/149885\/revisions"}],"wp:featuredmedia":[{"embeddable":true,"href":"https:\/\/www.europesays.com\/si\/wp-json\/wp\/v2\/media\/149886"}],"wp:attachment":[{"href":"https:\/\/www.europesays.com\/si\/wp-json\/wp\/v2\/media?parent=149885"}],"wp:term":[{"taxonomy":"category","embeddable":true,"href":"https:\/\/www.europesays.com\/si\/wp-json\/wp\/v2\/categories?post=149885"},{"taxonomy":"post_tag","embeddable":true,"href":"https:\/\/www.europesays.com\/si\/wp-json\/wp\/v2\/tags?post=149885"}],"curies":[{"name":"wp","href":"https:\/\/api.w.org\/{rel}","templated":true}]}}