{"id":150857,"date":"2026-07-06T14:00:08","date_gmt":"2026-07-06T14:00:08","guid":{"rendered":"https:\/\/www.europesays.com\/si\/150857\/"},"modified":"2026-07-06T14:00:08","modified_gmt":"2026-07-06T14:00:08","slug":"celje-prehiter-in-vinjen-novice-si","status":"publish","type":"post","link":"https:\/\/www.europesays.com\/si\/150857\/","title":{"rendered":"CELJE Prehiter in vinjen &#8211; Novice.si"},"content":{"rendered":"<p>&#13;<br \/>\n        &#13;<br \/>\n&#13;<br \/>\n        &#13;<br \/>\n&#13;<\/p>\n<p>Celjski prometni policisti so na avtocesti v petek zve\u010der ustavili voznika osebnega vozila, ki je vozil s 171 kilometri na uro.<\/p>\n<p><img fetchpriority=\"high\" decoding=\"async\" class=\"wp-image-203473 alignleft\" src=\"https:\/\/www.europesays.com\/si\/wp-content\/uploads\/2026\/07\/alkotest.jpg\" alt=\"\" width=\"243\" height=\"289\"  \/>Alkotest je pokazal, da je to po\u010del tudi precej vinjen, saj smo mu izmerili 0,83 miligramov.<\/p>\n<p>Za hitrost so mu izrekli 1200 evrov globe in pripisali 18 kazenskih to\u010dk, zavoljo alkohola pa so mu odvzeli vozni\u0161ko, napisali bodo \u0161e obdol\u017eilni predlog na pristojno sodi\u0161\u010de.<\/p>\n<p>\u00bbPolicisti znova opozarjamo, da sta previsoka hitrost ter vo\u017enja pod vplivom alkohola med najpogostej\u0161imi vzroki za nastanek najhuj\u0161ih prometnih nesre\u010d. Obe kr\u0161itvi bistveno zmanj\u0161ujeta voznikovo sposobnost varne vo\u017enje ter pove\u010dujeta tveganje za prometne nesre\u010de z najhuj\u0161imi posledicami\u00ab, so \u0161e navedli.<\/p>\n<p>RSP, foto PPP Celje<\/p>\n<p>        &#13;<br \/>\n&#13;<br \/>\n&#13;<br \/>\n        &#13;<br \/>\n                        &#13;<br \/>\n            &#13;<br \/>\n&#13;<br \/>\n                                    \t                &#13;<br \/>\n&#13;<\/p>\n","protected":false},"excerpt":{"rendered":"&#13; &#13; &#13; &#13; &#13; Celjski prometni policisti so na avtocesti v petek zve\u010der ustavili voznika osebnega vozila,&hellip;\n","protected":false},"author":2,"featured_media":150858,"comment_status":"","ping_status":"","sticky":false,"template":"","format":"standard","meta":{"footnotes":"","_share_on_mastodon":"0"},"categories":[23],"tags":[1675,731,162,5129,3359,40143,9448,62,37,58,60,38],"class_list":["post-150857","post","type-post","status-publish","format-standard","has-post-thumbnail","category-celje","tag-alkohol","tag-avtocesta","tag-celje","tag-globa","tag-odvzem-vozniske","tag-ppp-celje","tag-prekoracitev-hitrosti","tag-si","tag-slovene","tag-slovenia","tag-slovenija","tag-slovenscina"],"share_on_mastodon":{"url":"https:\/\/pubeurope.com\/@si\/116873398056436548","error":""},"_links":{"self":[{"href":"https:\/\/www.europesays.com\/si\/wp-json\/wp\/v2\/posts\/150857","targetHints":{"allow":["GET"]}}],"collection":[{"href":"https:\/\/www.europesays.com\/si\/wp-json\/wp\/v2\/posts"}],"about":[{"href":"https:\/\/www.europesays.com\/si\/wp-json\/wp\/v2\/types\/post"}],"author":[{"embeddable":true,"href":"https:\/\/www.europesays.com\/si\/wp-json\/wp\/v2\/users\/2"}],"replies":[{"embeddable":true,"href":"https:\/\/www.europesays.com\/si\/wp-json\/wp\/v2\/comments?post=150857"}],"version-history":[{"count":0,"href":"https:\/\/www.europesays.com\/si\/wp-json\/wp\/v2\/posts\/150857\/revisions"}],"wp:featuredmedia":[{"embeddable":true,"href":"https:\/\/www.europesays.com\/si\/wp-json\/wp\/v2\/media\/150858"}],"wp:attachment":[{"href":"https:\/\/www.europesays.com\/si\/wp-json\/wp\/v2\/media?parent=150857"}],"wp:term":[{"taxonomy":"category","embeddable":true,"href":"https:\/\/www.europesays.com\/si\/wp-json\/wp\/v2\/categories?post=150857"},{"taxonomy":"post_tag","embeddable":true,"href":"https:\/\/www.europesays.com\/si\/wp-json\/wp\/v2\/tags?post=150857"}],"curies":[{"name":"wp","href":"https:\/\/api.w.org\/{rel}","templated":true}]}}