{"id":151968,"date":"2026-07-07T13:23:13","date_gmt":"2026-07-07T13:23:13","guid":{"rendered":"https:\/\/www.europesays.com\/si\/151968\/"},"modified":"2026-07-07T13:23:13","modified_gmt":"2026-07-07T13:23:13","slug":"osrednji-in-juzni-del-kitajske-prizadela-neurja-umrlo-vec-ljudi-nekaj-je-pogresanih","status":"publish","type":"post","link":"https:\/\/www.europesays.com\/si\/151968\/","title":{"rendered":"Osrednji in ju\u017eni del Kitajske prizadela neurja. Umrlo ve\u010d ljudi, nekaj je pogre\u0161anih."},"content":{"rendered":"<p>\t\t\t\t\t\t\t\t<a href=\"https:\/\/www.europesays.com\/si\/wp-content\/uploads\/2026\/07\/67059330.jpg\" itemprop=\"contentUrl\" data-size=\"1200x800\" data-large=\"https:\/\/www.europesays.com\/si\/wp-content\/uploads\/2026\/07\/67059330.jpg\"><br \/>\n\t\t\t\t\t\t\t\t\t<img decoding=\"async\" src=\"https:\/\/www.europesays.com\/si\/wp-content\/uploads\/2026\/07\/67059330.jpg\" title=\"Tornado v Hubeju. Foto: Reuters\" alt=\"Tornado v Hubeju. Foto: Reuters\"\/><br \/>\n\t\t\t\t\t\t\t\t<\/a><\/p>\n<p>\t\t\t\t\t\t\t\t\tTornado v Hubeju. Foto: Reuters<\/p>\n<p>\t\t\t\t\t\t\t<a id=\"preferredSourceBanner\" href=\"#\" target=\"_blank\" class=\"d-none align-items-center justify-content-between rounded my-3\" style=\"background-color: #F2F6FC; padding: 10px 15px;\"><br \/>\n\t\t\t\t\t\t<img decoding=\"async\" src=\"https:\/\/img.rtvslo.si\/_static\/novi\/img\/ico-google.svg\" class=\"flex-shrink-0 mr-3\"\/><br \/>\n\t\t\t\t\t\tSpremljajte RTVSLO.si kot prednostni vir na Google<\/p>\n<p>\t\t\t\t\t<\/a><\/p>\n<p>\u0160tevilna obmo\u010dja v osrednji pokrajini Hubej so v ponedeljek po poro\u010danju kitajske tiskovne agencije \u0160inhua zajeli &#8220;hudi konveksni vremenski pojavi&#8221;, ki so zahtevali najmanj 11 smrtnih \u017ertev in 331 ranjenih, en \u010dlovek je pogre\u0161an.<\/p>\n<p>Oglas<\/p>\n<p>Po navedbah kitajske televizije CCTV so neurja z mo\u010dnim vetrom zajela mesta, med njimi Huang\u0161i in Huangang, ponekod so poro\u010dali tudi o tornadih. Po\u0161kodovanih je 4800 hi\u0161, od tega se jih je 22 poru\u0161ilo.<\/p>\n<p>Mo\u010dno de\u017eevje in poplave, ki jih je povzro\u010dil tajfun Majsak, so medtem v ju\u017eni pokrajini Guang\u0161i terjali \u0161tiri smrtne \u017ertve, osem ljudi je pogre\u0161anih.<\/p>\n<p>Oblasti so od ponedeljka zve\u010der odredile evakuacijo za najmanj 50.000 tamkaj\u0161njih prebivalcev. Na obmo\u010dju so delno pod vodo domovi in vozila, v tamkaj\u0161njem glavnem mestu Naning se je poru\u0161ilo ve\u010d jezov, pri\u0161lo je do izpadov elektri\u010dnega toka.<\/p>\n<p>Re\u0161evalci na prizadetih obmo\u010djih z napihljivimi \u010dolni i\u0161\u010dejo pogre\u0161ane.<\/p>\n<p>V eni od vasi v okro\u017eju Hendg\u017eou v Guang\u0161iju je v ponedeljek pobegnilo od 800 do 900 ka\u010d, potem ko je voda odnesla tamkaj\u0161njo farmo za gojenje, so poro\u010dali kitajski mediji.<\/p>\n<p>Videoposnetek, ki prikazuje va\u0161\u010dane, kako sku\u0161ajo pani\u010dno ujeti ka\u010de, ki plavajo naokoli, je postal viralen, ogledalo si ga je ve\u010d milijonov ljudi.<\/p>\n<p>V severni pokrajini Gansu pa je zemeljski plaz v vasi blizu mesta Longnan zjutraj zasul 33 ljudi, pri \u010demer je umrlo pet ljudi. Re\u0161evalci po poro\u010danju \u0160inhue \u0161e i\u0161\u010dejo 12 pogre\u0161anih. Re\u0161evalne ekipe so sprva na\u0161le 21 ljudi, vendar jih je pet umrlo kljub zdravni\u0161kim prizadevanjem, je poro\u010dala \u0160inhua.<\/p>\n<p>Kitajski predsednik \u0160i D\u017einping je medtem pozval k re\u0161evanju z vsemi razpolo\u017eljivimi sredstvi. Poudaril je, da je &#8220;treba storiti vse, da se organizirajo re\u0161evalne akcije v sili, zdravijo po\u0161kodovani, preselijo prizadeti prebivalci ter u\u010dinkovito izvaja delo za prepre\u010devanje nesre\u010d in ponujanje pomo\u010di&#8221;, \u0161e navaja CCTV.<\/p>\n<p>Kitajska se sicer od sredine maja v osrednjem in ju\u017enem delu dr\u017eave spopada z obilnimi padavinami. Ju\u017eni del dr\u017eave je v petek zajel \u0161e tajfun Majsak.<\/p>\n<p>Dr\u017eava je v pripravljenosti tudi zaradi supertajfuna Bavi, ki se pomika \u010dez Tihi ocean proti Tajvanu. Ameri\u0161ka vremenska slu\u017eba je poro\u010dala, da je tajfun v ponedeljek, ko je pre\u010dkal Guam in Marijansko oto\u010dje, prinesel vetrove s hitrostjo do 290 kilometrov na uro.<\/p>\n<p>Oglas<\/p>\n","protected":false},"excerpt":{"rendered":"Tornado v Hubeju. Foto: Reuters Spremljajte RTVSLO.si kot prednostni vir na Google \u0160tevilna obmo\u010dja v osrednji pokrajini Hubej&hellip;\n","protected":false},"author":2,"featured_media":151969,"comment_status":"","ping_status":"","sticky":false,"template":"","format":"standard","meta":{"footnotes":"","_share_on_mastodon":"0"},"categories":[8],"tags":[40386,40385,911,782,37,38,64,63],"class_list":["post-151968","post","type-post","status-publish","format-standard","has-post-thumbnail","category-svet","tag-guangsi","tag-hubei","tag-kitajska","tag-neurje","tag-slovene","tag-slovenscina","tag-svet","tag-world"],"share_on_mastodon":{"url":"https:\/\/pubeurope.com\/@si\/116878914663861433","error":""},"_links":{"self":[{"href":"https:\/\/www.europesays.com\/si\/wp-json\/wp\/v2\/posts\/151968","targetHints":{"allow":["GET"]}}],"collection":[{"href":"https:\/\/www.europesays.com\/si\/wp-json\/wp\/v2\/posts"}],"about":[{"href":"https:\/\/www.europesays.com\/si\/wp-json\/wp\/v2\/types\/post"}],"author":[{"embeddable":true,"href":"https:\/\/www.europesays.com\/si\/wp-json\/wp\/v2\/users\/2"}],"replies":[{"embeddable":true,"href":"https:\/\/www.europesays.com\/si\/wp-json\/wp\/v2\/comments?post=151968"}],"version-history":[{"count":0,"href":"https:\/\/www.europesays.com\/si\/wp-json\/wp\/v2\/posts\/151968\/revisions"}],"wp:featuredmedia":[{"embeddable":true,"href":"https:\/\/www.europesays.com\/si\/wp-json\/wp\/v2\/media\/151969"}],"wp:attachment":[{"href":"https:\/\/www.europesays.com\/si\/wp-json\/wp\/v2\/media?parent=151968"}],"wp:term":[{"taxonomy":"category","embeddable":true,"href":"https:\/\/www.europesays.com\/si\/wp-json\/wp\/v2\/categories?post=151968"},{"taxonomy":"post_tag","embeddable":true,"href":"https:\/\/www.europesays.com\/si\/wp-json\/wp\/v2\/tags?post=151968"}],"curies":[{"name":"wp","href":"https:\/\/api.w.org\/{rel}","templated":true}]}}