{"id":152265,"date":"2026-07-07T19:14:11","date_gmt":"2026-07-07T19:14:11","guid":{"rendered":"https:\/\/www.europesays.com\/si\/152265\/"},"modified":"2026-07-07T19:14:11","modified_gmt":"2026-07-07T19:14:11","slug":"po-avtocesti-vozil-194-kilometrov-na-uro-in-dobil-1-290-evrov-globe","status":"publish","type":"post","link":"https:\/\/www.europesays.com\/si\/152265\/","title":{"rendered":"Po avtocesti vozil 194 kilometrov na uro in dobil 1.290 evrov globe"},"content":{"rendered":"<p>Policisti Postaje prometne policije Novo mesto so na dolenjski avtocesti med Novim mestom in Dobru\u0161ko vasjo ustavili voznika osebnega avtomobila range rover velar s \u0161vicarskimi registrskimi oznakami, ki je vozil s povpre\u010dno hitrostjo 194 kilometrov na uro.<\/p>\n<p>Hitrost so izmerili z videonadzornim sistemom ProVida 2000. Voznik je na odseku, kjer je dovoljena hitrost 130 kilometrov na uro, omejitev prekora\u010dil za 64 kilometrov na uro.\u00a0<\/p>\n<p>Ve\u010d kr\u0161itev, globa ve\u010d kot tiso\u010d evrov<\/p>\n<p>Pri nadzoru so policisti ugotovili \u0161e ve\u010d drugih kr\u0161itev cestnoprometnih predpisov. Voznik ni vozil po skrajnem desnem prometnem pasu, ni upo\u0161teval predpisane varnostne razdalje, pri menjavi prometnega pasu ni uporabljal smernikov, poleg tega pa je vozil brez veljavne vinjete.\u00a0Zaradi vseh ugotovljenih kr\u0161itev so mu policisti izdali 1.290 evrov globe.<\/p>\n<p>Neprilagojena oziroma prevelika hitrost ostaja eden najpogostej\u0161ih vzrokov za najhuj\u0161e prometne nesre\u010de. K varnej\u0161i vo\u017enji prispevajo tudi dosledno upo\u0161tevanje varnostne razdalje, pravilna uporaba smernikov in vo\u017enja po desnem prometnem pasu, kadar razmere to omogo\u010dajo.<\/p>\n","protected":false},"excerpt":{"rendered":"Policisti Postaje prometne policije Novo mesto so na dolenjski avtocesti med Novim mestom in Dobru\u0161ko vasjo ustavili voznika&hellip;\n","protected":false},"author":2,"featured_media":115832,"comment_status":"","ping_status":"","sticky":false,"template":"","format":"standard","meta":{"footnotes":"","_share_on_mastodon":"0"},"categories":[6],"tags":[731,5129,326,6227,59,61,62,37,58,60,38],"class_list":["post-152265","post","type-post","status-publish","format-standard","has-post-thumbnail","category-slovenija","tag-avtocesta","tag-globa","tag-policija","tag-prekrsek","tag-republic-of-slovenia","tag-republika-slovenija","tag-si","tag-slovene","tag-slovenia","tag-slovenija","tag-slovenscina"],"share_on_mastodon":{"url":"https:\/\/pubeurope.com\/@si\/116880294970703834","error":""},"_links":{"self":[{"href":"https:\/\/www.europesays.com\/si\/wp-json\/wp\/v2\/posts\/152265","targetHints":{"allow":["GET"]}}],"collection":[{"href":"https:\/\/www.europesays.com\/si\/wp-json\/wp\/v2\/posts"}],"about":[{"href":"https:\/\/www.europesays.com\/si\/wp-json\/wp\/v2\/types\/post"}],"author":[{"embeddable":true,"href":"https:\/\/www.europesays.com\/si\/wp-json\/wp\/v2\/users\/2"}],"replies":[{"embeddable":true,"href":"https:\/\/www.europesays.com\/si\/wp-json\/wp\/v2\/comments?post=152265"}],"version-history":[{"count":0,"href":"https:\/\/www.europesays.com\/si\/wp-json\/wp\/v2\/posts\/152265\/revisions"}],"wp:featuredmedia":[{"embeddable":true,"href":"https:\/\/www.europesays.com\/si\/wp-json\/wp\/v2\/media\/115832"}],"wp:attachment":[{"href":"https:\/\/www.europesays.com\/si\/wp-json\/wp\/v2\/media?parent=152265"}],"wp:term":[{"taxonomy":"category","embeddable":true,"href":"https:\/\/www.europesays.com\/si\/wp-json\/wp\/v2\/categories?post=152265"},{"taxonomy":"post_tag","embeddable":true,"href":"https:\/\/www.europesays.com\/si\/wp-json\/wp\/v2\/tags?post=152265"}],"curies":[{"name":"wp","href":"https:\/\/api.w.org\/{rel}","templated":true}]}}