{"id":152339,"date":"2026-07-07T21:20:09","date_gmt":"2026-07-07T21:20:09","guid":{"rendered":"https:\/\/www.europesays.com\/si\/152339\/"},"modified":"2026-07-07T21:20:09","modified_gmt":"2026-07-07T21:20:09","slug":"za-evropo-zaskrbljujoce-napovedi-meteorologi-opozarjajo-to-je-videti-precej-katastrofalno-caka-nas-grozno-poletje","status":"publish","type":"post","link":"https:\/\/www.europesays.com\/si\/152339\/","title":{"rendered":"Za Evropo zaskrbljujo\u010de napovedi, meteorologi opozarjajo: \u00bbTo je videti precej katastrofalno, \u010daka nas grozno poletje\u00ab"},"content":{"rendered":"<p>Evropo je znova zajel mo\u010dan vro\u010dinski val, meteorologi pa opozarjajo, da bi se neugodne in nevarne vremenske razmere lahko nadaljevale tudi v preostanku poletja.<a href=\"https:\/\/slovenskenovice.delo.si\/novice\/svet\/evropa-v-plamenih-na-tisoce-evakuiranih-nase-zivljenje-je-tu-cetudi-je-vse-pogorelo-foto\" target=\"_blank\" rel=\"nofollow noopener\"> \u0160panija, Portugalska in Francija se \u017ee dneve spopadajo z ekstremnimi temperaturami,<\/a> vro\u010dina pa se \u0161iri tudi proti ju\u017enim delom Zdru\u017eenega kraljestva. Po navedbah Guardiana bi se temperature znova lahko dvignile tudi do 10 do 15 stopinj nad povpre\u010djem.<\/p>\n<p>V najtoplej\u0161ih delih Francije in \u0160panije pri\u010dakujejo vrednosti blizu 40 stopinj, medtem ko bi v Zdru\u017eenem kraljestvu temperature lahko dosegle nizkih do srednjih 30 stopinj. Strokovnjaki pa opozarjajo, da te\u017eave ne povzro\u010dajo le dnevne vro\u010dine. Vedno ve\u010dje tveganje predstavljajo tudi tako imenovane tropske no\u010di, ko se temperatura ne spusti pod 20 stopinj. V Madridu bi se lahko no\u010dne temperature zadr\u017eevale okoli 25 stopinj, kar je skoraj devet stopinj nad sezonskim povpre\u010djem. Podobno pri\u010dakujejo tudi v Franciji, kjer bi se lahko ve\u010dji deli dr\u017eave pono\u010di zadr\u017eevali pri nizkih do srednjih 20 stopinjah.<\/p>\n<p>Tak\u0161ne no\u010di so za zdravje \u0161e posebej nevarne, saj se telo nima prilo\u017enosti obnoviti po dnevni vro\u010dini. Najve\u010dje tveganje je za starej\u0161e, kroni\u010dne bolnike in vse, ki te\u017eje prena\u0161ajo visoke temperature. Na dramati\u010dne posledice je opozoril tudi francoski agrometeorolog dr. Serge Zaka.<\/p>\n<p>Velika\u00a0po\u017earna\u00a0ogro\u017eenost\u00a0okolja na obmo\u010dju celotne Slovenije<\/p>\n<p>Zaradi dolgotrajnega suhega in vro\u010dega vremena brez zadostnih koli\u010din padavin ter predvidenega nadaljevanja tak\u0161nega vremena v vsaj naslednjih desetih dnevih je Uprava RS za za\u0161\u010dito in re\u0161evanje od srede na obmo\u010dju celotne dr\u017eave razglasila veliko\u00a0po\u017earno\u00a0ogro\u017eenost\u00a0naravnega okolja.\u00a0<\/p>\n<p>V obdobju, ko velja razglas, je v naravnem okolju prepovedano po\u017eigati, odmetavati gore\u010de ali druge predmete ter snovi, ki lahko povzro\u010dijo\u00a0po\u017ear. Prepovedano je kuriti, kuriti kresove, izvajati ognjemete ter izven pozidanih povr\u0161in uporabljati predmete, naprave ali izvajati aktivnosti, ki lahko povzro\u010dijo\u00a0po\u017ear.<\/p>\n<p>\u010ce v naravnem okolju kljub temu pride do\u00a0po\u017eara\u00a0oziroma \u010de\u00a0po\u017ear\u00a0opazite, ga sku\u0161ajte pogasiti in pokli\u010dite na telefonsko \u0161tevilko za klic v sili 112, poziva uprava.<\/p>\n<p>In\u0161pektorat RS za varstvo pred naravnimi in drugimi nesre\u010dami in policija bosta v \u010dasu razgla\u0161ene velike\u00a0po\u017earne\u00a0ogro\u017eenosti\u00a0naravnega okolja izvajala poostren nadzor.<\/p>\n<p>Po napovedih Agencije RS za okolje bodo tudi v naslednjih dneh temperature dosegle ali presegle 30 stopinj Celzija. Tu in tam ni izklju\u010dena kak\u0161na ploha ali nevihta.<\/p>\n<p>Na omre\u017eju X je objavil, da v Franciji za prihodnji teden prakti\u010dno ni pri\u010dakovanih padavin. \u00bbTa tretja toplotna kupola, ki jo spremlja tretji vro\u010dinski val, \u0161e naprej metodi\u010dno izsu\u0161uje na\u0161a tla,\u00ab je zapisal Zaka. Opozoril je, da bi lahko bili ogro\u017eeni rekordi iz let 1976 in 2022 ter da so mo\u017ene velike kmetijske in gozdne izgube. \u00bbLeto 2026 za kmetijstvo in ekosisteme je \u017ee zdaj katastrofa. Ne vem, na kak\u0161ni ravni bilan\u010dnega izida bomo ob koncu sezone,\u00ab je sporo\u010dil.<\/p>\n<p>\u00bbPrecej katastrofalne napovedi\u00ab<\/p>\n<p>Zaskrbljujo\u010do napoved je objavil tudi znani nem\u0161ki meteorolo\u0161ki strokovnjak J\u00f6rg Kachelmann. Sklicujo\u010d se na nove mese\u010dne napovedi ECMWF, Evropskega centra za srednjero\u010dne vremenske napovedi, je zapisal, da so videti \u00bbprecej katastrofalne\u00ab, tudi za avgust.<\/p>\n<p>Dodal je, da, kot je pisal \u017ee junija, \u00bbse zdi, da skoraj ni upanja\u00ab ter da bo to \u00bbgrozno poletje za velik del srednje Evrope\u00ab. \u010ceprav se po navedbah Guardiana za zdaj ne pri\u010dakuje, da bi bil aktualni vro\u010dinski val v enakem obsegu kot ekstremna vro\u010dina, ki je konec junija prizadela celino, je te\u017eava njegovo trajanje. Dolgotrajna vro\u010dina, su\u0161a in tople no\u010di ustvarjajo resen pritisk na zdravje ljudi, kmetijstvo, gozdove in po\u017earno varnost. Meteorologi zato opozarjajo, da bi lahko bilo poletje v velikem delu Evrope zaznamovano z nadpovpre\u010dnimi temperaturami, pomanjkanjem padavin, vse ve\u010djim tveganjem za po\u017eare in vse te\u017ejimi razmerami za najbolj ranljive skupine prebivalstva.<\/p>\n","protected":false},"excerpt":{"rendered":"Evropo je znova zajel mo\u010dan vro\u010dinski val, meteorologi pa opozarjajo, da bi se neugodne in nevarne vremenske razmere&hellip;\n","protected":false},"author":2,"featured_media":152340,"comment_status":"","ping_status":"","sticky":false,"template":"","format":"standard","meta":{"footnotes":"","_share_on_mastodon":"0"},"categories":[6],"tags":[850,40443,691,7187,59,61,62,37,58,60,38,1146,1180,374,1995,1105,23232],"class_list":["post-152339","post","type-post","status-publish","format-standard","has-post-thumbnail","category-slovenija","tag-francija","tag-jorg-kachelmann","tag-podnebne-spremembe","tag-poletje","tag-republic-of-slovenia","tag-republika-slovenija","tag-si","tag-slovene","tag-slovenia","tag-slovenija","tag-slovenscina","tag-susa","tag-temperatura","tag-vreme","tag-vremenska-napoved","tag-vrocina","tag-vrocinski-val"],"share_on_mastodon":{"url":"https:\/\/pubeurope.com\/@si\/116880790529174682","error":""},"_links":{"self":[{"href":"https:\/\/www.europesays.com\/si\/wp-json\/wp\/v2\/posts\/152339","targetHints":{"allow":["GET"]}}],"collection":[{"href":"https:\/\/www.europesays.com\/si\/wp-json\/wp\/v2\/posts"}],"about":[{"href":"https:\/\/www.europesays.com\/si\/wp-json\/wp\/v2\/types\/post"}],"author":[{"embeddable":true,"href":"https:\/\/www.europesays.com\/si\/wp-json\/wp\/v2\/users\/2"}],"replies":[{"embeddable":true,"href":"https:\/\/www.europesays.com\/si\/wp-json\/wp\/v2\/comments?post=152339"}],"version-history":[{"count":0,"href":"https:\/\/www.europesays.com\/si\/wp-json\/wp\/v2\/posts\/152339\/revisions"}],"wp:featuredmedia":[{"embeddable":true,"href":"https:\/\/www.europesays.com\/si\/wp-json\/wp\/v2\/media\/152340"}],"wp:attachment":[{"href":"https:\/\/www.europesays.com\/si\/wp-json\/wp\/v2\/media?parent=152339"}],"wp:term":[{"taxonomy":"category","embeddable":true,"href":"https:\/\/www.europesays.com\/si\/wp-json\/wp\/v2\/categories?post=152339"},{"taxonomy":"post_tag","embeddable":true,"href":"https:\/\/www.europesays.com\/si\/wp-json\/wp\/v2\/tags?post=152339"}],"curies":[{"name":"wp","href":"https:\/\/api.w.org\/{rel}","templated":true}]}}