{"id":152688,"date":"2026-07-08T07:32:22","date_gmt":"2026-07-08T07:32:22","guid":{"rendered":"https:\/\/www.europesays.com\/si\/152688\/"},"modified":"2026-07-08T07:32:22","modified_gmt":"2026-07-08T07:32:22","slug":"carmen-osovnikar-kmetija-se-je-lotila-necesa-povsem-novega-tega-od-nje-nismo-pricakovali","status":"publish","type":"post","link":"https:\/\/www.europesays.com\/si\/152688\/","title":{"rendered":"Carmen Osovnikar (Kmetija) se je lotila ne\u010desa povsem novega &#8211; tega od nje nismo pri\u010dakovali"},"content":{"rendered":"<p>        Carmen Osovnikar smo do zdaj poznali predvsem kot \u017eensko, ki zna pritegniti pozornost, povedati svoje mnenje in ostati zvesta sebi.<\/p>\n<p>Zdaj pa je pokazala \u0161e povsem drugo plat in razkrila projekt, za katerim o\u010ditno stoji veliko ve\u010d kot le trenutni navdih. Carmen Osovnikar je pripravila brezpla\u010dni eBook z naslovom Zakaj nisi samozavestna?, namenjen \u017eenskam, ki se spopadajo z dvomi vase, strahom in ob\u010dutkom, da niso dovolj dobre. Na posebni spletni strani Carmen obljublja, da bo \u017eenskam pokazala, kako prepoznati vzorce, ki jih dr\u017eijo nazaj, in narediti prvi korak k ve\u010dji samozavesti. V eBooku se med drugim dotika notranjega glasu, ki nas pogosto prepri\u010duje, da ne\u010desa ne zmoremo, \u010dakanja, da bo strah izginil, ter ob\u010dutka, da si ne zaslu\u017eimo ve\u010d.<\/p>\n<p>Carmen ob tem jasno naka\u017ee tudi novo smer svojega ustvarjanja, pravi pa, da je to samo za\u010detek in da pripravlja \u0161e nekaj ve\u010djega.<\/p>\n<p><img fetchpriority=\"high\" decoding=\"async\" class=\"size-full wp-image-456566\" src=\"https:\/\/www.europesays.com\/si\/wp-content\/uploads\/2026\/07\/carmen_osovnikar7_1783079299_3933076392596641614_373731038.jpg\" alt=\"Carmen Osovnikar pripravlja \u0161e nekaj ve\u010d. Vir: Instagram\" width=\"1400\" height=\"1745\"  \/>Carmen Osovnikar pripravlja \u0161e nekaj ve\u010d. Vir: Instagram<br \/>\nOd Sanjskega mo\u0161kega in Kmetije do novega poslanstva<\/p>\n<p>Carmen je \u0161ir\u0161a javnost prvi\u010d spoznala v prvi sezoni \u0161ova Sanjski mo\u0161ki, letos pa se je ponovno zna\u0161la pred kamerami kot tekmovalka Kmetije. Tam je \u017eelela dokazati, da lahko tudi \u017eenska, ki jo mnogi vidijo kot \u201cdivo\u201d, <a href=\"https:\/\/www.tocnoto.si\/bo-carmen-osovnikar-na-kmetiji-izgubila-zivce-vse-kaze-da\/\" rel=\"nofollow noopener\" target=\"_blank\">poprime za te\u017eka kme\u010dka opravila<\/a>. Samostojna podjetnica iz Maribora je \u017ee ob vstopu poudarila, da v \u0161ov ni pri\u0161la zaradi zmage, ampak zato, da nekaj doka\u017ee.<\/p>\n<p>Prav zato njen novi projekt morda niti ni tako presenetljiv. Carmen je \u017ee ve\u010dkrat javno govorila o samozavesti, odnosu do same sebe in tem, kako pomembno je, da \u017eenska verjame vase. Zdaj je vse to \u0161e zdru\u017eila v oprijemljivo.<\/p>\n","protected":false},"excerpt":{"rendered":"Carmen Osovnikar smo do zdaj poznali predvsem kot \u017eensko, ki zna pritegniti pozornost, povedati svoje mnenje in ostati&hellip;\n","protected":false},"author":2,"featured_media":152689,"comment_status":"","ping_status":"","sticky":false,"template":"","format":"standard","meta":{"footnotes":"","_share_on_mastodon":"0"},"categories":[18],"tags":[1704,114,62,37,58,60,38,115],"class_list":["post-152688","post","type-post","status-publish","format-standard","has-post-thumbnail","category-zabava","tag-carmen-osovnikar","tag-entertainment","tag-si","tag-slovene","tag-slovenia","tag-slovenija","tag-slovenscina","tag-zabava"],"share_on_mastodon":{"url":"https:\/\/pubeurope.com\/@si\/116883197014119680","error":""},"_links":{"self":[{"href":"https:\/\/www.europesays.com\/si\/wp-json\/wp\/v2\/posts\/152688","targetHints":{"allow":["GET"]}}],"collection":[{"href":"https:\/\/www.europesays.com\/si\/wp-json\/wp\/v2\/posts"}],"about":[{"href":"https:\/\/www.europesays.com\/si\/wp-json\/wp\/v2\/types\/post"}],"author":[{"embeddable":true,"href":"https:\/\/www.europesays.com\/si\/wp-json\/wp\/v2\/users\/2"}],"replies":[{"embeddable":true,"href":"https:\/\/www.europesays.com\/si\/wp-json\/wp\/v2\/comments?post=152688"}],"version-history":[{"count":0,"href":"https:\/\/www.europesays.com\/si\/wp-json\/wp\/v2\/posts\/152688\/revisions"}],"wp:featuredmedia":[{"embeddable":true,"href":"https:\/\/www.europesays.com\/si\/wp-json\/wp\/v2\/media\/152689"}],"wp:attachment":[{"href":"https:\/\/www.europesays.com\/si\/wp-json\/wp\/v2\/media?parent=152688"}],"wp:term":[{"taxonomy":"category","embeddable":true,"href":"https:\/\/www.europesays.com\/si\/wp-json\/wp\/v2\/categories?post=152688"},{"taxonomy":"post_tag","embeddable":true,"href":"https:\/\/www.europesays.com\/si\/wp-json\/wp\/v2\/tags?post=152688"}],"curies":[{"name":"wp","href":"https:\/\/api.w.org\/{rel}","templated":true}]}}