{"id":152719,"date":"2026-07-08T07:57:13","date_gmt":"2026-07-08T07:57:13","guid":{"rendered":"https:\/\/www.europesays.com\/si\/152719\/"},"modified":"2026-07-08T07:57:13","modified_gmt":"2026-07-08T07:57:13","slug":"iran-po-ameriskih-obstreljevanjih-napadel-oporisca-v-bahrajnu-in-kuvajtu","status":"publish","type":"post","link":"https:\/\/www.europesays.com\/si\/152719\/","title":{"rendered":"Iran po ameri\u0161kih obstreljevanjih napadel opori\u0161\u010da v Bahrajnu in Kuvajtu"},"content":{"rendered":"<p>\t\t\t\t\t\t\t\t<a href=\"https:\/\/www.europesays.com\/si\/wp-content\/uploads\/2026\/07\/67059627.jpg\" itemprop=\"contentUrl\" data-size=\"1200x800\" data-large=\"https:\/\/www.europesays.com\/si\/wp-content\/uploads\/2026\/07\/67059627.jpg\"><br \/>\n\t\t\t\t\t\t\t\t\t<img decoding=\"async\" src=\"https:\/\/www.europesays.com\/si\/wp-content\/uploads\/2026\/07\/67059627.jpg\" title=\"Plovila, ki jih je CENTCOM identificiral kot \u010dolne Islamske revolucionarne garde, trenutek pred napadom ameri\u0161kih sil. Foto: Reuters\" alt=\"Plovila, ki jih je CENTCOM identificiral kot \u010dolne Islamske revolucionarne garde, trenutek pred napadom ameri\u0161kih sil. Foto: Reuters\"\/><br \/>\n\t\t\t\t\t\t\t\t<\/a><\/p>\n<p>\t\t\t\t\t\t\t\t\tPlovila, ki jih je CENTCOM identificiral kot \u010dolne Islamske revolucionarne garde, trenutek pred napadom ameri\u0161kih sil. Foto: Reuters<\/p>\n<p>\t\t\t\t\t\t\t<a id=\"preferredSourceBanner\" href=\"#\" target=\"_blank\" class=\"d-none align-items-center justify-content-between rounded my-3\" style=\"background-color: #F2F6FC; padding: 10px 15px;\"><br \/>\n\t\t\t\t\t\t<img decoding=\"async\" src=\"https:\/\/img.rtvslo.si\/_static\/novi\/img\/ico-google.svg\" class=\"flex-shrink-0 mr-3\"\/><br \/>\n\t\t\t\t\t\tSpremljajte RTVSLO.si kot prednostni vir na Google<\/p>\n<p>\t\t\t\t\t<\/a><\/p>\n<p>Garda je sporo\u010dila, da je z raketami in brezpilotniki napadla voja\u0161ke cilje v Bandar Salmanu in letalsko bazo Ali Al Salem v Kuvajtu ter sestrelila ameri\u0161ki brezpilotnik. V Bahrajnu in Kuvajtu so spro\u017eili alarm proti zra\u010dnemu napadu, kuvajtska vojska pa je sporo\u010dila, da je proti sovra\u017enim napadom z raketami in brezpilotniki aktivirala protiletalsko obrambo.<\/p>\n<p>Oglas<\/p>\n<p>Pred tem so ameri\u0161ke sile v no\u010di na sredo izvedle napade na ve\u010d kot 80 ciljev v Iranu, kar je bil neposreden odgovor na iranske napade na tri tovorne ladje, ki so plule skozi Hormu\u0161ko o\u017eino, je sporo\u010dilo Centralno poveljstvo ameri\u0161ke vojske (CENTCOM).<\/p>\n<p>Po navedbah CENTCOM-a so bili tar\u010da napadov iranski sistemi protizra\u010dne obrambe, poveljni\u0161ka in komunikacijska omre\u017eja, obalni radarski sistemi, protiladijske rakete ter ve\u010d kot 60 hitrih plovil Islamske revolucionarne garde v Hormu\u0161ki o\u017eini in njeni bli\u017eini. Namen operacije je bil ote\u017eiti nadaljnje iranske napade na mednarodni pomorski promet skozi eno najpomembnej\u0161ih svetovnih trgovskih poti, je sporo\u010dil CENTCOM. &#8220;Neupravi\u010dena agresija iranskih sil predstavlja jasno in nevarno kr\u0161itev premirja ter ogro\u017ea svobodo plovbe,&#8221; je \u0161e sporo\u010dila ameri\u0161ka vojska.<\/p>\n<p>CENTCOM je tokratne napade ozna\u010dil za ofenzivne, v nasprotju z napadi konec junija, ki jih je ameri\u0161ka vojska opisovala kot samoobrambne. Po navedbah poveljstva so iranski napadi na tankerje predstavljali neupravi\u010deno agresijo, jasno kr\u0161itev premirja in ogro\u017eanje svobode plovbe. Dodali so, da ameri\u0161ke sile ostajajo v pripravljenosti, \u010de Iran ne bo spo\u0161toval dogovorjenih zavez.<\/p>\n<p>Po navedbah dveh ameri\u0161kih uradnikov so bili v tokratni operaciji med drugim tar\u010da pristani\u0161ka infrastruktura, raketna in brezpilotna opori\u0161\u010da, sistemi za obalni nadzor ter protizra\u010dna obramba, poro\u010da televizija ABC.<\/p>\n<p>Ameri\u0161ki predstavniki ocenjujejo, da je bila operacija bistveno obse\u017enej\u0161a od napadov konec junija, ko so ZDA voja\u0161ko posredovale zaradi iranskih dejavnosti v Hormu\u0161ki o\u017eini, vendar so bile tedanje akcije omejene, da ne bi ogrozile memoranduma o soglasju med dr\u017eavama.<\/p>\n<p>Teheran: Ne bomo se vdali<\/p>\n<p>Iransko vrhovno skupno voja\u0161ko poveljstvo, osrednji \u0161tab Katam Al Anbija, je ameri\u0161ke napade obsodilo kot &#8220;o\u010ditno dejanje agresije&#8221;, zagrozilo z &#8220;uni\u010dujo\u010dim odzivom&#8221; in opozorilo, da Teheran ne bo dopustil vme\u0161avanja ZDA v upravljanje o\u017eine.<\/p>\n<p>Vodilni iranski pogajalec, predsednik parlamenta Mohamad Baker Kalibaf, je ZDA obto\u017eil kr\u0161itve sporazuma o premirju. Omenil je ne le najnovej\u0161e ameri\u0161ke voja\u0161ke napade, temve\u010d tudi obnovljene sankcije proti nafti, kr\u0161itve iranskih &#8220;prilagoditev&#8221; v Hormu\u0161ki o\u017eini ter izraelske napade na Libanon. &#8220;Obdobje ustrahovanja in izsiljevanja je kon\u010dano,&#8221; je Kalibaf zapisal na dru\u017ebenem omre\u017eju X. &#8220;Ne bomo se vdali.&#8221;<\/p>\n<p>Namestnik iranskega zunanjega ministra je po poro\u010danju dr\u017eavne tiskovne agencije Fars ameri\u0161ko operacijo ozna\u010dil za resno kr\u0161itev memoranduma o soglasju, podpisanega prej\u0161nji mesec. &#8220;Iran bo sprejel odlo\u010dne ukrepe za za\u0161\u010dito svojih nacionalnih interesov in varnosti, obenem pa resno opozarja na posledice ameri\u0161ke kr\u0161itve sporazuma,&#8221; je dejal.<\/p>\n<p>Teheran je obsodil tudi odlo\u010ditev Washingtona o preklicu dovoljenja za prodajo iranske nafte, ki je bilo eden klju\u010dnih elementov memoranduma, poro\u010da ABC.<\/p>\n<p>\t\t\t\t\t\t\t\t<a href=\"https:\/\/www.europesays.com\/si\/wp-content\/uploads\/2026\/07\/67059628.jpg\" itemprop=\"contentUrl\" data-size=\"1200x800\" data-large=\"https:\/\/www.europesays.com\/si\/wp-content\/uploads\/2026\/07\/67059628.jpg\"><br \/>\n\t\t\t\t\t\t\t\t\t<img decoding=\"async\" src=\"https:\/\/www.europesays.com\/si\/wp-content\/uploads\/2026\/07\/67059628.jpg\" title=\"Eksplozija po napadu na Bandar Abas. Fotografija z dru\u017ebenih omre\u017eij. Foto: Reuters\" alt=\"Eksplozija po napadu na Bandar Abas. Fotografija z dru\u017ebenih omre\u017eij. Foto: Reuters\"\/><br \/>\n\t\t\t\t\t\t\t\t<\/a><\/p>\n<p>\t\t\t\t\t\t\t\t\tEksplozija po napadu na Bandar Abas. Fotografija z dru\u017ebenih omre\u017eij. Foto: Reuters<\/p>\n<p>\t\t\t\t\t\t\tNapadi na pristani\u0161\u010da<\/p>\n<p>Iranski mediji so prej poro\u010dali o eksplozijah na otoku Karg, glavnem iranskem predelovalnem sredi\u0161\u010du nafte, na otoku Ke\u0161m ter v ju\u017enih pristani\u0161kih mestih Sirik in Bandar Abas. CENTCOM v svojem sporo\u010dilu za javnost ni omenjal napadov na otok Karg, s katerega Iran izva\u017ea 90 odstotkov svoje surove nafte.<\/p>\n<p>Ameri\u0161ki uradnik je za tiskovno agencijo Reuters dejal, da je vojska napadla iranske sisteme zra\u010dne obrambe, nadzorne sisteme na obali, rakete zemlja-zrak, protiladijske kri\u017earske rakete in izstreli\u0161\u010da brezpilotnikov.<\/p>\n<p>V Iranu niso poro\u010dali o smrtnih \u017ertvah med civilisti, vendar je bilo po besedah poro\u010devalca iranske dr\u017eavne televizije ve\u010d ljudi ranjenih zaradi \u0161rapnelov &#8220;sovra\u017enega izstrelka&#8221;, ki je zadel trgovsko pristani\u0161\u010de v Siriku. Poro\u010dila navajajo, da so napadi zadeli tudi ribi\u0161ka pristani\u0161\u010da v Siriku in Bandar Abasu.<\/p>\n<p>Preklicano dovoljenje za prodajo iranske nafte<\/p>\n<p>Ameri\u0161ko finan\u010dno ministrstvo je medtem potrdilo preklic splo\u0161nega dovoljenja za prodajo iranske nafte. Po navedbah ameri\u0161kega uradnika je bil preklic neposredna posledica zadnje zaostritve razmer v Hormu\u0161ki o\u017eini, poro\u010da ABC. &#8220;Iran bo ugodnosti dele\u017een le, \u010de bo ravnal odgovorno. Njegova dejanja v Hormu\u0161ki o\u017eini so bila za ZDA popolnoma nesprejemljiva in bodo imela posledice,&#8221; je dejal ameri\u0161ki predstavnik.<\/p>\n<p>Ministrstvo za finance je navedlo, da je preklic za\u010del veljati v torek, pri \u010demer bo do 17. julija veljalo prehodno obdobje za zaklju\u010dek \u017ee odobrenih poslov. Dovoljenje je bilo izdano 22. junija in naj bi veljalo 60 dni. Odprava dovoljenja pomeni preklic enega klju\u010dnih elementov memoranduma o soglasju, ki je za\u010del veljati 18. junija.<\/p>\n<p>Ameri\u0161ki predstavnik je kljub temu poudaril, da se pogajanja med Washingtonom in Teheranom o trajnem dogovoru nadaljujejo, navaja ABC.<\/p>\n<p>Iransko zunanje ministrstvo je to potezo obsodilo kot kr\u0161itev okvirnega sporazuma o kon\u010danju vojne in izjavilo, da bo Washington &#8220;nosil odgovornost za posledice&#8221;, Iran pa bo sprejel vsak ukrep, ki ga bo \u0161tel za potrebnega za za\u0161\u010dito svojih interesov in nacionalne varnosti.<\/p>\n<p>\t\t\t\t\t\t\t\t<a href=\"https:\/\/www.europesays.com\/si\/wp-content\/uploads\/2026\/07\/67059629.jpg\" itemprop=\"contentUrl\" data-size=\"1200x800\" data-large=\"https:\/\/www.europesays.com\/si\/wp-content\/uploads\/2026\/07\/67059629.jpg\"><br \/>\n\t\t\t\t\t\t\t\t\t<img decoding=\"async\" src=\"https:\/\/www.europesays.com\/si\/wp-content\/uploads\/2026\/07\/67059629.jpg\" title=\"Katarski tanker Rekayyat, ki naj bi bil po\u0161kodovan v iranskih napadih. Arhivska fotografija. Foto: Reuters\" alt=\"Katarski tanker Rekayyat, ki naj bi bil po\u0161kodovan v iranskih napadih. Arhivska fotografija. Foto: Reuters\"\/><br \/>\n\t\t\t\t\t\t\t\t<\/a><\/p>\n<p>\t\t\t\t\t\t\t\t\tKatarski tanker Rekayyat, ki naj bi bil po\u0161kodovan v iranskih napadih. Arhivska fotografija. Foto: Reuters<\/p>\n<p>\t\t\t\t\t\t\tDomnevni napadi na trgovska plovila v Hormu\u0161ki o\u017eini<\/p>\n<p>Iransko zunanje ministrstvo je medtem zavrnilo obto\u017ebe Katarja, da je Iran napadel eno od njegovih ladij v Hormu\u0161ki o\u017eini. Tiskovni predstavnik ministrstva Esmail Baghaj je dejal, da so katarske obto\u017ebe vpra\u0161ljive in v nasprotju z na\u010delom dobrososedskih odnosov.<\/p>\n<p>Po\u0161kodovan naj bi bil tudi tanker, ki pluje pod savdsko zastavo. Savdsko zunanje ministrstvo je sporo\u010dilo, da napadi predstavljajo napad na varnost mednarodne plovbe in svetovne energetske oskrbe.<\/p>\n<p>Katar je napade ozna\u010dil za nesprejemljive ter za hudo in o\u010ditno kr\u0161itev mednarodnega prava. Od Irana je zahteval takoj\u0161nje prenehanje ravnanj, ki ogro\u017eajo regionalno varnost, mednarodno pomorsko plovbo in svetovne energetske dobave, za posledice napadov pa pripisal polno pravno odgovornost Teheranu, poro\u010da ABC.<\/p>\n<p>Ameri\u0161ki uradnik, ki je \u017eelel ostati neimenovan, je dejal, da je Iran po prvih podatkih napadel tri trgovska plovila.<\/p>\n<p>Rutte nove ameri\u0161ke napade na Iran ozna\u010dil za nujne<\/p>\n<p>Generalni sekretar zavezni\u0161tva Mark Rutte je ob prihodu na vrh Nata v Ankari dejal, da so bili ameri\u0161ki napadi &#8220;absolutno nujni&#8221;, saj da je Iran kr\u0161il premirje, ko je v torek napadel ladje v Hormu\u0161ki o\u017eini. &#8220;Mislim, da je klju\u010dnega pomena, da se ZDA odlo\u010dno odzovejo,&#8221; je dodal.<\/p>\n<p>Oglas<\/p>\n","protected":false},"excerpt":{"rendered":"Plovila, ki jih je CENTCOM identificiral kot \u010dolne Islamske revolucionarne garde, trenutek pred napadom ameri\u0161kih sil. Foto: Reuters&hellip;\n","protected":false},"author":2,"featured_media":152720,"comment_status":"","ping_status":"","sticky":false,"template":"","format":"standard","meta":{"footnotes":"","_share_on_mastodon":"0"},"categories":[20],"tags":[40543,9811,32,4915,333,7258,35,31,34,36,37,38,33],"class_list":["post-152719","post","type-post","status-publish","format-standard","has-post-thumbnail","category-novice","tag-ameriski-napadi","tag-bahrajn","tag-headlines","tag-hormuska-ozina","tag-iran","tag-kuvajt","tag-najpomembnejse-novice","tag-news","tag-novice","tag-osrednje-novice","tag-slovene","tag-slovenscina","tag-top-stories"],"share_on_mastodon":{"url":"https:\/\/pubeurope.com\/@si\/116883295022891487","error":""},"_links":{"self":[{"href":"https:\/\/www.europesays.com\/si\/wp-json\/wp\/v2\/posts\/152719","targetHints":{"allow":["GET"]}}],"collection":[{"href":"https:\/\/www.europesays.com\/si\/wp-json\/wp\/v2\/posts"}],"about":[{"href":"https:\/\/www.europesays.com\/si\/wp-json\/wp\/v2\/types\/post"}],"author":[{"embeddable":true,"href":"https:\/\/www.europesays.com\/si\/wp-json\/wp\/v2\/users\/2"}],"replies":[{"embeddable":true,"href":"https:\/\/www.europesays.com\/si\/wp-json\/wp\/v2\/comments?post=152719"}],"version-history":[{"count":0,"href":"https:\/\/www.europesays.com\/si\/wp-json\/wp\/v2\/posts\/152719\/revisions"}],"wp:featuredmedia":[{"embeddable":true,"href":"https:\/\/www.europesays.com\/si\/wp-json\/wp\/v2\/media\/152720"}],"wp:attachment":[{"href":"https:\/\/www.europesays.com\/si\/wp-json\/wp\/v2\/media?parent=152719"}],"wp:term":[{"taxonomy":"category","embeddable":true,"href":"https:\/\/www.europesays.com\/si\/wp-json\/wp\/v2\/categories?post=152719"},{"taxonomy":"post_tag","embeddable":true,"href":"https:\/\/www.europesays.com\/si\/wp-json\/wp\/v2\/tags?post=152719"}],"curies":[{"name":"wp","href":"https:\/\/api.w.org\/{rel}","templated":true}]}}