{"id":153331,"date":"2026-07-08T17:38:10","date_gmt":"2026-07-08T17:38:10","guid":{"rendered":"https:\/\/www.europesays.com\/si\/153331\/"},"modified":"2026-07-08T17:38:10","modified_gmt":"2026-07-08T17:38:10","slug":"homofobni-izpad-poslanca-svobode-zavbija-jelka-godec-to-je-visek-vsega","status":"publish","type":"post","link":"https:\/\/www.europesays.com\/si\/153331\/","title":{"rendered":"Homofobni izpad poslanca Svobode \u017davbija? Jelka Godec: To je vi\u0161ek vsega."},"content":{"rendered":"<p>Besede poslanca Svobode Lenarta \u017davbija na torkovi seji mandatno-volilne komisije so danes naletele na ostre obsodbe. Predsednica Nata\u0161a Pirc Musar jih je ozna\u010dila za homofobne, zagovornik na\u010dela enakosti Miha Lobnik pa za osebno \u017ealjive. \u017davbi se je Lobniku in javnosti opravi\u010dil z zapisom na dru\u017ebenih omre\u017ejih.<\/p>\n<p>                    Omenjal vazelin<\/p>\n<p>Na mandatno-volilni komisiji, ki je v torek obravnavala kandidaturo Barbare Zupan\u010di\u010d za novo zagovornico na\u010dela enakosti, saj se sedanjemu zagovorniku Mihi Lobniku drugi petletni mandat izte\u010de oktobra, se je razprava vrtela predvsem o smiselnosti te institucije. Pri tem je poslanec \u017davbi pri govoru o financiranju institucije v prej\u0161njem mandatu dejal, da so dodaten denar &#8220;dali z vazelinom&#8221;.<\/p>\n<p>Njegovo opazko, ki je danes predmet ve\u010d javnih obsodb, je poslanka SDS Jelka Godec \u017ee v torek ozna\u010dila za povsem neprimerno in za &#8220;vi\u0161ek&#8221;.<\/p>\n<p dir=\"ltr\" lang=\"sl\">Kdo je v tem primeru in v prej\u0161njem mandatu bully, so in bodo ocenili volilci.<\/p>\n<p>Opazka, ki jo je g. \u017davbi izrekel, je v vsakem pogledu seksisti\u010dna in homofobna in eklatantni primer nasilnega osebnega obra\u010dunavanja v javnem mediju.<\/p>\n<p>Ali kot priljubljeno na levi &#8211; zavr\u017eno\u2026 <a href=\"https:\/\/t.co\/h4G3fOS1a3\" rel=\"nofollow\">pic.twitter.com\/h4G3fOS1a3<\/a><\/p>\n<p>\u2014 Jelka Godec (@jelka_godec) <a href=\"https:\/\/x.com\/jelka_godec\/status\/2074872680986124349?ref_src=twsrc%5Etfw\" rel=\"nofollow\">July 8, 2026<\/a><\/p>\n<p>Danes se je na izjavo \u017davbija odzval Lobnik, sicer nekdanji aktivist za pravice istospolnih, ki je izjavo vzel kot \u017ealjivo do njega osebno. Od \u017davbija je zahteval pojasnilo za njegove besede. Hkrati je povedal, da je predsednika DZ Zorana Stevanovi\u0107a \u017ee zaprosil, naj v skladu s pravili eti\u010dnega kodeksa poslank in poslancev obravnava tovrstne osebne \u017ealjivke.<\/p>\n<p>Poslanec Svobode se je za izre\u010deno opravi\u010dil<\/p>\n<p>\u017davbi je danes na dru\u017ebenih omre\u017ejih objavil javno opravi\u010dil zagovorniku in javnosti. Zapisal je, da njegova opazka &#8220;v svojem namenu ni \u017eelela na kakr\u0161enkoli na\u010din zatirati ali poni\u017eevati kakr\u0161nekoli dru\u017ebene skupine&#8221;. &#8220;A namen besede ni pomemben, pomembna je posledica. In posledica je, da je bil posameznik in del javnosti ob tej opazki, prizadet,&#8221; je pristavil.<\/p>\n<p><img decoding=\"async\" alt=\"Danes se je na izjavo \u017davbija odzval Lobnik, sicer nekdanji aktivist za pravice istospolnih, ki je izjavo vzel kot \u017ealjivo do njega osebno. Od \u017davbija je zahteval pojasnilo za njegove besede. | Foto: Matic Prevc\/STA\" class=\"article_content__inline_image js_imageLightbox is-clickable\" data-author=\"Matic Prevc\/STA\" data-caption=\"Danes se je na izjavo \u017davbija odzval Lobnik, sicer nekdanji aktivist za pravice istospolnih, ki je izjavo vzel kot \u017ealjivo do njega osebno. Od \u017davbija je zahteval pojasnilo za njegove besede.\" data-height=\"1066\" data-href=\"https:\/\/siol.net\/media\/img\/96\/3b\/3fa84a75774606d52f75-miha-lobnik.jpeg\" data-width=\"1600\" loading=\"lazy\" src=\"\/media\/img\/17\/84\/73494934f43c7cf39bfd-miha-lobnik.jpeg\" title=\"Miha Lobnik\"\/><\/p>\n<p> Danes se je na izjavo \u017davbija odzval Lobnik, sicer nekdanji aktivist za pravice istospolnih, ki je izjavo vzel kot \u017ealjivo do njega osebno. Od \u017davbija je zahteval pojasnilo za njegove besede.<br \/>\n Foto: Matic Prevc\/STA <\/p>\n<p>&#8220;To, da vas pri izreku opazke nisem imel v mislih, me ne odvezuje pripoznavanja \u0161ir\u0161ega konteksta. Sploh v izrazito globalno naelektrenih razmerah je treba biti na tovrstne trenutke izjemno pozoren. Zato sprejmite moje naiskrenej\u0161e opravi\u010dilo,&#8221; je zapisal zagovorniku.<\/p>\n<p>&#8220;Obenem pa se \u017eelim opravi\u010diti tudi celotni javnosti. Ne \u017eelim, da se mojo opazko pozabi. \u017delim, da se lahko iz nje vsi nekaj nau\u010dimo. Ne le jaz. Besede so tudi dejanja, besede bolijo in besede lahko povzro\u010dajo dru\u017ebene neenakosti. Naj moje opravi\u010dilo vsaj za odtenek pripomore k zavedanju tega,&#8221; je \u0161e zapisal.<\/p>\n<p>Ob Lobnikovem pozivu k obravnavi njegovega ravnanja v postopku spo\u0161tovanja kodeksa pa je zapisal, da to spo\u0161tuje in je &#8220;pripravljen sprejeti vse sankcije, ki jih doti\u010dni pravni akt predvideva&#8221;.<\/p>\n<p>Obsodba besed tudi s strani predsednice dr\u017eave<\/p>\n<p>\u017davbijeve besede je kot &#8220;popolnoma neprimeren homofobni izpad, uperjen proti aktualnemu zagovorniku na\u010dela enakosti&#8221;, danes ozna\u010dila predsednica republike Nata\u0161a Pirc Musar. &#8220;Tak\u0161en govor je nesprejemljiv,&#8221; je opozorila v zapisu na dru\u017ebenih omre\u017ejih, v katerem je sicer obsodila tudi torkov &#8220;Shod domoljubov&#8221;.<\/p>\n<p><img decoding=\"async\" alt=\"\u017davbijeve besede je kot \" popolnoma=\"\" neprimeren=\"\" homofobni=\"\" izpad=\"\" uperjen=\"\" proti=\"\" aktualnemu=\"\" zagovorniku=\"\" na=\"\" enakosti=\"\" danes=\"\" ozna=\"\" predsednica=\"\" republike=\"\" nata=\"\" pirc=\"\" musar.=\"\" govor=\"\" je=\"\" nesprejemljiv=\"\" opozorila=\"\" v=\"\" zapisu=\"\" dru=\"\" omre=\"\" foto:=\"\" musar=\"\" class=\"article_content__inline_image js_imageLightbox is-clickable\" data-author=\"Nata\u0161a Pirc Musar\/FB\" data-caption=\"\u017davbijeve besede je kot &quot;popolnoma neprimeren homofobni izpad, uperjen proti aktualnemu zagovorniku na\u010dela enakosti&quot;, danes ozna\u010dila predsednica republike Nata\u0161a Pirc Musar. &quot;Tak\u0161en govor je nesprejemljiv,&quot; je opozorila v zapisu na dru\u017ebenih omre\u017ejih.\" data-height=\"2048\" data-href=\"https:\/\/siol.net\/media\/img\/31\/81\/34ce1a02a8a9d89ae44e-natasa-pirc-musar.jpeg\" data-width=\"1638\" loading=\"lazy\" src=\"\/media\/img\/4b\/4d\/16e016eea6966bb2b155-natasa-pirc-musar.jpeg\" title=\"Nata\u0161a Pirc Musar\"\/><\/p>\n<p> \u017davbijeve besede je kot &#8220;popolnoma neprimeren homofobni izpad, uperjen proti aktualnemu zagovorniku na\u010dela enakosti&#8221;, danes ozna\u010dila predsednica republike Nata\u0161a Pirc Musar. &#8220;Tak\u0161en govor je nesprejemljiv,&#8221; je opozorila v zapisu na dru\u017ebenih omre\u017ejih.<br \/>\n Foto: Nata\u0161a Pirc Musar\/FB <\/p>\n<p>Kriti\u010dna tudi Luka Mesec in Andreja Kati\u010d<\/p>\n<p>\u017davbijeve besede sta komentirala tudi poslanec Levice in Vesne Luka Mesec in poslanka SD Andreja Kati\u010d. Mesec je v izjavi novinarjem poudaril, da so &#8220;take izjave neprimerne&#8221;. &#8220;Trenutno v slovenski politiki nimamo samo bitke za vsebino, ampak imamo predvsem bitke za standarde in nivo,&#8221; je ugotovil. Predstavniki opozicije &#8220;moramo ob vladi, taka kot je, biti tisti, ki bomo vzdr\u017eevali razpravo na kulturni ravni&#8221;, je pozval. &#8220;\u010ce bodo ljudje imeli takrat, ko bodo volitve, na izbiro dve razli\u010dni obliki barbarstva, potem se nam slabo pi\u0161e,&#8221; je posvaril.<\/p>\n<p>Poslanka SD Andreja Kati\u010d pa je prav tako v izjavi novinarjem dejala, da je &#8220;po eni strani DZ tisti, kjer naj se odvijajo razprave, lahko tudi zelo ostre, ampak v lu\u010di tega, kar je primerno in nekako tudi olikano, eti\u010dno, ne pa, da gre za \u017ealitve&#8221;.<\/p>\n<p>                <script async src=\"https:\/\/platform.twitter.com\/widgets.js\" charset=\"utf-8\"><\/script><\/p>\n","protected":false},"excerpt":{"rendered":"Besede poslanca Svobode Lenarta \u017davbija na torkovi seji mandatno-volilne komisije so danes naletele na ostre obsodbe. Predsednica Nata\u0161a&hellip;\n","protected":false},"author":2,"featured_media":153332,"comment_status":"","ping_status":"","sticky":false,"template":"","format":"standard","meta":{"footnotes":"","_share_on_mastodon":"0"},"categories":[6],"tags":[19119,8944,14338,59,61,62,37,58,60,38,4693],"class_list":["post-153331","post","type-post","status-publish","format-standard","has-post-thumbnail","category-slovenija","tag-jelka-godec","tag-lenart-zavbi","tag-miha-lobnik","tag-republic-of-slovenia","tag-republika-slovenija","tag-si","tag-slovene","tag-slovenia","tag-slovenija","tag-slovenscina","tag-zagovornik-nacela-enakosti"],"share_on_mastodon":{"url":"https:\/\/pubeurope.com\/@si\/116885579860291200","error":""},"_links":{"self":[{"href":"https:\/\/www.europesays.com\/si\/wp-json\/wp\/v2\/posts\/153331","targetHints":{"allow":["GET"]}}],"collection":[{"href":"https:\/\/www.europesays.com\/si\/wp-json\/wp\/v2\/posts"}],"about":[{"href":"https:\/\/www.europesays.com\/si\/wp-json\/wp\/v2\/types\/post"}],"author":[{"embeddable":true,"href":"https:\/\/www.europesays.com\/si\/wp-json\/wp\/v2\/users\/2"}],"replies":[{"embeddable":true,"href":"https:\/\/www.europesays.com\/si\/wp-json\/wp\/v2\/comments?post=153331"}],"version-history":[{"count":0,"href":"https:\/\/www.europesays.com\/si\/wp-json\/wp\/v2\/posts\/153331\/revisions"}],"wp:featuredmedia":[{"embeddable":true,"href":"https:\/\/www.europesays.com\/si\/wp-json\/wp\/v2\/media\/153332"}],"wp:attachment":[{"href":"https:\/\/www.europesays.com\/si\/wp-json\/wp\/v2\/media?parent=153331"}],"wp:term":[{"taxonomy":"category","embeddable":true,"href":"https:\/\/www.europesays.com\/si\/wp-json\/wp\/v2\/categories?post=153331"},{"taxonomy":"post_tag","embeddable":true,"href":"https:\/\/www.europesays.com\/si\/wp-json\/wp\/v2\/tags?post=153331"}],"curies":[{"name":"wp","href":"https:\/\/api.w.org\/{rel}","templated":true}]}}