{"id":153389,"date":"2026-07-08T18:50:14","date_gmt":"2026-07-08T18:50:14","guid":{"rendered":"https:\/\/www.europesays.com\/si\/153389\/"},"modified":"2026-07-08T18:50:14","modified_gmt":"2026-07-08T18:50:14","slug":"na-tolminskem-krava-poskodovala-otroka-odpeljal-ga-je-helikopter-foto","status":"publish","type":"post","link":"https:\/\/www.europesays.com\/si\/153389\/","title":{"rendered":"Na Tolminskem krava po\u0161kodovala otroka, odpeljal ga je helikopter (FOTO)"},"content":{"rendered":"<p>V\u010deraj\u0161nji<a href=\"https:\/\/slovenskenovice.delo.si\/novice\/kronika\/doma\/planina-sleme-popoldan-se-je-poskodoval-otrok-odpeljal-ga-je-helikopter\" target=\"_blank\" rel=\"nofollow noopener\"> konec dneva je na Tolminskem zaznamovala nesre\u010da v gorskem okolju, v kateri je posredovala helikopterska posadka.<\/a><\/p>\n<p>Kot izhaja iz uradnega poro\u010dila Policijske uprave Nova Gorica, so bili operativci ob 18.07 obve\u0161\u010deni o dogodku na obmo\u010dju planine Sleme. Po do sedaj zbranih podatkih policije se je nesre\u010da zgodila med povsem vsakdanjim opravilom, in sicer med premikom krave z enega pa\u0161nika na drugega. Med tem je pri\u0161lo do nepredvidenega stika med doma\u010do \u017eivaljo in mlaj\u0161o osebo.<\/p>\n<p><img decoding=\"async\" class=\"article__img-tag-visible\" src=\"https:\/\/www.europesays.com\/si\/wp-content\/uploads\/2026\/07\/3675350.width-660.format-webp.webp\" alt=\"FOTO: Lesjak Miljko Irena, GRS\u00a0Tolmin, Facebook\" img_id=\"11664901\" data-img-id=\"11664901\"\/><\/p>\n<p>FOTO: Lesjak Miljko Irena, GRS\u00a0Tolmin, Facebook<\/p>\n<p>Na te\u017eko dostopen teren so nemudoma odhiteli tolminski gorski re\u0161evalci (GRS Tolmin) in \u010dlani de\u017eurne ekipe z Brnika, ki so lokalnim re\u0161evalcem pomagali pri oskrbi po\u0161kodovanega otroka. Po prvih ocenah naj bi na sre\u010do utrpel le la\u017eje po\u0161kodbe.<\/p>\n<p>Zaradi oddaljenosti in narave terena je na pomo\u010d prisko\u010dila Letalska policijska enota. Otroka so po oskrbi na kraju z re\u0161evalnim helikopterjem prepeljali na nadaljnje zdravljenje v \u0161empetrsko bolni\u0161nico.<\/p>\n","protected":false},"excerpt":{"rendered":"V\u010deraj\u0161nji konec dneva je na Tolminskem zaznamovala nesre\u010da v gorskem okolju, v kateri je posredovala helikopterska posadka. Kot&hellip;\n","protected":false},"author":2,"featured_media":153390,"comment_status":"","ping_status":"","sticky":false,"template":"","format":"standard","meta":{"footnotes":"","_share_on_mastodon":"0"},"categories":[6],"tags":[2640,502,4900,503,817,326,59,61,1591,62,37,58,60,38,12371,3794],"class_list":["post-153389","post","type-post","status-publish","format-standard","has-post-thumbnail","category-slovenija","tag-krava","tag-nesreca","tag-nesreca-v-gorah","tag-otroci","tag-otrok","tag-policija","tag-republic-of-slovenia","tag-republika-slovenija","tag-resevanje","tag-si","tag-slovene","tag-slovenia","tag-slovenija","tag-slovenscina","tag-tolmin","tag-zivali"],"share_on_mastodon":{"url":"https:\/\/pubeurope.com\/@si\/116885862801922190","error":""},"_links":{"self":[{"href":"https:\/\/www.europesays.com\/si\/wp-json\/wp\/v2\/posts\/153389","targetHints":{"allow":["GET"]}}],"collection":[{"href":"https:\/\/www.europesays.com\/si\/wp-json\/wp\/v2\/posts"}],"about":[{"href":"https:\/\/www.europesays.com\/si\/wp-json\/wp\/v2\/types\/post"}],"author":[{"embeddable":true,"href":"https:\/\/www.europesays.com\/si\/wp-json\/wp\/v2\/users\/2"}],"replies":[{"embeddable":true,"href":"https:\/\/www.europesays.com\/si\/wp-json\/wp\/v2\/comments?post=153389"}],"version-history":[{"count":0,"href":"https:\/\/www.europesays.com\/si\/wp-json\/wp\/v2\/posts\/153389\/revisions"}],"wp:featuredmedia":[{"embeddable":true,"href":"https:\/\/www.europesays.com\/si\/wp-json\/wp\/v2\/media\/153390"}],"wp:attachment":[{"href":"https:\/\/www.europesays.com\/si\/wp-json\/wp\/v2\/media?parent=153389"}],"wp:term":[{"taxonomy":"category","embeddable":true,"href":"https:\/\/www.europesays.com\/si\/wp-json\/wp\/v2\/categories?post=153389"},{"taxonomy":"post_tag","embeddable":true,"href":"https:\/\/www.europesays.com\/si\/wp-json\/wp\/v2\/tags?post=153389"}],"curies":[{"name":"wp","href":"https:\/\/api.w.org\/{rel}","templated":true}]}}