{"id":153468,"date":"2026-07-08T20:43:12","date_gmt":"2026-07-08T20:43:12","guid":{"rendered":"https:\/\/www.europesays.com\/si\/153468\/"},"modified":"2026-07-08T20:43:12","modified_gmt":"2026-07-08T20:43:12","slug":"zavbijev-vazelin-dobil-novo-razseznost-se-dopoldne-trdil-da-je-bila-opazka-namenjena-jelki-godec-in-jo-oznacil-za-bullyja-video","status":"publish","type":"post","link":"https:\/\/www.europesays.com\/si\/153468\/","title":{"rendered":"\u017davbijev vazelin dobil novo razse\u017enost: \u00bb\u0160e dopoldne trdil, da je bila opazka namenjena Jelki Godec, in jo ozna\u010dil za \u00bbbullyja\u00ab (VIDEO)"},"content":{"rendered":"<p>Besede poslanca Svobode Lenarta \u017davbija na torkovi seji mandatno-volilne komisije so danes naletele na ostre obsodbe<a href=\"https:\/\/slovenskenovice.delo.si\/novice\/slovenija\/v-ljubljani-odmevalo-vsi-tujci-ven-slovenija-slovencem-natasa-pirc-musar-jasna-to-je-sirjenje-sovrastva-video\" target=\"_blank\" rel=\"nofollow noopener\">. Predsednica Nata\u0161a Pirc Musar jih je ozna\u010dila za homofobne,<\/a> zagovornik na\u010dela enakosti Miha Lobnik pa za osebno \u017ealjive.<\/p>\n<p><img decoding=\"async\" class=\"article__img-tag-visible\" src=\"https:\/\/www.europesays.com\/si\/wp-content\/uploads\/2026\/07\/3675514.width-660.format-webp.webp\" alt=\"Lenart \u017davbi.\u00a0FOTO: Leon Vidic\/delo\" img_id=\"11665551\" data-img-id=\"11665551\"\/><\/p>\n<p>Lenart \u017davbi.\u00a0FOTO: Leon Vidic\/delo<\/p>\n<p>Odziv Jelke Godec (SDS)\u00a0<\/p>\n<p>Kdo je v tem primeru in v prej\u0161njem mandatu bully, so in bodo ocenili volilci. Opazka, ki jo je g. \u017davbi izrekel, je v vsakem pogledu seksisti\u010dna in homofobna in eklatantni primer nasilnega osebnega obra\u010dunavanja v javnem mediju. Ali kot priljubljeno na levi &#8211; zavr\u017eno dejanje. In to prihaja s strani tistih, ki se najraje razgla\u0161ajo za tolerantne, ki menda branijo \u017eenske in ki menda sprejemajo razli\u010dnost.<\/p>\n<p>\u017davbi se je Lobniku in javnosti opravi\u010dil\u00a0<\/p>\n<p>Na mandatno-volilni komisiji, ki je v torek obravnavala kandidaturo Barbare Zupan\u010di\u010d za novo zagovornico na\u010dela enakosti, saj se sedanjemu zagovorniku Mihi Lobniku drugi petletni mandat izte\u010de oktobra, se je razprava vrtela predvsem o smiselnosti te institucije. Pri tem je poslanec \u017davbi pri govoru o financiranju institucije v prej\u0161njem mandatu dejal, da so dodaten denar \u00bbdali z vazelinom\u00ab. Izjava je danes predmet ve\u010d javnih obsodb.<\/p>\n<p><img decoding=\"async\" class=\"article__img-tag-visible\" src=\"https:\/\/www.europesays.com\/si\/wp-content\/uploads\/2026\/07\/3675509.width-660.format-webp.webp\" alt=\"Opravi\u010dilo poslanca FOTO: Fb Lenart \u017davbi\" img_id=\"11665501\" data-img-id=\"11665501\"\/><\/p>\n<p>Opravi\u010dilo poslanca FOTO: Fb Lenart \u017davbi<\/p>\n<p>Tako se je danes na njegovo izvajanje odzval Lobnik, sicer nekdanji aktivist za pravice istospolnih, ki je izjavo vzel kot \u017ealjivo do njega osebno.\u00a0<\/p>\n<p>\u017davbi je danes na dru\u017ebenih omre\u017ejih objavil javno opravi\u010dil zagovorniku in javnosti. Zapisal je, da njegova opazka \u00bbv svojem namenu ni \u017eelela na kakr\u0161enkoli na\u010din zatirati ali poni\u017eevati kakr\u0161nekoli dru\u017ebene skupine\u00ab. \u00bbA namen besede ni pomemben, pomembna je posledica. In posledica je, da je bil posameznik in del javnosti ob tej opazki, prizadet,\u00ab\u00a0je pristavil.<\/p>\n<p>\u00bbTo, da vas pri izreku opazke nisem imel v mislih, me ne odvezuje pripoznavanja \u0161ir\u0161ega konteksta. Sploh v izrazito globalno naelektrenih razmerah je treba biti na tovrstne trenutke izjemno pozoren. Zato sprejmite moje naiskrenej\u0161e opravi\u010dilo,\u00ab\u00a0je zapisal zagovorniku.<\/p>\n<p><img decoding=\"async\" class=\"article__img-tag-visible\" src=\"https:\/\/www.europesays.com\/si\/wp-content\/uploads\/2026\/07\/3675511.width-660.format-webp.webp\" alt=\"Miha Lobnik.\u00a0FOTO: Jo\u017ee Suhadolnik\" img_id=\"11665541\" data-img-id=\"11665541\"\/><\/p>\n<p>Miha Lobnik.\u00a0FOTO: Jo\u017ee Suhadolnik<\/p>\n<p>Odziv varuhinje\u00a0\u010dlovekovih pravic<\/p>\n<p>Varuhinja \u010dlovekovih pravic dr. Simona Drenik Bavdek se je odzvala na izjavo poslanca v Dr\u017eavnem zboru RS Lenarta \u017davbija na torkovi seji mandatno-volilne komisije DZ.<br \/>\u00bb7. julij bo zapisan kot opomin, da je treba vrednote strpnosti, enakosti in spo\u0161tovanja \u010dlovekovih pravic nenehno varovati in jih dosledno uresni\u010devati v javnem prostoru. Izjave ali dejanja, ki spodbujajo nestrpnost in sovra\u0161tvo v dru\u017ebi ali uporabljajo homofobne stereotipe so nesprejemljivi.<br \/>Ob tem opozarjam, da je institucija Varuha ve\u010d let opozarjala, leta 2019 pa je dala tudi jasno priporo\u010dilo \u00bbvsem,\u00a0ki sodelujejo v javnih razpravah, \u0161e posebej politikom, naj se v svojih izjavah in besedilih izogibajo spodbujanju neenakopravnosti, sovra\u0161tva ali nestrpnosti na podlagi katerekoli osebne okoli\u0161\u010dine, ob morebitnih tak\u0161nih primerih pa naj se nanje nemudoma odzovejo in jih obsodijo.\u00ab Po tem je kolegij predsednika Dr\u017eavnega zbora junija 2020 z dvotretjinsko ve\u010dino sprejel Eti\u010dni kodeks za poslanke in poslance Dr\u017eavnega zbora Republike Slovenije. Varuh po sprejetju kodeksa ni videl ve\u010d potrebe, da bi priporo\u010dilo ponavljal, a je v svojem letnem poro\u010dilu za leto 2020 hkrati opozoril, da bo klju\u010dno, kako se bo ta samoregulacijski mehanizem obnesel v praksi. Varuh je ve\u010dkrat izpostavil, da je poslanski eti\u010dni kodeks klju\u010den prav pri odzivanju na posamezne primere sovra\u017enega govora v politiki, vredne javne obsodbe.<br \/>Zato varuhinja od vodstva Dr\u017eavnega zbora RS pri\u010dakuje odlo\u010dno ukrepanje, saj 10. \u010dlen omenjenega kodeksa dolo\u010da, da predlog za presojo kr\u0161itve kodeksa v obravnavo kolegiju predlo\u017ei predsednik Dr\u017eavnega zbora ali podpredsednik Dr\u017eavnega zbora, kolegij pa ugotovi kr\u0161itve in izre\u010de sankcije, \u010de izrek podpirajo vodje poslanskih skupin, katerih \u010dlani predstavljajo dve tretjini vseh poslancev v Dr\u017eavnem zboru.<br \/>Varuhinja pozdravlja javno opravi\u010dilo poslanca, vendar ob tem poudarja, da to ne nadome\u0161\u010da potrebe po jasnem odzivu Dr\u017eavnega zbora, skladno z eti\u010dnim kodeksom in odlo\u010dnega odziva vseh poslanskih skupin, predvsem pa poslanske skupine Gibanje Svoboda, katere namestnik vodje je poslanec Lenart \u017davbi. Etika javne besede glede homofobnega ali kateregakoli drugega izra\u017eanja, ki odra\u017ea nestrpnost, predsodke, zani\u010devanje ali sovra\u0161tvo na podlagi katerekoli osebne okoli\u0161\u010dine, zahteva ni\u010delno toleranco in ustrezno ukrepanje.\u00ab<\/p>\n<p>\u00bbObenem pa se \u017eelim opravi\u010diti tudi celotni javnosti. Ne \u017eelim, da se mojo opazko pozabi. \u017delim, da se lahko iz nje vsi nekaj nau\u010dimo. Ne le jaz. Besede so tudi dejanja, besede bolijo in besede lahko povzro\u010dajo dru\u017ebene neenakosti. Naj moje opravi\u010dilo vsaj za odtenek pripomore k zavedanju tega,\u00ab\u00a0je \u0161e zapisal.<\/p>\n<p>Nata\u0161a Pirc Musar:\u00a0\u00bbPopolnoma neprimeren homofobni izpad\u00ab<\/p>\n<p>\u017davbijeve besede je kot \u00bbpopolnoma neprimeren homofobni izpad, uperjen proti aktualnemu zagovorniku na\u010dela enakosti\u00ab, danes ozna\u010dila predsednica republike Nata\u0161a Pirc Musar. \u00bbTak\u0161en govor je nesprejemljiv,\u00ab\u00a0je opozorila v zapisu na dru\u017ebenih omre\u017ejih, v katerem je sicer obsodila tudi torkov Shod domoljubov.<\/p>\n<p>No, v poslanski skupini SDS pa pravijo, da ostaja odprto vpra\u0161anje, \u010de\u00a0se bo poslanec Lenart \u017davbi opravi\u010dil tudi vodji poslanske skupine SDS Jelki Godec. \u00bb\u0160e danes dopoldne je pred mediji trdil, da je bila opazka \u00bbvazelin\u00ab namenjena njej, in jo ozna\u010dil za \u00bbbullyja\u00ab. Zdaj pa se opravi\u010duje g. Lobniku. \u010cas je, da prevzame odgovornost za svoje besede in se opravi\u010di tudi Jelki Godec.\u00ab<\/p>\n","protected":false},"excerpt":{"rendered":"Besede poslanca Svobode Lenarta \u017davbija na torkovi seji mandatno-volilne komisije so danes naletele na ostre obsodbe. Predsednica Nata\u0161a&hellip;\n","protected":false},"author":2,"featured_media":153469,"comment_status":"","ping_status":"","sticky":false,"template":"","format":"standard","meta":{"footnotes":"","_share_on_mastodon":"0"},"categories":[6],"tags":[27926,8944,14338,1197,11767,59,61,62,37,58,60,38],"class_list":["post-153468","post","type-post","status-publish","format-standard","has-post-thumbnail","category-slovenija","tag-homofobija","tag-lenart-zavbi","tag-miha-lobnik","tag-natasa-pirc-musar","tag-opravicilo","tag-republic-of-slovenia","tag-republika-slovenija","tag-si","tag-slovene","tag-slovenia","tag-slovenija","tag-slovenscina"],"share_on_mastodon":{"url":"https:\/\/pubeurope.com\/@si\/116886307192663596","error":""},"_links":{"self":[{"href":"https:\/\/www.europesays.com\/si\/wp-json\/wp\/v2\/posts\/153468","targetHints":{"allow":["GET"]}}],"collection":[{"href":"https:\/\/www.europesays.com\/si\/wp-json\/wp\/v2\/posts"}],"about":[{"href":"https:\/\/www.europesays.com\/si\/wp-json\/wp\/v2\/types\/post"}],"author":[{"embeddable":true,"href":"https:\/\/www.europesays.com\/si\/wp-json\/wp\/v2\/users\/2"}],"replies":[{"embeddable":true,"href":"https:\/\/www.europesays.com\/si\/wp-json\/wp\/v2\/comments?post=153468"}],"version-history":[{"count":0,"href":"https:\/\/www.europesays.com\/si\/wp-json\/wp\/v2\/posts\/153468\/revisions"}],"wp:featuredmedia":[{"embeddable":true,"href":"https:\/\/www.europesays.com\/si\/wp-json\/wp\/v2\/media\/153469"}],"wp:attachment":[{"href":"https:\/\/www.europesays.com\/si\/wp-json\/wp\/v2\/media?parent=153468"}],"wp:term":[{"taxonomy":"category","embeddable":true,"href":"https:\/\/www.europesays.com\/si\/wp-json\/wp\/v2\/categories?post=153468"},{"taxonomy":"post_tag","embeddable":true,"href":"https:\/\/www.europesays.com\/si\/wp-json\/wp\/v2\/tags?post=153468"}],"curies":[{"name":"wp","href":"https:\/\/api.w.org\/{rel}","templated":true}]}}