{"id":153848,"date":"2026-07-09T07:44:11","date_gmt":"2026-07-09T07:44:11","guid":{"rendered":"https:\/\/www.europesays.com\/si\/153848\/"},"modified":"2026-07-09T07:44:11","modified_gmt":"2026-07-09T07:44:11","slug":"zda-v-iranu-napadle-priblizno-90-vojaskih-ciljev-iran-znova-napadel-bahrajn-in-kuvajt","status":"publish","type":"post","link":"https:\/\/www.europesays.com\/si\/153848\/","title":{"rendered":"ZDA v Iranu napadle pribli\u017eno 90 voja\u0161kih ciljev. Iran znova napadel Bahrajn in Kuvajt."},"content":{"rendered":"<p>\t\t\t\t\t\t\t\t<a href=\"https:\/\/www.europesays.com\/si\/wp-content\/uploads\/2026\/07\/67059810.jpg\" itemprop=\"contentUrl\" data-size=\"1200x800\" data-large=\"https:\/\/www.europesays.com\/si\/wp-content\/uploads\/2026\/07\/67059810.jpg\"><br \/>\n\t\t\t\t\t\t\t\t\t<img decoding=\"async\" src=\"https:\/\/www.europesays.com\/si\/wp-content\/uploads\/2026\/07\/67059810.jpg\" title=\"Dim po eksploziji na neznani lokaciji v Iranu. Foto: CENTCOM\/Reuters\" alt=\"Dim po eksploziji na neznani lokaciji v Iranu. Foto: CENTCOM\/Reuters\"\/><br \/>\n\t\t\t\t\t\t\t\t<\/a><\/p>\n<p>\t\t\t\t\t\t\t\t\tDim po eksploziji na neznani lokaciji v Iranu. Foto: CENTCOM\/Reuters<\/p>\n<p>\t\t\t\t\t\t\t<a id=\"preferredSourceBanner\" href=\"#\" target=\"_blank\" class=\"d-none align-items-center justify-content-between rounded my-3\" style=\"background-color: #F2F6FC; padding: 10px 15px;\"><br \/>\n\t\t\t\t\t\t<img decoding=\"async\" src=\"https:\/\/img.rtvslo.si\/_static\/novi\/img\/ico-google.svg\" class=\"flex-shrink-0 mr-3\"\/><br \/>\n\t\t\t\t\t\tSpremljajte RTVSLO.si kot prednostni vir na Google<\/p>\n<p>\t\t\t\t\t<\/a><\/p>\n<p>&#8220;Ameri\u0161ke sile so napadle pribli\u017eno 90 iranskih voja\u0161kih ciljev, vklju\u010dno s sistemi zra\u010dne obrambe, obalnimi nadzornimi sredstvi, skladi\u0161\u010di raket in brezpilotnih letal, pomorskimi zmogljivostmi in voja\u0161ko logisti\u010dno infrastrukturo vzdol\u017e iranske obale,&#8221; je sporo\u010dil CENTCOM.<\/p>\n<p>Oglas<\/p>\n<p>Iranski mediji so poro\u010dali o eksplozijah v bli\u017eini obalnih mest Bandar Abas in Sirik, nekatera obmo\u010dja so ostala brez elektrike. Dva izstrelka naj bi zadela otok Abu Musa, enega od treh otokov v Perzijskem zalivu, ki so predmet spora med Iranom in Zdru\u017eenimi arabskimi emirati ter ga trenutno upravlja Iran. Eksplozije so odjeknile tudi na obmo\u010djih mest Konarak in \u010cabahar ob obali Omanskega zaliva v jugovzhodni provinci Sistan in Belud\u017eistan.<\/p>\n<p>Poveljstvo je pojasnilo, da so bili napadi namenjeni oslabitvi zmo\u017enosti Irana za ogro\u017eanje svobode plovbe v Hormu\u0161ki o\u017eini. &#8220;Ameri\u0161ke sile ostajajo oprezne, smrtonosne in pripravljene na izvajanje operacij pod vodstvom vrhovnega poveljnika,&#8221; so navedli.<\/p>\n<p>Iranski dr\u017eavni mediji poro\u010dajo o treh smrtnih \u017ertvah v jugozahodni provinci Huzestan. Po navedbah tamkaj\u0161njih oblasti je bilo poleg treh mrtvih v napadu na obrobju regionalne prestolnice Ahvaz ve\u010d ljudi ranjenih.<\/p>\n<p>Po napadih je bil prekinjen tudi \u017eelezni\u0161ki promet na relaciji med prestolnico Teheran in Ma\u0161hadom na severovzhodu. V drugem najve\u010djem mestu v dr\u017eavi naj bi danes pokopali pokojnega vrhovnega voditelja ajatolo Alija Hameneja. Dr\u017eavna \u017eelezni\u0161ka dru\u017eba je sporo\u010dila, da so za potnike, ki so ostali na progi, organizirali nadomestni avtobusni prevoz.<\/p>\n<p>Iran odgovoril z napadi na opori\u0161\u010da v Bahrajnu in Kuvajtu<\/p>\n<p>Iran se je odzval z novimi napadi na Kuvajt in Bahrajn, kjer so ameri\u0161ka voja\u0161ka opori\u0161\u010da. Kuvajtsko ministrstvo za obrambo je sporo\u010dilo, da je proti sovra\u017enim raketam in brezpilotnikom spro\u017eilo protizra\u010dno obrambo, medtem ko je Katar za kratek \u010das razglasil opozorilo o &#8220;pove\u010dani varnostni gro\u017enji&#8221;, pozneje pa je razglasil, da je nevarnost minila.<\/p>\n<p>Islamska revolucionarna garda je kasneje potrdila, da je izvedla napade na Kuvajt in Bahrajn ter napade ozna\u010dila za &#8220;prvo fazo kaznovanja Ameri\u010danov, ki kr\u0161ijo pogodbe&#8221;. Ob tem je ZDA opozorila, da bo v primeru nadaljevanja agresije napade raz\u0161irila \u0161e na druge baze v regiji, navaja BBC.<\/p>\n<p>Garda je po poro\u010danju televizije Irib z raketami in brezpilotniki napadla &#8220;klju\u010dno infrastrukturo in objekte&#8221; na obmo\u010dju ameri\u0161kih opori\u0161\u010d Arifd\u017ean in Ali al Salem v Kuvajtu ter D\u017eufair in \u0160ejk Isa v Bahrajnu.<\/p>\n<p>Iranske oboro\u017eene sile so v lo\u010deni izjavi navedle, da so &#8220;z velikim \u0161tevilom razli\u010dnih tipov brezpilotnikov&#8221; v Kuvajtu napadle sisteme protizra\u010dne obrambe patriot, sisteme za zgodnje opozarjanje v Katarju in rezervoarje za gorivo v Bahrajnu, poro\u010dajo iranski dr\u017eavni mediji.<\/p>\n<p>ZDA so cilje v Iranu napadle \u017ee v no\u010di na sredo, in sicer kot odgovor na predhodne iranske napade na tri ladje v Hormu\u0161ki o\u017eini, pomembni plovni poti za energente iz Perzijskega zaliva.<\/p>\n<p>Najnovej\u0161i niz napadov je sledil nekaj ur za tem, ko je ameri\u0161ki predsednik Donald Trump izjavil, da je po njegovem mnenju za\u010dasna prekinitev ognja &#8220;kon\u010dana&#8221;. Po njegovih besedah se ameri\u0161ki pogajalci sicer lahko \u0161e naprej pogovarjajo s Teheranom, a s tem po njegovih besedah le tratijo svoj \u010das.<\/p>\n<p>Zaostritev razmer se je zgodila po tem, ko sta Washington in Teheran sredi junija v prizadevanjih za kon\u010danje vojne sklenila memorandum o soglasju.<\/p>\n<p>\t\t\t\tAmeri\u0161ke sile znova napadle tar\u010de v Iranu<\/p>\n<p>Oglas<\/p>\n","protected":false},"excerpt":{"rendered":"Dim po eksploziji na neznani lokaciji v Iranu. Foto: CENTCOM\/Reuters Spremljajte RTVSLO.si kot prednostni vir na Google &#8220;Ameri\u0161ke&hellip;\n","protected":false},"author":2,"featured_media":153849,"comment_status":"","ping_status":"","sticky":false,"template":"","format":"standard","meta":{"footnotes":"","_share_on_mastodon":"0"},"categories":[20],"tags":[9811,32,333,7258,35,4065,31,34,36,37,38,33,404],"class_list":["post-153848","post","type-post","status-publish","format-standard","has-post-thumbnail","category-novice","tag-bahrajn","tag-headlines","tag-iran","tag-kuvajt","tag-najpomembnejse-novice","tag-napadi","tag-news","tag-novice","tag-osrednje-novice","tag-slovene","tag-slovenscina","tag-top-stories","tag-zda"],"share_on_mastodon":{"url":"https:\/\/pubeurope.com\/@si\/116888906313745633","error":""},"_links":{"self":[{"href":"https:\/\/www.europesays.com\/si\/wp-json\/wp\/v2\/posts\/153848","targetHints":{"allow":["GET"]}}],"collection":[{"href":"https:\/\/www.europesays.com\/si\/wp-json\/wp\/v2\/posts"}],"about":[{"href":"https:\/\/www.europesays.com\/si\/wp-json\/wp\/v2\/types\/post"}],"author":[{"embeddable":true,"href":"https:\/\/www.europesays.com\/si\/wp-json\/wp\/v2\/users\/2"}],"replies":[{"embeddable":true,"href":"https:\/\/www.europesays.com\/si\/wp-json\/wp\/v2\/comments?post=153848"}],"version-history":[{"count":0,"href":"https:\/\/www.europesays.com\/si\/wp-json\/wp\/v2\/posts\/153848\/revisions"}],"wp:featuredmedia":[{"embeddable":true,"href":"https:\/\/www.europesays.com\/si\/wp-json\/wp\/v2\/media\/153849"}],"wp:attachment":[{"href":"https:\/\/www.europesays.com\/si\/wp-json\/wp\/v2\/media?parent=153848"}],"wp:term":[{"taxonomy":"category","embeddable":true,"href":"https:\/\/www.europesays.com\/si\/wp-json\/wp\/v2\/categories?post=153848"},{"taxonomy":"post_tag","embeddable":true,"href":"https:\/\/www.europesays.com\/si\/wp-json\/wp\/v2\/tags?post=153848"}],"curies":[{"name":"wp","href":"https:\/\/api.w.org\/{rel}","templated":true}]}}