{"id":154471,"date":"2026-07-09T17:27:20","date_gmt":"2026-07-09T17:27:20","guid":{"rendered":"https:\/\/www.europesays.com\/si\/154471\/"},"modified":"2026-07-09T17:27:20","modified_gmt":"2026-07-09T17:27:20","slug":"v-dveh-dneh-ameriskih-napadov-na-iran-ubitih-14-ljudi-izrael-grozi-z-novo-agresijo-na-iran","status":"publish","type":"post","link":"https:\/\/www.europesays.com\/si\/154471\/","title":{"rendered":"V dveh dneh ameri\u0161kih napadov na Iran ubitih 14 ljudi. Izrael grozi z novo agresijo na Iran."},"content":{"rendered":"<p>\t\t\t\t\t\t\t\t<a href=\"https:\/\/www.europesays.com\/si\/wp-content\/uploads\/2026\/07\/67059998.jpg\" itemprop=\"contentUrl\" data-size=\"1200x800\" data-large=\"https:\/\/www.europesays.com\/si\/wp-content\/uploads\/2026\/07\/67059998.jpg\"><br \/>\n\t\t\t\t\t\t\t\t\t<img decoding=\"async\" src=\"https:\/\/www.europesays.com\/si\/wp-content\/uploads\/2026\/07\/67059998.jpg\" title=\"Iransko pristani\u0161\u010de v pokrajini Hormozgan pred ameri\u0161kimi napadi. Foto: Reuters\" alt=\"Iransko pristani\u0161\u010de v pokrajini Hormozgan pred ameri\u0161kimi napadi. Foto: Reuters\"\/><br \/>\n\t\t\t\t\t\t\t\t<\/a><\/p>\n<p>\t\t\t\t\t\t\t\t\tIransko pristani\u0161\u010de v pokrajini Hormozgan pred ameri\u0161kimi napadi. Foto: Reuters<\/p>\n<p>\t\t\t\t\t\t\t<a id=\"preferredSourceBanner\" href=\"#\" target=\"_blank\" class=\"d-none align-items-center justify-content-between rounded my-3\" style=\"background-color: #F2F6FC; padding: 10px 15px;\"><br \/>\n\t\t\t\t\t\t<img decoding=\"async\" src=\"https:\/\/img.rtvslo.si\/_static\/novi\/img\/ico-google.svg\" class=\"flex-shrink-0 mr-3\"\/><br \/>\n\t\t\t\t\t\tSpremljajte RTVSLO.si kot prednostni vir na Google<\/p>\n<p>\t\t\t\t\t<\/a><\/p>\n<p>&#8220;Ameri\u0161ke sile so napadle pribli\u017eno 90 iranskih voja\u0161kih ciljev, vklju\u010dno s sistemi zra\u010dne obrambe, obalnimi nadzornimi sredstvi, skladi\u0161\u010di raket in brezpilotnih letal, pomorskimi zmogljivostmi in voja\u0161ko logisti\u010dno infrastrukturo vzdol\u017e iranske obale,&#8221; je sporo\u010dil Centcom.<\/p>\n<p>Oglas<\/p>\n<p>Iranski mediji so poro\u010dali o eksplozijah v bli\u017eini obalnih mest Bandar Abas in Sirik, nekatera obmo\u010dja so ostala brez elektrike. Dva izstrelka naj bi zadela otok Abu Musa, enega od treh otokov v Perzijskem zalivu, ki so predmet spora med Iranom in Zdru\u017eenimi arabskimi emirati ter ga trenutno upravlja Iran. Eksplozije so odjeknile tudi na obmo\u010djih mest Konarak in \u010cabahar ob obali Omanskega zaliva v jugovzhodni pokrajini Sistan in Belud\u017eistan.<\/p>\n<p>\t\t\t\t\t\t\t\tIzrael grozi<\/p>\n<p>\t\t\t\t\t\t\t\t\t\tOb novem zaostrovanju napetosti med ZDA in Iranom je Izrael sporo\u010dil, da je pripravljen \u0161e tretji\u010d napasti Iran. Kot je dejal izraelski obrambni minister Izrael Kac, bo Izrael nadaljeval voja\u0161ko kampanjo proti Iranu, \u010de bo to potrebno. Zagrozil je, da bo Izrael to storil s \u0161e ve\u010djo silo kot doslej.<\/p>\n<p>&#8220;Vojska je v pripravljenosti na nadaljevanje spopadov z namenom, da bi znova pridobila premo\u010d v zraku in ponovno izvedla napade (&#8230;) v Iranu ter odpravila gro\u017enje, \u017ee tretji\u010d, \u010de bo treba. \u010ce se bomo morali vrniti, se bomo vrnili s \u0161e ve\u010djo silo,&#8221; je dejal Kac. Izrael je Iran napadel \u017ee februarja letos in junija lani.<\/p>\n<p>Poveljstvo je sporo\u010dilo, da so bili napadi namenjeni oslabitvi zmo\u017enosti Irana za ogro\u017eanje svobode plovbe v Hormu\u0161ki o\u017eini. &#8220;Ameri\u0161ke sile ostajajo oprezne, smrtonosne in pripravljene na izvajanje operacij pod vodstvom vrhovnega poveljnika,&#8221; so navedli.<\/p>\n<p>Iranski dr\u017eavni mediji poro\u010dajo o treh smrtnih \u017ertvah v jugozahodni pokrajini Huzestan. Po navedbah tamkaj\u0161njih oblasti je bilo poleg treh mrtvih v napadu na obrobju regionalne prestolnice Ahvaz ve\u010d ljudi ranjenih.<\/p>\n<p>Po napadih je bil prekinjen tudi \u017eelezni\u0161ki promet na relaciji med prestolnico Teheran in Ma\u0161hadom na severovzhodu. V drugem najve\u010djem mestu v dr\u017eavi naj bi danes pokopali pokojnega vrhovnega voditelja ajatolo Alija Hameneja. Dr\u017eavna \u017eelezni\u0161ka dru\u017eba je sporo\u010dila, da so za potnike, ki so ostali na progi, organizirali nadomestni avtobusni prevoz.<\/p>\n<p>Napad na obmo\u010dje okoli jedrske elektrarne<\/p>\n<p>Ve\u010d eksplozij je medtem odjeknilo v ju\u017eni iranski pokrajini Bu\u0161er, kjer je edina iranska jedrska elektrarna, poro\u010danje iranske tiskovne agencije Fars povzema francoska AFP.<\/p>\n<p>Pozneje so iranski mediji ob sklicevanju na namestnika guvernerja province poro\u010dali, da so bili tar\u010da napadov \u0161tevilni predeli v pokrajini, med drugim obmo\u010dje okoli elektrarne, voja\u0161ko opori\u0161\u010de v mestu \u010cogadak in ribi\u0161ki pomol na jugu. Za zdaj ne poro\u010dajo o \u017ertvah.<\/p>\n<p>Po navedbah BBC-ja so no\u010dni ameri\u0161ki napadi v Iranu mo\u010dno po\u0161kodovali nadzorni stolp v pristani\u0161kem mestu \u010cabahar na jugovzhodu Irana. BBC je preveril dva videoposnetka, eden je nastal pono\u010di in drugi zjutraj, ki prikazujeta hude po\u0161kodbe na stolpu, vklju\u010dno z delno poru\u0161eno streho.<\/p>\n<p>\t\t\t\t\t\t\t\t<a href=\"https:\/\/www.europesays.com\/si\/wp-content\/uploads\/2026\/07\/1783618040_63_67059810.jpg\" itemprop=\"contentUrl\" data-size=\"1200x800\" data-large=\"https:\/\/www.europesays.com\/si\/wp-content\/uploads\/2026\/07\/1783618040_63_67059810.jpg\"><br \/>\n\t\t\t\t\t\t\t\t\t<img decoding=\"async\" src=\"https:\/\/www.europesays.com\/si\/wp-content\/uploads\/2026\/07\/1783618040_63_67059810.jpg\" title=\"Dim po eksploziji na neznani lokaciji v Iranu. Foto: CENTCOM\/Reuters\" alt=\"Dim po eksploziji na neznani lokaciji v Iranu. Foto: CENTCOM\/Reuters\"\/><br \/>\n\t\t\t\t\t\t\t\t<\/a><\/p>\n<p>\t\t\t\t\t\t\t\t\tDim po eksploziji na neznani lokaciji v Iranu. Foto: CENTCOM\/Reuters<\/p>\n<p>\t\t\t\t\t\t\tAmeri\u0161ki napadi zahtevali 14 \u017eivljenj<\/p>\n<p>Iransko ministrstvo za zdravje je sporo\u010dilo, da je v dveh dneh v ameri\u0161kih napadih v Iranu umrlo 14 ljudi, najmanj 78 je ranjenih. &#8220;Od ranjenih jih je 47 \u0161e vedno hospitaliziranih, preostali so bili po prejetju zdravstvene oskrbe odpu\u0161\u010deni iz bolni\u0161nice,&#8221; je na omre\u017eju X navedlo iransko ministrstvo za zdravje.<\/p>\n<p>Iransko zunanje ministrstvo je medtem ZDA obsodilo zaradi napadov na civilno infrastrukturo in to ozna\u010dilo za hud vojni zlo\u010din. V izjavi je obsodilo napade &#8220;teroristi\u010dne vojske ZDA na ve\u010d lokacij v ju\u017enih obalnih pokrajinah in na dva mostova v vzhodnih pokrajinah na \u017eelezni\u0161ki progi do svetega mesta Ma\u0161had&#8221;. Trumpovo administracijo je ozna\u010dilo za &#8220;zlobno in psihopatsko&#8221;.<\/p>\n<p>\t\t\t\t\t\t\t\t<a href=\"https:\/\/www.europesays.com\/si\/wp-content\/uploads\/2026\/07\/67059873.jpg\" itemprop=\"contentUrl\" data-size=\"1200x800\" data-large=\"https:\/\/www.europesays.com\/si\/wp-content\/uploads\/2026\/07\/67059873.jpg\"><br \/>\n\t\t\t\t\t\t\t\t\t<img decoding=\"async\" src=\"https:\/\/www.europesays.com\/si\/wp-content\/uploads\/2026\/07\/67059873.jpg\" title=\"Dim po napadu na kontrolni stolp za pomorski promet. Fotografija je z dru\u017ebenih omre\u017eij. Foto: Reuters\" alt=\"Dim po napadu na kontrolni stolp za pomorski promet. Fotografija je z dru\u017ebenih omre\u017eij. Foto: Reuters\"\/><br \/>\n\t\t\t\t\t\t\t\t<\/a><\/p>\n<p>\t\t\t\t\t\t\t\t\tDim po napadu na kontrolni stolp za pomorski promet. Fotografija je z dru\u017ebenih omre\u017eij. Foto: Reuters<\/p>\n<p>\t\t\t\t\t\t\tIran odgovoril z napadi na opori\u0161\u010da v Bahrajnu in Kuvajtu<\/p>\n<p>Iran se je na ameri\u0161ke napade odzval z novimi napadi na ameri\u0161ka voja\u0161ka opori\u0161\u010da v Kuvajtu in Bahrajnu. Kuvajtsko ministrstvo za obrambo je sporo\u010dilo, da je proti sovra\u017enim raketam in brezpilotnikom spro\u017eilo protizra\u010dno obrambo, medtem ko je Katar za kratek \u010das razglasil opozorilo o &#8220;pove\u010dani varnostni gro\u017enji&#8221;, pozneje pa je razglasil, da je nevarnost minila.<\/p>\n<p>Pozneje je ministrstvo za obrambo sporo\u010dilo, da je bil v napadih ranjen najmanj en \u010dlovek. Dodalo je, da so sicer uspe\u0161no prestregli \u0161tiri rakete in deset brezpilotnikov.<\/p>\n<p>Sirene, ki opozarjajo na zra\u010dne napade, so zadonele tudi v Jordaniji, poro\u010da tamkaj\u0161nja dr\u017eavna radiotelevizija Al Mamlaka. Tiskovni predstavnik vlade v Amanu je za omenjeni medij pojasnil, da so se sirene oglasile zaradi raket, izstreljenih iz Irana, ki pa jih je vojska ha\u0161emitske kraljevine prestregla.<\/p>\n<p>Islamska revolucionarna garda je pozneje potrdila, da je izvedla napade na Kuvajt in Bahrajn ter napade ozna\u010dila za &#8220;prvo fazo kaznovanja Ameri\u010danov, ki kr\u0161ijo pogodbe&#8221;. Ob tem je ZDA opozorila, da bo v primeru nadaljevanja agresije napade raz\u0161irila \u0161e na druga opori\u0161\u010da v regiji, navaja BBC.<\/p>\n<p>Garda je po poro\u010danju televizije Irib z raketami in brezpilotniki napadla &#8220;klju\u010dno infrastrukturo in objekte&#8221; na obmo\u010dju ameri\u0161kih opori\u0161\u010d Arifd\u017ean in Ali al Salem v Kuvajtu ter D\u017eufair in \u0160ejk Isa v Bahrajnu.<\/p>\n<p>Iranske oboro\u017eene sile so v lo\u010deni izjavi navedle, da so &#8220;z velikim \u0161tevilom razli\u010dnih tipov brezpilotnikov&#8221; v Kuvajtu napadle sisteme protizra\u010dne obrambe Patriot, sisteme za zgodnje opozarjanje v Katarju in rezervoarje za gorivo v Bahrajnu, poro\u010dajo iranski dr\u017eavni mediji.<\/p>\n<p>Iran je z vodenimi raketami napadel tudi ameri\u0161ke ru\u0161ilce in ladje pred obalo Bahrajna, poro\u010da nem\u0161ka tiskovna agencija DPA.<\/p>\n<p>Prevzem nadzora nad o\u017eino<\/p>\n<p>Revolucionarna garda je \u0161e sporo\u010dila, da so iranske sile znova prevzele nadzor nad Hormu\u0161ko o\u017eino. Garda je po lastnih navedbah, ki jih povzema iranska tiskovna agencija Tasnim, ohranila varnost o\u017eine in za\u010dela njeno postopno ponovno odpiranje.<\/p>\n<p>Sporo\u010dili so, da je promet v tej klju\u010dni pomorski poti dosegel pribli\u017eno 50 odstotkov predvojne ravni in \u0161e naprej nara\u0161\u010da \u0161tevilo plovil, ki z dovoljenjem Irana plujejo v o\u017eini. Zagrozili so, da tuje sile nimajo pravic do o\u017eine, in dodali, da bo vsakr\u0161no vme\u0161avanje privedlo do &#8220;uni\u010dujo\u010dega odziva&#8221;.<\/p>\n<p>Prekinitev ognja &#8220;kon\u010dana&#8221;<\/p>\n<p>ZDA so cilje v Iranu napadle \u017ee v no\u010di na sredo, in sicer kot odgovor na predhodne iranske napade na tri ladje v Hormu\u0161ki o\u017eini, pomembni plovni poti za energente iz Perzijskega zaliva.<\/p>\n<p>Najnovej\u0161i niz napadov je sledil nekaj ur zatem, ko je ameri\u0161ki predsednik Donald Trump izjavil, da je po njegovem mnenju za\u010dasna prekinitev ognja &#8220;kon\u010dana&#8221;. Po njegovih besedah se ameri\u0161ki pogajalci sicer lahko \u0161e naprej pogovarjajo s Teheranom, a s tem po njegovih besedah le tratijo svoj \u010das.<\/p>\n<p>Zaostritev razmer se je zgodila po tem, ko sta Washington in Teheran sredi junija v prizadevanjih za kon\u010danje vojne sklenila memorandum o soglasju.<\/p>\n<p>\t\t\t\tAmeri\u0161ka vojska je znova napadla Iran<\/p>\n<p>Oglas<\/p>\n","protected":false},"excerpt":{"rendered":"Iransko pristani\u0161\u010de v pokrajini Hormozgan pred ameri\u0161kimi napadi. Foto: Reuters Spremljajte RTVSLO.si kot prednostni vir na Google &#8220;Ameri\u0161ke&hellip;\n","protected":false},"author":2,"featured_media":154472,"comment_status":"","ping_status":"","sticky":false,"template":"","format":"standard","meta":{"footnotes":"","_share_on_mastodon":"0"},"categories":[8],"tags":[9811,333,7258,4065,37,38,64,63,404],"class_list":["post-154471","post","type-post","status-publish","format-standard","has-post-thumbnail","category-svet","tag-bahrajn","tag-iran","tag-kuvajt","tag-napadi","tag-slovene","tag-slovenscina","tag-svet","tag-world","tag-zda"],"share_on_mastodon":{"url":"https:\/\/pubeurope.com\/@si\/116891198926784518","error":""},"_links":{"self":[{"href":"https:\/\/www.europesays.com\/si\/wp-json\/wp\/v2\/posts\/154471","targetHints":{"allow":["GET"]}}],"collection":[{"href":"https:\/\/www.europesays.com\/si\/wp-json\/wp\/v2\/posts"}],"about":[{"href":"https:\/\/www.europesays.com\/si\/wp-json\/wp\/v2\/types\/post"}],"author":[{"embeddable":true,"href":"https:\/\/www.europesays.com\/si\/wp-json\/wp\/v2\/users\/2"}],"replies":[{"embeddable":true,"href":"https:\/\/www.europesays.com\/si\/wp-json\/wp\/v2\/comments?post=154471"}],"version-history":[{"count":0,"href":"https:\/\/www.europesays.com\/si\/wp-json\/wp\/v2\/posts\/154471\/revisions"}],"wp:featuredmedia":[{"embeddable":true,"href":"https:\/\/www.europesays.com\/si\/wp-json\/wp\/v2\/media\/154472"}],"wp:attachment":[{"href":"https:\/\/www.europesays.com\/si\/wp-json\/wp\/v2\/media?parent=154471"}],"wp:term":[{"taxonomy":"category","embeddable":true,"href":"https:\/\/www.europesays.com\/si\/wp-json\/wp\/v2\/categories?post=154471"},{"taxonomy":"post_tag","embeddable":true,"href":"https:\/\/www.europesays.com\/si\/wp-json\/wp\/v2\/tags?post=154471"}],"curies":[{"name":"wp","href":"https:\/\/api.w.org\/{rel}","templated":true}]}}