{"id":154507,"date":"2026-07-09T18:07:10","date_gmt":"2026-07-09T18:07:10","guid":{"rendered":"https:\/\/www.europesays.com\/si\/154507\/"},"modified":"2026-07-09T18:07:10","modified_gmt":"2026-07-09T18:07:10","slug":"koncno-ministrstvo-za-kulturo-ustavilo-izplacila-kulturnikom-umetniki-naj-se-obrnejo-na-nekdanjo-ministrico-asto-vrecko","status":"publish","type":"post","link":"https:\/\/www.europesays.com\/si\/154507\/","title":{"rendered":"Kon\u010dno! Ministrstvo za kulturo ustavilo izpla\u010dila kulturnikom, umetniki naj se obrnejo na nekdanjo ministrico Asto Vre\u010dko"},"content":{"rendered":"<p style=\"text-align: justify;\">Ministrstvo za kulturo do nadaljnjega ne sprejema zahtevkov za pla\u010dila. Novo vodstvo je namre\u010d ob primopredaji poslov ugotovilo zaskrbljujo\u010de finan\u010dno stanje ministrstva. \u201cAsta je izpraznila blagajno,\u201d komentira Miro Petek, upokojeni novinar in nekdanji uslu\u017ebenec Ministrstva za kulturo.<\/p>\n<p style=\"text-align: justify;\">\u201cPo natan\u010dnem pregledu finan\u010dnega stanja v prora\u010dunu Ministrstva za kulturo smo ugotovili, da nam zaradi pove\u010dane porabe predhodnega vodstva ministrstva po vseh trenutnih podatkih manjka 8,9 milijona evrov za teko\u010de financiranje vseh zakonskih in pogodbenih obveznosti do konca leta. Najve\u010dji manko smo ugotovili na postavki za samozaposlene v kulturi, in sicer 3,9 milijona evrov do konca leta,\u201d pa so zapisali na ministrstvu, ki ga sedaj vodi Ignacija Fridl Jarc.<\/p>\n<p> Preberite \u0161e: <a href=\"https:\/\/nova24tv.si\/video-breznik-vlada-roberta-goloba-je-pustila-eno-najvecjih-bremen-prihodnjim-generacijam\/#google_vignette\" rel=\"nofollow noopener\" target=\"_blank\">[Video] Breznik v DZ razkril gospodarsko tragedijo Golobove vlade<\/a><\/p>\n<p style=\"text-align: justify;\">Ministrstvo je moralo zaradi slabega finan\u010dnega stanja sprejeti nekatere za\u010dasne ukrepe znotraj slu\u017eb ministrstva. Denimo, na ministrstvu so ukinili \u0161tudentsko delo, reorganizirali in na novo sistematizirali delo na ministrstvu, uvedli var\u010devanje pri materialnih stro\u0161kih ministrstva in se lotili odprodaje slu\u017ebenih vozil.<\/p>\n<p style=\"text-align: justify;\">Hkrati, kot navajajo, so morali sprejeti tudi nekatere zelo neljube in nepri\u010dakovane ukrepe, ki so \u201cposledica pretiranega tro\u0161enja prej\u0161njega vodstva ministrstva\u201d.<\/p>\n<p style=\"text-align: justify;\">Ti pa vklju\u010dujejo ustavitev odprtih postopkov razpisov in pozivov za sofinanciranje kulturnih projektov, zmanj\u0161anje sredstev za investicije v javnih zavodih, zamik kohezijskih projektov v prihodnja leta zaradi nezmo\u017enosti zagotavljanja lastnega dele\u017ea in integralnih sredstev ministrstva.<\/p>\n<p dir=\"ltr\" lang=\"sl\">Spomnimo.<br \/>16. februarja 2026 je vodja Slu\u017ebe za prora\u010dun in finance <a href=\"https:\/\/x.com\/mk_gov_si?ref_src=twsrc%5Etfw\" rel=\"nofollow\">@mk_gov_si<\/a> v obvestilu zaposlenim in v vednost ministrici <a href=\"https:\/\/x.com\/AstaVrecko?ref_src=twsrc%5Etfw\" rel=\"nofollow\">@AstaVrecko<\/a> glede realizacije prora\u010duna za 2026 zapisala:<\/p>\n<p>\u201cObenem vljudno prosim za pove\u010dano pozornost pri izvajanju razpisov, pozivov, dodeljevanju\u2026 <a href=\"https:\/\/t.co\/sJ3SPG2XN5\" rel=\"nofollow\">https:\/\/t.co\/sJ3SPG2XN5<\/a> <a href=\"https:\/\/t.co\/0yhPxWQSPq\" rel=\"nofollow\">pic.twitter.com\/0yhPxWQSPq<\/a><\/p>\n<p>\u2014 Jelka Godec (@jelka_godec) <a href=\"https:\/\/x.com\/jelka_godec\/status\/2074938743002431962?ref_src=twsrc%5Etfw\" rel=\"nofollow\">July 8, 2026<\/a><\/p>\n<p style=\"text-align: justify;\">\u201cVljudno vas prosimo, da do nadaljnjega ne po\u0161iljate zahtevkov za nadaljnja izpla\u010dila, saj se bo o nadaljnjem financiranju mogo\u010de odlo\u010dati \u0161ele po sprejetju rebalansa prora\u010duna, ki je predviden septembra 2026. Ugotovljeni primanjkljaj je posledica stanja, ki ga je novo vodstvo Ministrstva za kulturo zaznalo ob pregledu primopredaje poslov. S sprejetimi ukrepi si prizadevamo urediti nastale razmere ter zagotoviti odgovorno in vzdr\u017eno upravljanje prora\u010dunskih sredstev. Verjamemo, da bomo s skupnimi prizadevanji uspe\u0161no premostili nastalo situacijo in v prihodnjih letih zagotovili stabilnej\u0161e financiranje slovenske kulture,\u201d so zapisali na Ministrstvu za kulturo.<\/p>\n<p>\u201cKultura\u201d naj svoje prito\u017ebe naslovi na nekdanjo ministrico Asto Vre\u010dko<\/p>\n<p style=\"text-align: justify;\">Nekdanja ministrica za kulturo Asta Vre\u010dko iz vrst skrajne Levice se je na obvestilo ministrstva odzvala predvidljivo. Zapisala je, da gre za realizacijo napovedi obra\u010duna s kulturo in umetnostjo, poskus discipliniranja in uti\u0161anja vseh, ki aktualni vladi niso pov\u0161e\u010di.<\/p>\n<p style=\"text-align: justify;\">Ministrica je s tem zapisom med vrsticami priznala, kaj je resni\u010dni namen brezumnega tro\u0161enja v \u010dasu njenega ministrovanja. Financiranje politi\u010dnih zaveznikov, tako s financiranjem kulturnih kot medijskih projektov.<\/p>\n<p style=\"text-align: justify;\">V nadaljevanju sicer jadikuje nad ukinitvijo festivalov, dogodkov, predstav in drugih prireditev, ki jih je prek Ministrstva za kulturo financiral slovenski davkopla\u010devalec. Njen poskus obrazlo\u017eitve finan\u010dne luknje lahko preberete spodaj:<\/p>\n<p>\u0160ah mat Jelke Godec<\/p>\n<p style=\"text-align: justify;\">Na njena pisanja se je odzvala vodja poslanske skupine SDS. Spomnila je, kako je Slu\u017eba za prora\u010dun in finance Ministrstva za kulturo \u017ee februarja letos ugotovila, da ministrstvo stoji pred finan\u010dnim breznom. Torej v \u010dasu prej\u0161nje vlade, ko je bila \u0161e Vre\u010dkova na \u010delu ministrstva.<\/p>\n<p dir=\"ltr\" lang=\"sl\">Spomnimo.<br \/>16. februarja 2026 je vodja Slu\u017ebe za prora\u010dun in finance <a href=\"https:\/\/x.com\/mk_gov_si?ref_src=twsrc%5Etfw\" rel=\"nofollow\">@mk_gov_si<\/a> v obvestilu zaposlenim in v vednost ministrici <a href=\"https:\/\/x.com\/AstaVrecko?ref_src=twsrc%5Etfw\" rel=\"nofollow\">@AstaVrecko<\/a> glede realizacije prora\u010duna za 2026 zapisala:<\/p>\n<p>\u201cObenem vljudno prosim za pove\u010dano pozornost pri izvajanju razpisov, pozivov, dodeljevanju\u2026 <a href=\"https:\/\/t.co\/sJ3SPG2XN5\" rel=\"nofollow\">https:\/\/t.co\/sJ3SPG2XN5<\/a> <a href=\"https:\/\/t.co\/0yhPxWQSPq\" rel=\"nofollow\">pic.twitter.com\/0yhPxWQSPq<\/a><\/p>\n<p>\u2014 Jelka Godec (@jelka_godec) <a href=\"https:\/\/x.com\/jelka_godec\/status\/2074938743002431962?ref_src=twsrc%5Etfw\" rel=\"nofollow\">July 8, 2026<\/a><\/p>\n<p style=\"text-align: justify;\">\u201cObenem vljudno prosim za pove\u010dano pozornost pri izvajanju razpisov, pozivov, dodeljevanju sredstev, prevzemanju obveznosti itd., saj v finan\u010dnem na\u010drtu Ministrstva za kulturo primanjkuje sredstev za zakonske obveznosti,\u201d so zapisali.<\/p>\n<p>\u017d. K.<\/p>\n<p><script async src=\"https:\/\/platform.twitter.com\/widgets.js\" charset=\"utf-8\"><\/script><\/p>\n","protected":false},"excerpt":{"rendered":"Ministrstvo za kulturo do nadaljnjega ne sprejema zahtevkov za pla\u010dila. Novo vodstvo je namre\u010d ob primopredaji poslov ugotovilo&hellip;\n","protected":false},"author":2,"featured_media":154508,"comment_status":"","ping_status":"","sticky":false,"template":"","format":"standard","meta":{"footnotes":"","_share_on_mastodon":"0"},"categories":[20],"tags":[1200,7280,32,19119,3504,35,31,34,36,37,60,38,33],"class_list":["post-154507","post","type-post","status-publish","format-standard","has-post-thumbnail","category-novice","tag-asta-vrecko","tag-financno-stanje","tag-headlines","tag-jelka-godec","tag-ministrstvo-za-kulturo","tag-najpomembnejse-novice","tag-news","tag-novice","tag-osrednje-novice","tag-slovene","tag-slovenija","tag-slovenscina","tag-top-stories"],"share_on_mastodon":{"url":"https:\/\/pubeurope.com\/@si\/116891355799745952","error":""},"_links":{"self":[{"href":"https:\/\/www.europesays.com\/si\/wp-json\/wp\/v2\/posts\/154507","targetHints":{"allow":["GET"]}}],"collection":[{"href":"https:\/\/www.europesays.com\/si\/wp-json\/wp\/v2\/posts"}],"about":[{"href":"https:\/\/www.europesays.com\/si\/wp-json\/wp\/v2\/types\/post"}],"author":[{"embeddable":true,"href":"https:\/\/www.europesays.com\/si\/wp-json\/wp\/v2\/users\/2"}],"replies":[{"embeddable":true,"href":"https:\/\/www.europesays.com\/si\/wp-json\/wp\/v2\/comments?post=154507"}],"version-history":[{"count":0,"href":"https:\/\/www.europesays.com\/si\/wp-json\/wp\/v2\/posts\/154507\/revisions"}],"wp:featuredmedia":[{"embeddable":true,"href":"https:\/\/www.europesays.com\/si\/wp-json\/wp\/v2\/media\/154508"}],"wp:attachment":[{"href":"https:\/\/www.europesays.com\/si\/wp-json\/wp\/v2\/media?parent=154507"}],"wp:term":[{"taxonomy":"category","embeddable":true,"href":"https:\/\/www.europesays.com\/si\/wp-json\/wp\/v2\/categories?post=154507"},{"taxonomy":"post_tag","embeddable":true,"href":"https:\/\/www.europesays.com\/si\/wp-json\/wp\/v2\/tags?post=154507"}],"curies":[{"name":"wp","href":"https:\/\/api.w.org\/{rel}","templated":true}]}}