{"id":156012,"date":"2026-07-11T06:27:53","date_gmt":"2026-07-11T06:27:53","guid":{"rendered":"https:\/\/www.europesays.com\/si\/156012\/"},"modified":"2026-07-11T06:27:53","modified_gmt":"2026-07-11T06:27:53","slug":"mama-stirih-otrok-prevazala-migrante","status":"publish","type":"post","link":"https:\/\/www.europesays.com\/si\/156012\/","title":{"rendered":"Mama \u0161tirih otrok preva\u017eala migrante"},"content":{"rendered":"<p>Na sojenju zakoncema Lidiji Mavreti\u010d in Marku Hranilovi\u0107u \u017eelijo zasli\u0161ati ilegalne potnike, a jih nikjer ne najdejo.<\/p>\n<p>V nadaljevanju preberite:<\/p>\n<p>Lidija Mavreti\u010d in Marko Hranilovi\u010d sta krivdo zanikala \u017ee leta 2020, sodbe pa \u0161e ni na obzorju.<br \/>\nPreva\u017eala naj bi sedem Pakistancev.<br \/>\nObramba jih \u017eeli zasli\u0161ati, a jih na navedenih naslovih sodna vabila niso dosegla.<\/p>\n<p>Metli\u010danka Lidija Mavreti\u010d in njen mo\u017e Marko Hranilovi\u0107 sta \u017ee leta 2020 na predobravnavnem naroku zanikala krivdo za preva\u017eanje ilegalnih prebe\u017enikov, toda soditi so jima za\u010deli \u0161ele po petih letih, lanskega marca! Kdaj bo ljubljanska okro\u017ena sodnica Ana Klampfer Binder razglasila sodbo, pa ni ni\u010d bolj jasno niti po \u010detrtkovem naroku.<\/p>\n<p><img decoding=\"async\" alt=\"Lidija Mavreti\u010d | Avtor: D. M.\" class=\"rwd\" data-href=\"https:\/\/www.zurnal24.si\/media\/img\/63\/e3\/2ea23a29ac0d67a3fa79.jpeg\" itemprop=\"image\" src=\"\/media\/img\/8f\/69\/e78bebe61541487a8113.jpeg\"\/><\/p>\n<p>                D. M.<\/p>\n<p>Prva vinska kraljica Slovenije<\/p>\n<p>Mavreti\u010deva v Beli krajini ni neznana: leta 1996 je bila okronana za prvo vinsko kraljico Slovenije,\u00a02004. pa je na listi Zdru\u017eene liste socialnih demokratov, kasnej\u0161e SD, kandidirala za evropsko poslanko. Ni ji uspelo: v Bruselj je odpotoval Borut Pahor.<\/p>\n<p>Po obto\u017enici sta kot \u010dlana hudodelske zdru\u017ebe 26. julija 2019 \u00a0preva\u017eala sedem Pakistancev, ona tri v mercedesu CLA 220, s katerim je opravljala taksi slu\u017ebo, on \u0161tiri v oplu insigniji. Prav bogato naj ne bi zaslu\u017eila, po prepri\u010danju to\u017eilstva 200 evrov za vsakega potnika, ki je menda moral za pot iz Bosne in Hercegovine v Italijo pla\u010dati med 2.500 in 3.200 evrov.<\/p>\n<p><img decoding=\"async\" alt=\"Vlasta petrucci | Avtor: D. M.\" class=\"rwd\" data-href=\"https:\/\/www.zurnal24.si\/media\/img\/0c\/8c\/ced1774f18d01d3eb9a2.jpeg\" itemprop=\"image\" src=\"\/media\/img\/63\/9d\/0e1618b1e1030cf0d388.jpeg\"\/><\/p>\n<p>                 Z leve: odvetni\u0161ki pripravnik \u017diga Marjanovi\u0107 ter odvetnika Vlasta Petrucci in Bojan Celar<\/p>\n<p>                D. M.<\/p>\n<p>Pritekli umazani in prepoteni neznanci<\/p>\n<p>Klju\u010dna oseba pri prevozu migrantov je bil Ali Kaka, ki je 48-letno Mavreti\u010devo po njenih besedah 25. julija ustavil v Ljubljani in naro\u010dil prevoz za naslednji dan. Res ga je pobrala na Dolgem mostu in po njegovih navodilih peljala proti Sodra\u017eici: &#8220;Po enem kilometru pa mi je dal drugo lokacijo, Lo\u0161ki potok. Nisem se ve\u010d po\u010dutila varno, zato sem poklicala mo\u017ea, ki je blizu na\u0161ega doma, v Podpe\u010di, za\u010del voziti za menoj. Sopotnik je ves \u010das govoril po telefonu, razumela sem samo besedi taksi in mercedes (sporazumeval se je v jeziku urdu, op. a.). Blizu Sodra\u017eice so nenadoma do avta pritekli neznanci, bili so prepoteni, umazani, mokri in izmu\u010deni. Bliskovito so prisedli. Rekla sem, naj gredo ven, naro\u010dnik pa, da je vse okej in naj peljem naprej.&#8221;<\/p>\n<p>Ubogala ga je, ko je mimo pripeljal policijski avto, pa spet ustavila in prebe\u017enike poslala ven. Tokrat so jo poslu\u0161ali. Ko so jo policisti ustavili, je bila v mercedesu torej sama.<\/p>\n<p>Jala, jala, gremo, gremo<\/p>\n<p>Hranilovi\u0107, s katerim ima \u0161tiri otroke, je potrdil njeno pripoved: &#8220;Tujci so prisedli v eni sekundi, ne vem, od kje so se vzeli. Pomislil sem na no\u017e, ki ga imam kot gasilec v avtu, a ga nisem uporabil, ker sem se bal za \u017eeno. Oni pa so vpili, jala, jala, gremo, gremo. Lidijo sem tudi sku\u0161al priklicati na telefon, pa me je metalo ven.&#8221;<\/p>\n<p>Alija Kako so aretirali in je po priznanju krivde leta 2020 odslu\u017eil enoletno zaporno kazen, po kateri so ga izgnali iz dr\u017eave. V preiskavi in tudi na sodi\u0161\u010du pa je poudaril, da zakonca nista imela ni\u010d s kaznivim dejanjem, zato ga oba zagovornika, Vlasta Petrucci, ki zastopa Mavreti\u010devo, in Bojan Celar, odvetnik Hranilovi\u0107a, \u017eelita zasli\u0161ati kot pri\u010do.<\/p>\n<p>Raztepeni po Evropi<\/p>\n<p>A ne samo njega, temve\u010d tudi druge potnike v obeh avtomobilih. Te\u017eava je samo, ker je sodi\u0161\u010de lani pridobilo njihove domnevne naslove prebivali\u0161\u010da v razli\u010dnih evropskih dr\u017eavah, vabil za pri\u010danje pa jim kljub temu do danes ni uspelo vro\u010diti.<\/p>\n<p>Kot je v \u010detrtek pojasnila sodnica, so bili neuspe\u0161ni tako poizvedovanja ministrstva za notranje zadeve in sektorja kriminalisti\u010dne policije, ki se je obrnil na Interpol, kot mednarodna pravna pomo\u010d. Eden od migrantov, denimo, naj bi bil sprva registriran kot prosilec za mednarodno za\u0161\u010dito v Nem\u010diji, zatem pa naj bi od\u0161el v Francijo, vendar mu tamkaj\u0161nja policija ni mogla vro\u010diti sodnega vabila, ker ga na naslovu niso na\u0161li.<\/p>\n<p>Drugi naj bi prebival v \u0160paniji, toda po\u0161ta se je prav tako vrnila v Slovenijo.<\/p>\n<p>Gospa ni ni\u010d kriva<\/p>\n<p>Odvetnica Petruccijeva kljub temu vztraja, da neuspe\u0161na vro\u010ditev vabil ne more biti razlog, da pri\u010d ne bi zasli\u0161ali: &#8220;Sodi\u0161\u010du predlagam, \u00a0da pozove policijo, naj prek Interpola preveri njihove naslove v tujini, saj so jih nazadnje avgusta lani, torej pred skoraj enim letom.&#8221;<\/p>\n<p>Enako velja za Alija Kako, \u010digar izpovedba bi bila morda najbolj pomembna: &#8220;Naj se preveri njegov naslov v Pakistanu, da bi ga zasli\u0161ali prek videokonference. Kaka je tako obremenilna kot razbremenilna pri\u010da, zato je njegovo zasli\u0161anje nujno. Pri\u010dakovati je, da bo povedal, kar je \u017ee na sodi\u0161\u010du: &#8216;Gospa ni ni\u010d kriva.'&#8221;<\/p>\n<p>To\u017eilka se je zavzela za sodbo<\/p>\n<p>Petruccijeva je v sodni spis vlo\u017eila tudi dokaz, da je Mavreti\u010deva taksimeter vgradila le nekaj mesecev pred o\u010ditanom prevozom: &#8220;S tem potrjujem njen zagovor, da je bila taksistka \u0161ele dva meseca in zelo naivna. Kot je dejala. se ji danes kaj tak\u0161nega ne bi moglo zgoditi.&#8221;<\/p>\n<p>To\u017eilki Filip\u010di\u010devi se zdi iskanje pri\u010d ob\u00a0prizadevanju za sojenje v razumnem roku\u00a0pretirano: &#8220;Bile so \u017ee zasli\u0161ane in sta jim obdol\u017eenca lahko zastavljala vpra\u0161anja. Z nobenim konkretnim podatkom tudi ni bilo potrjeno, da so dejansko bivale na teh naslovih v Evropi. Strinjam se s prelo\u017eitvijo naroka v zvezi s Kako, ne pa tudi z videokonferenco, ker ni indicev, da je realno izvedljiva. Ni pa\u010d podatkov, da se je vrnil v izvorno dr\u017eavo. Nazadnje pa mislim, da je dejansko stanje \u017ee dovolj raz\u010di\u0161\u010deno za sprejem sodne odlo\u010ditve.&#8221;<\/p>\n<p>Sojenje se bo nadaljevalo 1. septembra.<\/p>\n","protected":false},"excerpt":{"rendered":"Na sojenju zakoncema Lidiji Mavreti\u010d in Marku Hranilovi\u0107u \u017eelijo zasli\u0161ati ilegalne potnike, a jih nikjer ne najdejo. V&hellip;\n","protected":false},"author":2,"featured_media":156013,"comment_status":"","ping_status":"","sticky":false,"template":"","format":"standard","meta":{"footnotes":"","_share_on_mastodon":"0"},"categories":[8],"tags":[33708,41151,41152,37,38,2274,64,63],"class_list":["post-156012","post","type-post","status-publish","format-standard","has-post-thumbnail","category-svet","tag-ilegalni-migranti","tag-lidija-mavretic","tag-marko-hranilovic","tag-slovene","tag-slovenscina","tag-sojenje","tag-svet","tag-world"],"share_on_mastodon":{"url":"https:\/\/pubeurope.com\/@si\/116899932102305054","error":""},"_links":{"self":[{"href":"https:\/\/www.europesays.com\/si\/wp-json\/wp\/v2\/posts\/156012","targetHints":{"allow":["GET"]}}],"collection":[{"href":"https:\/\/www.europesays.com\/si\/wp-json\/wp\/v2\/posts"}],"about":[{"href":"https:\/\/www.europesays.com\/si\/wp-json\/wp\/v2\/types\/post"}],"author":[{"embeddable":true,"href":"https:\/\/www.europesays.com\/si\/wp-json\/wp\/v2\/users\/2"}],"replies":[{"embeddable":true,"href":"https:\/\/www.europesays.com\/si\/wp-json\/wp\/v2\/comments?post=156012"}],"version-history":[{"count":0,"href":"https:\/\/www.europesays.com\/si\/wp-json\/wp\/v2\/posts\/156012\/revisions"}],"wp:featuredmedia":[{"embeddable":true,"href":"https:\/\/www.europesays.com\/si\/wp-json\/wp\/v2\/media\/156013"}],"wp:attachment":[{"href":"https:\/\/www.europesays.com\/si\/wp-json\/wp\/v2\/media?parent=156012"}],"wp:term":[{"taxonomy":"category","embeddable":true,"href":"https:\/\/www.europesays.com\/si\/wp-json\/wp\/v2\/categories?post=156012"},{"taxonomy":"post_tag","embeddable":true,"href":"https:\/\/www.europesays.com\/si\/wp-json\/wp\/v2\/tags?post=156012"}],"curies":[{"name":"wp","href":"https:\/\/api.w.org\/{rel}","templated":true}]}}