{"id":157182,"date":"2026-07-12T13:32:11","date_gmt":"2026-07-12T13:32:11","guid":{"rendered":"https:\/\/www.europesays.com\/si\/157182\/"},"modified":"2026-07-12T13:32:11","modified_gmt":"2026-07-12T13:32:11","slug":"tesle-bodo-kmalu-vozile-same-tudi-po-sloveniji-vrtovec-razkril-veliko-novico","status":"publish","type":"post","link":"https:\/\/www.europesays.com\/si\/157182\/","title":{"rendered":"Tesle bodo kmalu vozile same tudi po Sloveniji? Vrtovec razkril veliko novico"},"content":{"rendered":"<p>Minister za infrastrukturo Jernej Vrtovec je razveselil lastnike Tesel.<\/p>\n<p>V nadaljevanju preberite:<\/p>\n<p>Jernej Vrtovec je napovedal, da bi Teslin sistem FSD lahko kmalu pri\u0161el tudi v Slovenijo.<br \/>\nNi pojasnil, kdaj in po kak\u0161nem postopku naj bi sistem pri nas odobrili.<br \/>\nItalija medtem \u017ee preu\u010duje Teslino zahtevo za priznanje nizozemske odobritve.<\/p>\n<p>Minister za infrastrukturo in energetiko <a href=\"https:\/\/www.zurnal24.si\/kljucne-besede\/jernej-vrtovec-10360\/articles\" rel=\"nofollow noopener\" target=\"_blank\">Jernej Vrtovec<\/a> se je odzval na zapis skupnosti Tesla voznikov\u00a0<a href=\"https:\/\/www.teslaowners.si\/\" rel=\"nofollow noopener\" target=\"_blank\">Tesla Owners Slovenia<\/a> o premikih pri uvajanju Teslinega sistema FSD (Supervised) v Italiji. Njegov odgovor je bil kratek, a jasen: &#8220;V kratkem tudi pri nas.&#8221;\u00a0To pomeni, da bi se lahko postopki za uporabo sistema premaknili tudi v Sloveniji.<\/p>\n<p dir=\"ltr\" lang=\"sl\">V kratkem tudi pri nas \ud83d\udc47 <a href=\"https:\/\/t.co\/kvQ7LYqbNv\" rel=\"nofollow\">https:\/\/t.co\/kvQ7LYqbNv<\/a><\/p>\n<p>\u2014 Jernej Vrtovec (@JernejVrtovec) <a href=\"https:\/\/x.com\/JernejVrtovec\/status\/2075687734635585995?ref_src=twsrc%5Etfw\" rel=\"nofollow\">July 10, 2026<\/a><\/p>\n<p>Italija \u017ee preu\u010duje dokumentacijo<\/p>\n<p>Italijanski poznavalec elektromobilnosti Mirko Montagna je na X objavil, da je prek LinkedIna stopil v stik z Gaetanom Servediem, generalnim direktorjem na italijanskem ministrstvu za infrastrukturo in promet. Po njegovih navedbah naj bi Tesla pred nekaj dnevi vlo\u017eila zahtevo za priznanje nizozemske odobritve sistema FSD v Italiji, dokumentacijo pa naj bi pristojni \u017ee analizirali, tudi z vidika evropskih smernic.\u00a0Montagna je ob tem zapisal, da je prepri\u010dan, da bo postopek uspe\u0161en.<\/p>\n<p dir=\"ltr\" lang=\"it\">NOTIZIE DALL\u2019ITALIA PER TESLA FSD \ud83c\uddee\ud83c\uddf9<\/p>\n<p>Servedio Gaetano direttore generale presso il Ministero delle Infrastrutture e dei Trasporti Italiano, dopo averlo contatto su LinkedIn e averlo interrogato sulla questione Tesla FSD mi ha risposto.<\/p>\n<p>In sintesi sembrerebbe che Tesla abbia\u2026 <a href=\"https:\/\/t.co\/cOcB8faYp2\" rel=\"nofollow\">pic.twitter.com\/cOcB8faYp2<\/a><\/p>\n<p>\u2014 Mirko Montagna (@MirkoMontagna0) <a href=\"https:\/\/x.com\/MirkoMontagna0\/status\/2075647091251056765?ref_src=twsrc%5Etfw\" rel=\"nofollow\">July 10, 2026<\/a><\/p>\n<p>Spomnimo: Slovenija Teslinemu FSD \u0161e ni pri\u017egala zelene lu\u010di<\/p>\n<p>FSD Supervised je napredni asisten\u010dni sistem druge stopnje, pri katerem vozilo prevzame velik del upravljanja. Voznik mora sicer vo\u017enjo ves \u010das spremljati in ostaja zanjo odgovoren, torej ne gre za popolnoma avtonomno vo\u017enjo.\u00a0<\/p>\n<p><a href=\"https:\/\/www.zurnal24.si\/avto\/je-tesla-res-predobra-za-slovenijo-bralec-ogorcen-nad-neucinkovitimi-institucijami-461410\" rel=\"nofollow noopener\" target=\"_blank\">Kot smo poro\u010dali<\/a>, je nizozemski homologacijski organ RDW aprila izdal za\u010dasno odobritev za FSD Supervised, ki je veljala le na Nizozemskem. Za uporabo sistema v drugih dr\u017eavah je zato potrebno tudi njihovo soglasje oziroma priznanje odobritve.<\/p>\n<p><a class=\"related_article__link\" href=\"https:\/\/www.zurnal24.si\/avto\/je-tesla-res-predobra-za-slovenijo-bralec-ogorcen-nad-neucinkovitimi-institucijami-461410\" rel=\"nofollow noopener\" target=\"_blank\"><\/p>\n<p><img loading=\"lazy\" decoding=\"async\" alt=\"Tesla FSD avtonomna vo\u017enja\" class=\"related_article__image\" data-size=\"100x100\" height=\"100\" src=\"https:\/\/www.europesays.com\/si\/wp-content\/uploads\/2026\/07\/6470da2c501876ed0969.jpeg\" width=\"100\"\/><\/p>\n<p><\/a><\/p>\n<p><a href=\"https:\/\/www.zurnal24.si\/avto\/je-tesla-res-predobra-za-slovenijo-bralec-ogorcen-nad-neucinkovitimi-institucijami-461410\" rel=\"nofollow noopener\" target=\"_blank\"><br \/>\n<\/a><\/p>\n<p><a href=\"https:\/\/www.zurnal24.si\/avto\" rel=\"nofollow noopener\" target=\"_blank\"><br \/>\n                Avto<br \/>\n            <\/a><\/p>\n<p><a href=\"https:\/\/www.zurnal24.si\/avto\/je-tesla-res-predobra-za-slovenijo-bralec-ogorcen-nad-neucinkovitimi-institucijami-461410\" rel=\"nofollow noopener\" target=\"_blank\"><\/p>\n<p>                Je Tesla res predobra za Slovenijo? Bralec ogor\u010den nad &#8216;neu\u010dinkovitimi&#8217; institucijami &#8230;<\/p>\n<p>            <\/a><\/p>\n<p>Po navedbah skupnosti Tesla Owners Slovenia je sistem trenutno odobren \u0161e v Litvi, Estoniji, Belgiji in na Danskem. Slovenija pa za zdaj ni med dr\u017eavami, ki so priznale nizozemsko odobritev. Na dr\u017eavnem portalu Predlagam vladi sicer poteka\u00a0pobuda, ki pristojne poziva k hitremu in sorazmernemu priznanju nizozemske odobritve v Sloveniji.\u00a0Predlagatelji Agencijo za varnost prometa in pristojno ministrstvo pozivajo, naj sistem odobrijo brez dodatnih nacionalnih testiranj.<\/p>\n<p><a href=\"https:\/\/www.zurnal24.si\/avto\/mailto:dezurni@styria-media.si\" rel=\"nofollow noopener\" target=\"_blank\">dezurni@styria-media.si<\/a><\/p>\n<p>                                            <script async src=\"https:\/\/platform.twitter.com\/widgets.js\" charset=\"utf-8\"><\/script><\/p>\n","protected":false},"excerpt":{"rendered":"Minister za infrastrukturo Jernej Vrtovec je razveselil lastnike Tesel. V nadaljevanju preberite: Jernej Vrtovec je napovedal, da bi&hellip;\n","protected":false},"author":2,"featured_media":157183,"comment_status":"","ping_status":"","sticky":false,"template":"","format":"standard","meta":{"footnotes":"","_share_on_mastodon":"0"},"categories":[8],"tags":[41420,1018,7182,41421,24163,36154,37,38,64,385,63],"class_list":["post-157182","post","type-post","status-publish","format-standard","has-post-thumbnail","category-svet","tag-fsd","tag-italija","tag-jernej-vrtovec","tag-samovozeci-avto","tag-samovozeci-avtomobil","tag-samovozeci-avtomobili","tag-slovene","tag-slovenscina","tag-svet","tag-tesla","tag-world"],"share_on_mastodon":{"url":"https:\/\/pubeurope.com\/@si\/116907261862830757","error":""},"_links":{"self":[{"href":"https:\/\/www.europesays.com\/si\/wp-json\/wp\/v2\/posts\/157182","targetHints":{"allow":["GET"]}}],"collection":[{"href":"https:\/\/www.europesays.com\/si\/wp-json\/wp\/v2\/posts"}],"about":[{"href":"https:\/\/www.europesays.com\/si\/wp-json\/wp\/v2\/types\/post"}],"author":[{"embeddable":true,"href":"https:\/\/www.europesays.com\/si\/wp-json\/wp\/v2\/users\/2"}],"replies":[{"embeddable":true,"href":"https:\/\/www.europesays.com\/si\/wp-json\/wp\/v2\/comments?post=157182"}],"version-history":[{"count":0,"href":"https:\/\/www.europesays.com\/si\/wp-json\/wp\/v2\/posts\/157182\/revisions"}],"wp:featuredmedia":[{"embeddable":true,"href":"https:\/\/www.europesays.com\/si\/wp-json\/wp\/v2\/media\/157183"}],"wp:attachment":[{"href":"https:\/\/www.europesays.com\/si\/wp-json\/wp\/v2\/media?parent=157182"}],"wp:term":[{"taxonomy":"category","embeddable":true,"href":"https:\/\/www.europesays.com\/si\/wp-json\/wp\/v2\/categories?post=157182"},{"taxonomy":"post_tag","embeddable":true,"href":"https:\/\/www.europesays.com\/si\/wp-json\/wp\/v2\/tags?post=157182"}],"curies":[{"name":"wp","href":"https:\/\/api.w.org\/{rel}","templated":true}]}}