{"id":158272,"date":"2026-07-13T15:59:10","date_gmt":"2026-07-13T15:59:10","guid":{"rendered":"https:\/\/www.europesays.com\/si\/158272\/"},"modified":"2026-07-13T15:59:10","modified_gmt":"2026-07-13T15:59:10","slug":"chris-douglas-okrepil-hokejiste-olimpije","status":"publish","type":"post","link":"https:\/\/www.europesays.com\/si\/158272\/","title":{"rendered":"Chris Douglas okrepil hokejiste Olimpije"},"content":{"rendered":"<p>\t\t\t\t\t\t\t\t<a href=\"https:\/\/www.europesays.com\/si\/wp-content\/uploads\/2026\/07\/67061021.jpg\" itemprop=\"contentUrl\" data-size=\"1200x800\" data-large=\"https:\/\/www.europesays.com\/si\/wp-content\/uploads\/2026\/07\/67061021.jpg\"><br \/>\n\t\t\t\t\t\t\t\t\t<img decoding=\"async\" src=\"https:\/\/www.europesays.com\/si\/wp-content\/uploads\/2026\/07\/67061021.jpg\" title=\"Chris Douglas. Foto: HK Olimpija\" alt=\"Chris Douglas. Foto: HK Olimpija\"\/><br \/>\n\t\t\t\t\t\t\t\t<\/a><\/p>\n<p>\t\t\t\t\t\t\t\t\tChris Douglas. Foto: HK Olimpija<\/p>\n<p>\t\t\t\t\t\t\t<a id=\"preferredSourceBanner\" href=\"#\" target=\"_blank\" class=\"d-none align-items-center justify-content-between rounded my-3\" style=\"background-color: #F2F6FC; padding: 10px 15px;\"><br \/>\n\t\t\t\t\t\t<img decoding=\"async\" src=\"https:\/\/img.rtvslo.si\/_static\/novi\/img\/ico-google.svg\" class=\"flex-shrink-0 mr-3\"\/><br \/>\n\t\t\t\t\t\tSpremljajte RTVSLO.si kot prednostni vir na Google<\/p>\n<p>\t\t\t\t\t<\/a><\/p>\n<p>Douglas je za mo\u0161tvo Thunderbirds \u0161tiri sezone nosil kapetanski trak. V zadnji sezoni je na 28 tekmah zbral 16 zadetkov in 19 asistenc za 35 to\u010dk, bil najbolj\u0161i strelec ekipe in tretji naju\u010dinkovitej\u0161i igralec mo\u0161tva.<\/p>\n<p>Oglas<\/p>\n<p>Za svoje predstave si je po koncu univerzitetne sezone prislu\u017eil tudi vpoklic v podru\u017eni\u010dno ekipo Buffalo Sabres v Ligi AHL.<\/p>\n<p>&#8220;Iskali smo hokejista za zelo specifi\u010dno vlogo v tretjem napadu. \u017deleli smo igralca, ki je popolnoma predan svoji vlogi in nalogi v ekipi, hkrati pa igra z desno palico, s \u010dimer smo uravnote\u017eili to razmerje v ekipi. Chris je obrambno zelo odgovoren igralec, ki zna prispevati tudi v napadu,&#8221; je o novi okrepitvi dejal direktor Olimpije An\u017ee Ul\u010dar.<\/p>\n<p>Oglas<\/p>\n","protected":false},"excerpt":{"rendered":"Chris Douglas. Foto: HK Olimpija Spremljajte RTVSLO.si kot prednostni vir na Google Douglas je za mo\u0161tvo Thunderbirds \u0161tiri&hellip;\n","protected":false},"author":2,"featured_media":158273,"comment_status":"","ping_status":"","sticky":false,"template":"","format":"standard","meta":{"footnotes":"","_share_on_mastodon":"0"},"categories":[16],"tags":[41637,113,416,62,37,58,60,38,94,93],"class_list":["post-158272","post","type-post","status-publish","format-standard","has-post-thumbnail","category-sport","tag-chris-douglas","tag-hokej","tag-olimpija","tag-si","tag-slovene","tag-slovenia","tag-slovenija","tag-slovenscina","tag-sport","tag-sports"],"share_on_mastodon":{"url":"https:\/\/pubeurope.com\/@si\/116913502154220858","error":""},"_links":{"self":[{"href":"https:\/\/www.europesays.com\/si\/wp-json\/wp\/v2\/posts\/158272","targetHints":{"allow":["GET"]}}],"collection":[{"href":"https:\/\/www.europesays.com\/si\/wp-json\/wp\/v2\/posts"}],"about":[{"href":"https:\/\/www.europesays.com\/si\/wp-json\/wp\/v2\/types\/post"}],"author":[{"embeddable":true,"href":"https:\/\/www.europesays.com\/si\/wp-json\/wp\/v2\/users\/2"}],"replies":[{"embeddable":true,"href":"https:\/\/www.europesays.com\/si\/wp-json\/wp\/v2\/comments?post=158272"}],"version-history":[{"count":0,"href":"https:\/\/www.europesays.com\/si\/wp-json\/wp\/v2\/posts\/158272\/revisions"}],"wp:featuredmedia":[{"embeddable":true,"href":"https:\/\/www.europesays.com\/si\/wp-json\/wp\/v2\/media\/158273"}],"wp:attachment":[{"href":"https:\/\/www.europesays.com\/si\/wp-json\/wp\/v2\/media?parent=158272"}],"wp:term":[{"taxonomy":"category","embeddable":true,"href":"https:\/\/www.europesays.com\/si\/wp-json\/wp\/v2\/categories?post=158272"},{"taxonomy":"post_tag","embeddable":true,"href":"https:\/\/www.europesays.com\/si\/wp-json\/wp\/v2\/tags?post=158272"}],"curies":[{"name":"wp","href":"https:\/\/api.w.org\/{rel}","templated":true}]}}