{"id":159253,"date":"2026-07-14T13:48:09","date_gmt":"2026-07-14T13:48:09","guid":{"rendered":"https:\/\/www.europesays.com\/si\/159253\/"},"modified":"2026-07-14T13:48:09","modified_gmt":"2026-07-14T13:48:09","slug":"celje-vandali-na-mestni-trznici","status":"publish","type":"post","link":"https:\/\/www.europesays.com\/si\/159253\/","title":{"rendered":"CELJE Vandali na mestni tr\u017enici"},"content":{"rendered":"<p>&#13;<br \/>\n        &#13;<br \/>\n&#13;<br \/>\n        &#13;<br \/>\n&#13;<\/p>\n<p>Na celjski mestni tr\u017enici v zadnjem \u010dasu bele\u017eijo vse ve\u010d primerov vandalizma, ki ga posamezniki in skupine izvajajo v popoldanskem in ve\u010dernem \u010dasu.<\/p>\n<p>Kot so sporo\u010dili iz celjskega javnega podjetja Simbio, ki je koncesionar mestne tr\u017enice, <img fetchpriority=\"high\" decoding=\"async\" class=\"wp-image-203873 alignleft\" src=\"https:\/\/www.europesays.com\/si\/wp-content\/uploads\/2026\/07\/vandali-trznica-600x408.png\" alt=\"\" width=\"381\" height=\"259\"  \/>zaposleni tam vsakodnevno odstranjujejo ve\u010dje koli\u010dine odpadkov, \u010distijo povr\u0161ine zaradi uriniranja vandalov, za njimi pa ostaja veliko nereda in \u0161kode, pojavljajo se tudi grafiti.<\/p>\n<p>Pristojni so o razmerah \u017ee obvestili policijo, saj so posamezna dejanja \u017ee posegla na podro\u010dje zagotavljanja javnega reda in miru.<\/p>\n<p>Kot poudarjajo, je mestna tr\u017enica javni prostor, namenjen dru\u017eenju, nakupovanju in prijetnemu pre\u017eivljanju prostega \u010dasa vseh generacij. \u00bbTo pa nikakor ne pomeni, da je namenjena vandalizmu, uni\u010devanju javne infrastrukture ali ravnanjem, ki ogro\u017eajo ob\u010dutek varnosti\u00ab, navajajo.<\/p>\n<p>Obiskovalce pozivajo k spo\u0161tovanju skupnega prostora, ob\u010dane pa prosijo, da morebitne primere vandalizma ali nevarnega ravnanja prijavijo policiji oziroma o njih obvestijo upravljavca tr\u017enice.<\/p>\n<p>RSP, foto: Simbio<\/p>\n<p>        &#13;<br \/>\n&#13;<br \/>\n&#13;<br \/>\n        &#13;<br \/>\n                        &#13;<br \/>\n            &#13;<br \/>\n&#13;<br \/>\n                                    \t                &#13;<br \/>\n&#13;<\/p>\n","protected":false},"excerpt":{"rendered":"&#13; &#13; &#13; &#13; &#13; Na celjski mestni tr\u017enici v zadnjem \u010dasu bele\u017eijo vse ve\u010d primerov vandalizma, ki&hellip;\n","protected":false},"author":2,"featured_media":159254,"comment_status":"","ping_status":"","sticky":false,"template":"","format":"standard","meta":{"footnotes":"","_share_on_mastodon":"0"},"categories":[23],"tags":[162,36744,21797,2330,62,1666,37,58,60,38,1978],"class_list":["post-159253","post","type-post","status-publish","format-standard","has-post-thumbnail","category-celje","tag-celje","tag-grafit","tag-mestna-trznica","tag-moc","tag-si","tag-simbio","tag-slovene","tag-slovenia","tag-slovenija","tag-slovenscina","tag-vandalizem"],"share_on_mastodon":{"url":"https:\/\/pubeurope.com\/@si\/116918649726242132","error":""},"_links":{"self":[{"href":"https:\/\/www.europesays.com\/si\/wp-json\/wp\/v2\/posts\/159253","targetHints":{"allow":["GET"]}}],"collection":[{"href":"https:\/\/www.europesays.com\/si\/wp-json\/wp\/v2\/posts"}],"about":[{"href":"https:\/\/www.europesays.com\/si\/wp-json\/wp\/v2\/types\/post"}],"author":[{"embeddable":true,"href":"https:\/\/www.europesays.com\/si\/wp-json\/wp\/v2\/users\/2"}],"replies":[{"embeddable":true,"href":"https:\/\/www.europesays.com\/si\/wp-json\/wp\/v2\/comments?post=159253"}],"version-history":[{"count":0,"href":"https:\/\/www.europesays.com\/si\/wp-json\/wp\/v2\/posts\/159253\/revisions"}],"wp:featuredmedia":[{"embeddable":true,"href":"https:\/\/www.europesays.com\/si\/wp-json\/wp\/v2\/media\/159254"}],"wp:attachment":[{"href":"https:\/\/www.europesays.com\/si\/wp-json\/wp\/v2\/media?parent=159253"}],"wp:term":[{"taxonomy":"category","embeddable":true,"href":"https:\/\/www.europesays.com\/si\/wp-json\/wp\/v2\/categories?post=159253"},{"taxonomy":"post_tag","embeddable":true,"href":"https:\/\/www.europesays.com\/si\/wp-json\/wp\/v2\/tags?post=159253"}],"curies":[{"name":"wp","href":"https:\/\/api.w.org\/{rel}","templated":true}]}}