{"id":159530,"date":"2026-07-14T19:39:10","date_gmt":"2026-07-14T19:39:10","guid":{"rendered":"https:\/\/www.europesays.com\/si\/159530\/"},"modified":"2026-07-14T19:39:10","modified_gmt":"2026-07-14T19:39:10","slug":"glej-kmeta-z-audijem-slovenec-cez-polno-crto-nato-pa-sok-video","status":"publish","type":"post","link":"https:\/\/www.europesays.com\/si\/159530\/","title":{"rendered":"\u00bbGlej kmeta z Audijem\u00ab: Slovenec \u010dez polno \u010drto, nato pa \u0161ok (VIDEO)"},"content":{"rendered":"<p>Kolikokrat ste se \u017ee vozili za nekom in se spra\u0161evali, ali ima ta oseba sploh vozni\u0161ko dovoljenje? Kolikokrat ste mo\u010dno stiskali volan, v mislih \u0161teli do deset in si obljubljali, da nikoli ve\u010d ne boste sedli za volan? \u010ce mislite, da ste videli \u017ee vse \u2013 po\u010dakajte, da si ogledate ta posnetek.<\/p>\n<p>\u00bbGlej kmeta z Audijem\u00ab<\/p>\n<p>Na njem je videti vo\u017enjo, kakr\u0161ne ne sre\u010date vsak dan. Pravzaprav upate, da je ne boste nikoli. Avto lahkotno \u00bbple\u0161e\u00ab po voznem pasu, nekoliko negotovo, kot da ne ve natan\u010dno, kam \u017eeli. Levo, desno, spet desno, pa malo preko \u010drte. Voznik, ki je vse skupaj posnel, se ni mogel zadr\u017eati s komentarjem: \u00bbGlej kmeta z Audijem.\u00ab\u00a0<\/p>\n<p>A to \u0161e ni bilo vse. V zadnjih sekundah posnetka se voznik Audija odlo\u010di prehiteti dve vozili pred seboj \u2013 preko polne \u010drte. Da je stvar \u0161e huj\u0161a, iz nasprotne smeri pripelje drugo vozilo.\u00a0Tu se posnetek kon\u010da\u00a0&#8230;<\/p>\n","protected":false},"excerpt":{"rendered":"Kolikokrat ste se \u017ee vozili za nekom in se spra\u0161evali, ali ima ta oseba sploh vozni\u0161ko dovoljenje? Kolikokrat&hellip;\n","protected":false},"author":2,"featured_media":159531,"comment_status":"","ping_status":"","sticky":false,"template":"","format":"standard","meta":{"footnotes":"","_share_on_mastodon":"0"},"categories":[20],"tags":[4081,32,1259,35,31,34,36,37,60,38,33,9118],"class_list":["post-159530","post","type-post","status-publish","format-standard","has-post-thumbnail","category-novice","tag-audi","tag-headlines","tag-komentar","tag-najpomembnejse-novice","tag-news","tag-novice","tag-osrednje-novice","tag-slovene","tag-slovenija","tag-slovenscina","tag-top-stories","tag-voznja"],"share_on_mastodon":{"url":"https:\/\/pubeurope.com\/@si\/116920029385252361","error":""},"_links":{"self":[{"href":"https:\/\/www.europesays.com\/si\/wp-json\/wp\/v2\/posts\/159530","targetHints":{"allow":["GET"]}}],"collection":[{"href":"https:\/\/www.europesays.com\/si\/wp-json\/wp\/v2\/posts"}],"about":[{"href":"https:\/\/www.europesays.com\/si\/wp-json\/wp\/v2\/types\/post"}],"author":[{"embeddable":true,"href":"https:\/\/www.europesays.com\/si\/wp-json\/wp\/v2\/users\/2"}],"replies":[{"embeddable":true,"href":"https:\/\/www.europesays.com\/si\/wp-json\/wp\/v2\/comments?post=159530"}],"version-history":[{"count":0,"href":"https:\/\/www.europesays.com\/si\/wp-json\/wp\/v2\/posts\/159530\/revisions"}],"wp:featuredmedia":[{"embeddable":true,"href":"https:\/\/www.europesays.com\/si\/wp-json\/wp\/v2\/media\/159531"}],"wp:attachment":[{"href":"https:\/\/www.europesays.com\/si\/wp-json\/wp\/v2\/media?parent=159530"}],"wp:term":[{"taxonomy":"category","embeddable":true,"href":"https:\/\/www.europesays.com\/si\/wp-json\/wp\/v2\/categories?post=159530"},{"taxonomy":"post_tag","embeddable":true,"href":"https:\/\/www.europesays.com\/si\/wp-json\/wp\/v2\/tags?post=159530"}],"curies":[{"name":"wp","href":"https:\/\/api.w.org\/{rel}","templated":true}]}}