{"id":159724,"date":"2026-07-15T03:24:13","date_gmt":"2026-07-15T03:24:13","guid":{"rendered":"https:\/\/www.europesays.com\/si\/159724\/"},"modified":"2026-07-15T03:24:13","modified_gmt":"2026-07-15T03:24:13","slug":"video-norisnica-v-oslu-haaland-domov-prisel-z-rakunom-pod-pazduho","status":"publish","type":"post","link":"https:\/\/www.europesays.com\/si\/159724\/","title":{"rendered":"(VIDEO) Nori\u0161nica v Oslu, Haaland domov pri\u0161el z rakunom pod pazduho"},"content":{"rendered":"<p>    <img decoding=\"async\" data-lb-desktop=\"\/media\/2026\/07\/14\/846117\/Orig-APTOPIX_Norway_WCup_Soccer_79221--d4a00-1200.webp\" data-lb-mobile=\"\/media\/2026\/07\/14\/846117\/Orig-APTOPIX_Norway_WCup_Soccer_79221--d4a00-600.webp\" class=\"main-gallery-image se_image_lb\" src=\"https:\/\/www.europesays.com\/si\/wp-content\/uploads\/2026\/07\/Wide-APTOPIX_Norway_WCup_Soccer_79221--d4a00-1000.webp\" alt=\"Norway's Erling Haaland gets off the plane after his national soccer team landed at Oslo Airport, in Gardermoen, Norway, Monday, July 13, 2026. (Jan Langhaug\/NTB Scanpix via AP)\"\/><\/p>\n<p>Zvezdni\u0161ki napadalec Erling Haaland ima o\u010ditno smisel za nenavadne spominke. Foto: AP<\/p>\n<p>(VIDEO) Nori\u0161nica v Oslu, Haaland domov pri\u0161el z rakunom pod pazduho<\/p>\n<p>Norve\u0161ko nogometno reprezentanco, ki je na SP z uvrstitvijo v \u010detrtfinale pri\u0161la do najve\u010djega uspeha v svoji zgodovini, je ob vrnitvi v domovino pri\u010dakalo skoraj 90.000 ljudi na 450-metrski zavarovani poti v sredi\u0161\u010du mesta.<\/p>\n<p>                        14. 07. 2026, 09.17\n                    <\/p>\n<p> ma\n                    <\/p>\n<p>                        <a href=\"https:\/\/google.com\/preferences\/source?q=dnevnik.si\" class=\"se-author-gps-cta\" target=\"_blank\" rel=\"nofollow noopener\"><br \/>\n                            <img decoding=\"async\" class=\"se-author-gps-cta-badge\" src=\"https:\/\/www.europesays.com\/si\/wp-content\/uploads\/2026\/07\/1784069469_984_dnevnik_gps_badge.png\" alt=\"Google Preferred Sources CTA\"\/><br \/>\n                        <\/a><\/p>\n<p>Ob pribli\u017eno 450 metrov dolgi poti med pala\u010do in Univerzitetnim trgom v Oslu se je zbrala nepregledna mno\u017eica, ki je pri\u0161la pozdravit ekipo. Na trgu pred pala\u010do so se igralci in mno\u017eica zdru\u017eili pri izvajanju zdaj \u017ee svetovno znanega proslavljanja v slogu veslanja.<\/p>\n<p lang=\"en\" dir=\"ltr\">The national team is parading through Oslo in an open-top bus from the Royal Palace to City Hall, as people line the streets to celebrate Norway\u2019s historic World Cup achievement. <a href=\"https:\/\/t.co\/aAXJn7Z6vk\" rel=\"nofollow\">pic.twitter.com\/aAXJn7Z6vk<\/a><\/p>\n<p>\u2014 Joakim \ud83c\udf39\ud83c\uddf3\ud83c\uddf4\ud83c\uddea\ud83c\uddfa (@joakial_) <a href=\"https:\/\/x.com\/joakial_\/status\/2076767773120692683?ref_src=twsrc%5Etfw\" rel=\"nofollow\">July 13, 2026<\/a> <\/p>\n<p>Prestolonaslednik Haakon je stal pri bobnu in narekoval ritem. \u00bbDal sem vse od sebe, a smo malce zaostali. Vendar smo dobro veslali,\u00ab je dejal Haakon. Prestolonaslednik je priznal, da je pred tem opravil nekaj vaj.<\/p>\n<p>Sprejem pri 89-letnem\u00a0kralju<\/p>\n<p>Po \u00bbveslanju\u00ab\u00a0se je ekipa vkrcala na avtobus z odprto streho in se odpravila proti trgu pred mestno hi\u0161o. Zaradi mno\u017eice ljudi so nogometa\u0161i napredovali po\u010dasi. \u00bbStati tukaj in biti del zgodovine, to so spomini, ki bodo ostali za vedno,\u00ab je dejal vratar Orjan Nyland.<\/p>\n<p>    <a class=\"se-card__wrap se-card--link\" href=\"https:\/\/www.dnevnik.si\/sport\/nogomet\/napovejte-rezultat-francoski-blisk-proti-spanski-tiki-taki-za-vstopnico-v-raj-2815128\/\" data-upscore-url=\"\" rel=\"nofollow noopener\" target=\"_blank\"><\/p>\n<p>        <img decoding=\"async\" class=\"se-image se-image--card\" src=\"https:\/\/www.europesays.com\/si\/wp-content\/uploads\/2026\/07\/Wide-Gemini_fraspa-400.webp\" alt=\"Modro-rde\u010di spopad na zelenici. Pravijo, da je Francija razred zase, toda ali bodo res bolj\u0161i od \u0160pancev?\"\/><\/p>\n<p>NOGOMETNI JASNOVIDEC<\/p>\n<p>Napovejte rezultat: francoski blisk proti \u0161panski tiki-taki za vstopnico v raj<\/p>\n<p>    <\/a><\/p>\n<p>Z letali\u0161\u010da Gardermoen se je ekipa odpravila v kraljevo pala\u010do v Oslu, kjer so jih pozdravili kralj Harald, princ Haakon in drugi \u010dlani kraljeve dru\u017eine. Vzdu\u0161je je bilo spro\u0161\u010deno. Nekateri igralci so pri\u0161li v kratkih hla\u010dah, Julian Ryerson pa je nosil natika\u010de. \u00bbPozdravil nas je ob vrnitvi domov in nam \u010destital za nastop,\u00ab je o sre\u010danju z 89-letnim monarhom povedal\u00a0kapetan Martin Odegaard.<\/p>\n<p>        <img decoding=\"async\" data-lb-desktop=\"\/media\/2026\/07\/14\/846118\/Orig-APTOPIX_Norway_WCup_Soccer__2799--34db6-1200.webp\" data-lb-mobile=\"\/media\/2026\/07\/14\/846118\/Orig-APTOPIX_Norway_WCup_Soccer__2799--34db6-600.webp\" class=\"se_image se_image_lb\" src=\"https:\/\/www.europesays.com\/si\/wp-content\/uploads\/2026\/07\/Orig-APTOPIX_Norway_WCup_Soccer__2799--34db6-1000.webp\" alt=\"Fans stand to greet Norway's men's national soccer team at Slottsplassen after returning to Oslo, Norway, from the United States on Monday, July 13, 2026. (Trond R. Teigen\/NTB Scanpix via AP)\"\/><\/p>\n<p>Ob pribli\u017eno 450 metrov dolgi poti med pala\u010do in Univerzitetnim trgom v Oslu se je zbrala nepregledna mno\u017eica, ki je pri\u0161la pozdravit ekipo.\u00a0Foto: AP<\/p>\n<p>Haaland z rakunom pod pazduho<\/p>\n<p>Zvezdni\u0161ki napadalec Erling Haaland ima o\u010ditno smisel za nenavadne spominke. Ob vrnitvi s SP je 25-letnik stopil z letala s pli\u0161astim rakunom v rokah. \u00bbSpremljal me je domov,\u00ab je Haaland zapisal na instagramu in razpisal anketo, kako rakuna poimenovati. Rakun v rokah dr\u017ei steklenico viskija.<\/p>\n<p>        <script async src=\"https:\/\/platform.twitter.com\/widgets.js\" charset=\"utf-8\"><\/script><\/p>\n","protected":false},"excerpt":{"rendered":"Zvezdni\u0161ki napadalec Erling Haaland ima o\u010ditno smisel za nenavadne spominke. Foto: AP (VIDEO) Nori\u0161nica v Oslu, Haaland domov&hellip;\n","protected":false},"author":2,"featured_media":159725,"comment_status":"","ping_status":"","sticky":false,"template":"","format":"standard","meta":{"footnotes":"","_share_on_mastodon":"0"},"categories":[16],"tags":[13525,11806,1104,62,37,58,60,38,11282,94,93,1981],"class_list":["post-159724","post","type-post","status-publish","format-standard","has-post-thumbnail","category-sport","tag-erling-haaland","tag-haakon","tag-norveska","tag-si","tag-slovene","tag-slovenia","tag-slovenija","tag-slovenscina","tag-sp-2026","tag-sport","tag-sports","tag-svetovno-prvenstvo"],"share_on_mastodon":{"url":"https:\/\/pubeurope.com\/@si\/116921858063687212","error":""},"_links":{"self":[{"href":"https:\/\/www.europesays.com\/si\/wp-json\/wp\/v2\/posts\/159724","targetHints":{"allow":["GET"]}}],"collection":[{"href":"https:\/\/www.europesays.com\/si\/wp-json\/wp\/v2\/posts"}],"about":[{"href":"https:\/\/www.europesays.com\/si\/wp-json\/wp\/v2\/types\/post"}],"author":[{"embeddable":true,"href":"https:\/\/www.europesays.com\/si\/wp-json\/wp\/v2\/users\/2"}],"replies":[{"embeddable":true,"href":"https:\/\/www.europesays.com\/si\/wp-json\/wp\/v2\/comments?post=159724"}],"version-history":[{"count":0,"href":"https:\/\/www.europesays.com\/si\/wp-json\/wp\/v2\/posts\/159724\/revisions"}],"wp:featuredmedia":[{"embeddable":true,"href":"https:\/\/www.europesays.com\/si\/wp-json\/wp\/v2\/media\/159725"}],"wp:attachment":[{"href":"https:\/\/www.europesays.com\/si\/wp-json\/wp\/v2\/media?parent=159724"}],"wp:term":[{"taxonomy":"category","embeddable":true,"href":"https:\/\/www.europesays.com\/si\/wp-json\/wp\/v2\/categories?post=159724"},{"taxonomy":"post_tag","embeddable":true,"href":"https:\/\/www.europesays.com\/si\/wp-json\/wp\/v2\/tags?post=159724"}],"curies":[{"name":"wp","href":"https:\/\/api.w.org\/{rel}","templated":true}]}}