{"id":160488,"date":"2026-07-15T17:17:08","date_gmt":"2026-07-15T17:17:08","guid":{"rendered":"https:\/\/www.europesays.com\/si\/160488\/"},"modified":"2026-07-15T17:17:08","modified_gmt":"2026-07-15T17:17:08","slug":"udarec-za-zimski-sport-olimpijska-prvakinja-izgubila-boj-z-rakom","status":"publish","type":"post","link":"https:\/\/www.europesays.com\/si\/160488\/","title":{"rendered":"Udarec za zimski \u0161port: Olimpijska prvakinja izgubila boj z rakom"},"content":{"rendered":"<p>V 54. letu starosti je po bitko z rakom od\u0161la nekdanja olimpijska in svetovna prvakinja v biatlonu Galina Kukljeva, je sporo\u010dila Ruska biatlonska zveza.<\/p>\n<p>Kukljeva se je v \u0161portno zgodovino med drugim zapisala kot olimpijska prvakinja iz Nagana (1998), kjer je bila najbolj\u0161a v sprintu na 7,5 km.\u00a0Na istih igrah je bila srebrna v \u0161tafeti na 4 x 7,5 km, \u0161tiri leta kasneje v Salt Lake Cityju pa je v tej isti disciplini osvojila \u0161e bron<\/p>\n<p>&#8220;Galina Kukljeva bo za vedno \u017eivela v srcih kolegov, tekmic in navija\u010dev. Njeni dose\u017eki bodo navdihovali prihodnje generacije ruskih biatloncev,&#8221; je sporo\u010dila zveza.<\/p>\n<p>Rusinja je bila vrsto let ena najbolj\u0161ih biatlonk na svetu. V karieri je dobila ve\u010d tekem svetovnega pokala, mo\u010dan pe\u010dat pa je pustila tudi na svetovnih prvenstvih s tremi zlatimi, dvema srebrnima in eno bronasto medaljo. Po koncu kariere je ostala povezana z biatlonom.<\/p>\n<p dir=\"ltr\" lang=\"en\">RIP Galina Kukleva, Russian Biathlete Gold &amp; Silver at the 1998 Winter Olympics in Nagano (7.5 km Sprint, Team Relay)<br \/>Bronze at 2002 Winter Olympics on Salt Lake (Team Relay)<br \/>3x Gold, 2x Silver, Bronze at Biathlon World Championship<br \/>Honored Master of Sports <a href=\"https:\/\/x.com\/hashtag\/InMemoriam?src=hash&amp;ref_src=twsrc%5Etfw\" rel=\"nofollow\">#InMemoriam<\/a> <a href=\"https:\/\/x.com\/hashtag\/RIP?src=hash&amp;ref_src=twsrc%5Etfw\" rel=\"nofollow\">#RIP<\/a> <a href=\"https:\/\/t.co\/sviS8MpOxs\" rel=\"nofollow\">pic.twitter.com\/sviS8MpOxs<\/a><\/p>\n<p>\u2014 LegacyTributes (@InMemoriamX) <a href=\"https:\/\/x.com\/InMemoriamX\/status\/2076961710787747946?ref_src=twsrc%5Etfw\" rel=\"nofollow\">July 14, 2026<\/a><\/p>\n<p dir=\"ltr\" lang=\"en\">1998 OLYMPIC BIATHLON CHAMPION GALINA KUKLEVA PASSES AWAY AT 53<\/p>\n<p>NAGANO \/ TYUMEN \u2014 July 14, 2026 \u2014 The international biathlon community is mourning the loss of one of its most dominant stars from the turn of the millennium.<\/p>\n<p>Galina Kukleva, the Russian Olympic gold medalist and\u2026 <a href=\"https:\/\/t.co\/39928JQXL0\" rel=\"nofollow\">pic.twitter.com\/39928JQXL0<\/a><\/p>\n<p>\u2014 LiberlandPress (@PressLiberland) <a href=\"https:\/\/x.com\/PressLiberland\/status\/2077139497003671990?ref_src=twsrc%5Etfw\" rel=\"nofollow\">July 14, 2026<\/a><\/p>\n<p><a href=\"https:\/\/styria-media.si\/\" rel=\"nofollow noopener\" target=\"_blank\">dezurni@styria-media.si<\/a><\/p>\n<p>                                            <script async src=\"https:\/\/platform.twitter.com\/widgets.js\" charset=\"utf-8\"><\/script><\/p>\n","protected":false},"excerpt":{"rendered":"V 54. letu starosti je po bitko z rakom od\u0161la nekdanja olimpijska in svetovna prvakinja v biatlonu Galina&hellip;\n","protected":false},"author":2,"featured_media":160489,"comment_status":"","ping_status":"","sticky":false,"template":"","format":"standard","meta":{"footnotes":"","_share_on_mastodon":"0"},"categories":[20],"tags":[562,42030,32,35,31,34,339,36,2064,37,38,33],"class_list":["post-160488","post","type-post","status-publish","format-standard","has-post-thumbnail","category-novice","tag-biatlon","tag-galina-kukljeva","tag-headlines","tag-najpomembnejse-novice","tag-news","tag-novice","tag-olimpijske-igre","tag-osrednje-novice","tag-rak","tag-slovene","tag-slovenscina","tag-top-stories"],"share_on_mastodon":{"url":"https:\/\/pubeurope.com\/@si\/116925133135916321","error":""},"_links":{"self":[{"href":"https:\/\/www.europesays.com\/si\/wp-json\/wp\/v2\/posts\/160488","targetHints":{"allow":["GET"]}}],"collection":[{"href":"https:\/\/www.europesays.com\/si\/wp-json\/wp\/v2\/posts"}],"about":[{"href":"https:\/\/www.europesays.com\/si\/wp-json\/wp\/v2\/types\/post"}],"author":[{"embeddable":true,"href":"https:\/\/www.europesays.com\/si\/wp-json\/wp\/v2\/users\/2"}],"replies":[{"embeddable":true,"href":"https:\/\/www.europesays.com\/si\/wp-json\/wp\/v2\/comments?post=160488"}],"version-history":[{"count":0,"href":"https:\/\/www.europesays.com\/si\/wp-json\/wp\/v2\/posts\/160488\/revisions"}],"wp:featuredmedia":[{"embeddable":true,"href":"https:\/\/www.europesays.com\/si\/wp-json\/wp\/v2\/media\/160489"}],"wp:attachment":[{"href":"https:\/\/www.europesays.com\/si\/wp-json\/wp\/v2\/media?parent=160488"}],"wp:term":[{"taxonomy":"category","embeddable":true,"href":"https:\/\/www.europesays.com\/si\/wp-json\/wp\/v2\/categories?post=160488"},{"taxonomy":"post_tag","embeddable":true,"href":"https:\/\/www.europesays.com\/si\/wp-json\/wp\/v2\/tags?post=160488"}],"curies":[{"name":"wp","href":"https:\/\/api.w.org\/{rel}","templated":true}]}}