{"id":160522,"date":"2026-07-15T18:13:08","date_gmt":"2026-07-15T18:13:08","guid":{"rendered":"https:\/\/www.europesays.com\/si\/160522\/"},"modified":"2026-07-15T18:13:08","modified_gmt":"2026-07-15T18:13:08","slug":"nova-kolesarska-pot-povezala-bled-in-bohinj-foto","status":"publish","type":"post","link":"https:\/\/www.europesays.com\/si\/160522\/","title":{"rendered":"Nova kolesarska pot povezala Bled in Bohinj #foto"},"content":{"rendered":"<p>Med Bledom in Bohinjsko Bistrico je od danes uradno odprta nova kolesarska povezava, ki povezuje dve pomembni gorenjski turisti\u010dni obmo\u010dji. Nova trasa prina\u0161a varnej\u0161e pogoje za kolesarje, bolj\u0161e mo\u017enosti za trajnostno mobilnost ter la\u017eje povezovanje med Bledom, Bohinjem in dolino Save Bohinjke.<\/p>\n<p>Nova kolesarska povezava meri pribli\u017eno 20 kilometrov, skupaj z \u017ee obstoje\u010do potjo do Bohinjskega jezera pa tvori skoraj 28 kilometrov dolgo povezavo med Blejskim in Bohinjskim jezerom. Ve\u010dina trase je lo\u010dena od motornega prometa in poteka ob reki Savi Bohinjki. Projekt je del dr\u017eavnega in gorenjskega kolesarskega omre\u017eja ter predstavlja pomembno pridobitev za prebivalce, obiskovalce in razvoj trajnostne mobilnosti v regiji.<\/p>\n<p><img decoding=\"async\" alt=\"Nova kolesarska pot | Foto: Kaja Skrbin\u0161ek\/STA\" class=\"article_content__inline_image js_imageLightbox is-clickable\" data-author=\"Kaja Skrbin\u0161ek\/STA\" data-caption=\"\" data-height=\"1066\" data-href=\"https:\/\/siol.net\/media\/img\/4e\/f5\/1fcd770c9e4a988060d3-nova-kolesarska-pot.jpeg\" data-width=\"1600\" loading=\"lazy\" src=\"\/media\/img\/57\/93\/9dced7e975449a6b056e-nova-kolesarska-pot.jpeg\" title=\"Nova kolesarska pot\"\/><\/p>\n<p> Foto: Kaja Skrbin\u0161ek\/STA <\/p>\n<p>Skoraj 25 milijonov evrov vredna nalo\u017eba<\/p>\n<p>Gradnja povezave se je za\u010dela leta 2022, skupna vrednost projekta pa zna\u0161a skoraj 25 milijonov evrov. Pri izvedbi so sodelovali Direkcija Republike Slovenije za infrastrukturo ter ob\u010dini Bled in Bohinj, pri pripravi in uresni\u010devanju projekta pa tudi drugi regionalni in dr\u017eavni partnerji. Financiranje je zagotovila Republika Slovenija, Evropski sklad za regionalni razvoj ter ob\u010dini Bled in Bohinj.<\/p>\n<p>V sklopu ureditve so nastala tudi nova kolesarska po\u010divali\u0161\u010da pri plav\u017eu sv. Heme in pri slapu Grme\u010dica. V prihodnje je ob Blejskem jezeru predvidena \u0161e pametna kolesarska postaja.<\/p>\n<p><img decoding=\"async\" alt=\"Nova kolesarska pot | Foto: Tinkara Zupan\/STA\" class=\"article_content__inline_image js_imageLightbox is-clickable\" data-author=\"Tinkara Zupan\/STA\" data-caption=\"\" data-height=\"900\" data-href=\"https:\/\/siol.net\/media\/img\/71\/e7\/7407bc410cb6a5836fa5-nova-kolesarska-pot.jpeg\" data-width=\"1600\" loading=\"lazy\" src=\"\/media\/img\/e3\/63\/595f13ab9649d0b6572d-nova-kolesarska-pot.jpeg\" title=\"Nova kolesarska pot\"\/><\/p>\n<p> Foto: Tinkara Zupan\/STA <\/p>\n<p>Bohinjski \u017eupan Jo\u017ee Sodja je ob odprtju poudaril, da projekt presega zgolj infrastrukturno vrednost. &#8220;Ta povezava ne povezuje samo dveh ob\u010din, ampak tudi ljudi in skupne razvojne cilje. Namenjena je doma\u010dinom, obiskovalcem ter rekreativnim in vsakodnevnim kolesarjem, njena najve\u010dja vrednost pa je ve\u010dja prometna varnost in bolj\u0161a kakovost \u017eivljenja,&#8221;\u00a0je povedal.<\/p>\n<p>Bled in Bohinj stavita na trajnostno mobilnost<\/p>\n<p>Blejski \u017eupan Anton Me\u017ean je izpostavil, da nova kolesarska povezava pomeni ve\u010d kot zgolj novo prometno infrastrukturo. &#8220;To je rezultat sodelovanja ob\u010din in dr\u017eave ter simbol povezovanja, odgovornega odnosa do prostora in trajnostnega razvoja. Nova pot povezuje Bled in Bohinj ter obiskovalcem in doma\u010dinom omogo\u010da varnej\u0161e in prijetnej\u0161e do\u017eivetje doline Save Bohinjke,&#8221;\u00a0je dejal Me\u017ean.<\/p>\n<p><img decoding=\"async\" alt=\"Nova kolesarska pot | Foto: Tinkara Zupan\/STA\" class=\"article_content__inline_image js_imageLightbox is-clickable\" data-author=\"Tinkara Zupan\/STA\" data-caption=\"\" data-height=\"900\" data-href=\"https:\/\/siol.net\/media\/img\/50\/90\/676173c2ad41e41c3343-nova-kolesarska-pot.jpeg\" data-width=\"1600\" loading=\"lazy\" src=\"\/media\/img\/aa\/f8\/3651b0ecf4d31b94c540-nova-kolesarska-pot.jpeg\" title=\"Nova kolesarska pot\"\/><\/p>\n<p> Foto: Tinkara Zupan\/STA <\/p>\n<p><img decoding=\"async\" alt=\"Nova kolesarska pot | Foto: Tinkara Zupan\/STA\" class=\"article_content__inline_image js_imageLightbox is-clickable\" data-author=\"Tinkara Zupan\/STA\" data-caption=\"\" data-height=\"900\" data-href=\"https:\/\/siol.net\/media\/img\/af\/da\/4ae86d3434eb7b984937-nova-kolesarska-pot.jpeg\" data-width=\"1600\" loading=\"lazy\" src=\"\/media\/img\/21\/08\/ac5c205b1231752b8a85-nova-kolesarska-pot.jpeg\" title=\"Nova kolesarska pot\"\/><\/p>\n<p> Foto: Tinkara Zupan\/STA <\/p>\n<p>Za popolno povezavo bo treba po\u010dakati \u0161e na zaklju\u010dek del<\/p>\n<p>\u010ceprav je nova kolesarska povezava odprta, \u0161e niso zaklju\u010dene vse spremljevalne\u00a0ureditve. Zaradi sanacije zemeljskega plazu je lokalna cesta med Bohinjsko Belo in Obrnami za\u010dasno zaprta, zato je za kolesarje urejen obvoz. Po predvidenem zaklju\u010dku del konec avgusta bo povezava med Bledom in Bohinjsko Bistrico v celoti neprekinjena. Kolesarji naj do takrat uporabljajo ozna\u010dene obvoze ter upo\u0161tevajo prometno signalizacijo in cestnoprometne predpise.<\/p>\n<p><img decoding=\"async\" alt=\"Nova kolesarska pot | Foto: Kaja Skrbin\u0161ek\/STA\" class=\"article_content__inline_image js_imageLightbox is-clickable\" data-author=\"Kaja Skrbin\u0161ek\/STA\" data-caption=\"\" data-height=\"1066\" data-href=\"https:\/\/siol.net\/media\/img\/a1\/bd\/609f1b5eb047291b1a7d-nova-kolesarska-pot.jpeg\" data-width=\"1600\" loading=\"lazy\" src=\"\/media\/img\/87\/88\/2c666c1e00efdf9becfd-nova-kolesarska-pot.jpeg\" title=\"Nova kolesarska pot\"\/><\/p>\n<p> Foto: Kaja Skrbin\u0161ek\/STA <\/p>\n","protected":false},"excerpt":{"rendered":"Med Bledom in Bohinjsko Bistrico je od danes uradno odprta nova kolesarska povezava, ki povezuje dve pomembni gorenjski&hellip;\n","protected":false},"author":2,"featured_media":160523,"comment_status":"","ping_status":"","sticky":false,"template":"","format":"standard","meta":{"footnotes":"","_share_on_mastodon":"0"},"categories":[6],"tags":[7994,2784,42034,5755,59,61,62,37,58,60,38],"class_list":["post-160522","post","type-post","status-publish","format-standard","has-post-thumbnail","category-slovenija","tag-bled","tag-bohinj","tag-bohinjska-bistrica","tag-kolesarska-pot","tag-republic-of-slovenia","tag-republika-slovenija","tag-si","tag-slovene","tag-slovenia","tag-slovenija","tag-slovenscina"],"share_on_mastodon":{"url":"https:\/\/pubeurope.com\/@si\/116925353929210810","error":""},"_links":{"self":[{"href":"https:\/\/www.europesays.com\/si\/wp-json\/wp\/v2\/posts\/160522","targetHints":{"allow":["GET"]}}],"collection":[{"href":"https:\/\/www.europesays.com\/si\/wp-json\/wp\/v2\/posts"}],"about":[{"href":"https:\/\/www.europesays.com\/si\/wp-json\/wp\/v2\/types\/post"}],"author":[{"embeddable":true,"href":"https:\/\/www.europesays.com\/si\/wp-json\/wp\/v2\/users\/2"}],"replies":[{"embeddable":true,"href":"https:\/\/www.europesays.com\/si\/wp-json\/wp\/v2\/comments?post=160522"}],"version-history":[{"count":0,"href":"https:\/\/www.europesays.com\/si\/wp-json\/wp\/v2\/posts\/160522\/revisions"}],"wp:featuredmedia":[{"embeddable":true,"href":"https:\/\/www.europesays.com\/si\/wp-json\/wp\/v2\/media\/160523"}],"wp:attachment":[{"href":"https:\/\/www.europesays.com\/si\/wp-json\/wp\/v2\/media?parent=160522"}],"wp:term":[{"taxonomy":"category","embeddable":true,"href":"https:\/\/www.europesays.com\/si\/wp-json\/wp\/v2\/categories?post=160522"},{"taxonomy":"post_tag","embeddable":true,"href":"https:\/\/www.europesays.com\/si\/wp-json\/wp\/v2\/tags?post=160522"}],"curies":[{"name":"wp","href":"https:\/\/api.w.org\/{rel}","templated":true}]}}