{"id":160548,"date":"2026-07-15T18:48:14","date_gmt":"2026-07-15T18:48:14","guid":{"rendered":"https:\/\/www.europesays.com\/si\/160548\/"},"modified":"2026-07-15T18:48:14","modified_gmt":"2026-07-15T18:48:14","slug":"eu-in-ukrajina-v-skupno-proizvodnjo-dronov","status":"publish","type":"post","link":"https:\/\/www.europesays.com\/si\/160548\/","title":{"rendered":"EU in Ukrajina v skupno proizvodnjo dronov"},"content":{"rendered":"<p class=\"isSelectedEnd\">Predsednica Evropske komisije Ursula von der Leyen je v Kijevu napovedala partnerstvo med Evropsko unijo in Ukrajino za skupno proizvodnjo dronov. Po njenih besedah bo sodelovanje povezalo ukrajinsko tehnolo\u0161ko znanje z evropsko industrijo ter okrepilo varnost obeh strani.<\/p>\n<p class=\"isSelectedEnd\">Ukrajina in EU sta podpisali tudi ve\u010d sporazumov, ki bodo Kijevu omogo\u010dili dostop do 300 milijonov evrov evropskih sredstev ter vklju\u010ditev v programe za razvoj obrambne industrije.<\/p>\n<p class=\"isSelectedEnd\">Von der Leyen je med obiskom prejela prvo odlikovanje Red Evrope, ki ga Ukrajina podeljuje posameznikom za podporo njeni neodvisnosti in pribli\u017eevanju Evropski uniji.<\/p>\n<p>V Kijevu danes poteka tudi vrh Ukrajina\u2013Jugovzhodna Evropa, na katerem voditelji razpravljajo o varnosti, obrambnem sodelovanju in evropski prihodnosti Ukrajine. Med udele\u017eenci je tudi slovenski premier Janez Jan\u0161a.<\/p>\n","protected":false},"excerpt":{"rendered":"Predsednica Evropske komisije Ursula von der Leyen je v Kijevu napovedala partnerstvo med Evropsko unijo in Ukrajino za&hellip;\n","protected":false},"author":2,"featured_media":160549,"comment_status":"","ping_status":"","sticky":false,"template":"","format":"standard","meta":{"footnotes":"","_share_on_mastodon":"0"},"categories":[3],"tags":[65,66,37,38],"class_list":["post-160548","post","type-post","status-publish","format-standard","has-post-thumbnail","category-evropa","tag-europe","tag-evropa","tag-slovene","tag-slovenscina"],"share_on_mastodon":{"url":"https:\/\/pubeurope.com\/@si\/116925491206126017","error":""},"_links":{"self":[{"href":"https:\/\/www.europesays.com\/si\/wp-json\/wp\/v2\/posts\/160548","targetHints":{"allow":["GET"]}}],"collection":[{"href":"https:\/\/www.europesays.com\/si\/wp-json\/wp\/v2\/posts"}],"about":[{"href":"https:\/\/www.europesays.com\/si\/wp-json\/wp\/v2\/types\/post"}],"author":[{"embeddable":true,"href":"https:\/\/www.europesays.com\/si\/wp-json\/wp\/v2\/users\/2"}],"replies":[{"embeddable":true,"href":"https:\/\/www.europesays.com\/si\/wp-json\/wp\/v2\/comments?post=160548"}],"version-history":[{"count":0,"href":"https:\/\/www.europesays.com\/si\/wp-json\/wp\/v2\/posts\/160548\/revisions"}],"wp:featuredmedia":[{"embeddable":true,"href":"https:\/\/www.europesays.com\/si\/wp-json\/wp\/v2\/media\/160549"}],"wp:attachment":[{"href":"https:\/\/www.europesays.com\/si\/wp-json\/wp\/v2\/media?parent=160548"}],"wp:term":[{"taxonomy":"category","embeddable":true,"href":"https:\/\/www.europesays.com\/si\/wp-json\/wp\/v2\/categories?post=160548"},{"taxonomy":"post_tag","embeddable":true,"href":"https:\/\/www.europesays.com\/si\/wp-json\/wp\/v2\/tags?post=160548"}],"curies":[{"name":"wp","href":"https:\/\/api.w.org\/{rel}","templated":true}]}}