{"id":160714,"date":"2026-07-15T23:12:08","date_gmt":"2026-07-15T23:12:08","guid":{"rendered":"https:\/\/www.europesays.com\/si\/160714\/"},"modified":"2026-07-15T23:12:08","modified_gmt":"2026-07-15T23:12:08","slug":"globoka-drzava-ne-zeli-da-se-razkrije-starost-prejemnikov-borcevskih-dodatkov","status":"publish","type":"post","link":"https:\/\/www.europesays.com\/si\/160714\/","title":{"rendered":"Globoka dr\u017eava ne \u017eeli, da se razkrije starost prejemnikov \u201cbor\u010devskih\u201d dodatkov"},"content":{"rendered":"<p style=\"text-align: justify;\">Informacijski poobla\u0161\u010denec je zavrnil razkritje letnic rojstva prejemnikov bor\u010devskih pokojnin. Le kaj skrivajo?\u00a0<\/p>\n<p style=\"text-align: justify;\">Po podatkih zavoda za pokojninsko in invalidsko blagajno je leta 2025 bor\u010devske dodatke prejemalo 2,655 oseb, skupno je bilo izpla\u010danih 4.813.600 evrov. Kljub temu pa javnost letos ne more ve\u010d dostopati do podatka o starosti prejemnikov, saj je informacijski poobla\u0161\u010denec dolo\u010dil, da letnica rojstva predstavlja osebni podatek, ki ni neposredno povezan s porabo javnih sredstev.<\/p>\n<p style=\"text-align: justify;\"><a href=\"https:\/\/nova24tv.si\/zdajsnja-in-prejsnja-informacijska-pooblascenka-privilegirani-predstavnici-tranzicijske-levice-ki-jima-mediji-jedo-iz-rok-pri-spopadu-z-jansevo-vlado\/\" rel=\"nofollow noopener\" target=\"_blank\"><\/p>\n<p> Preberite \u0161e: Zdaj\u0161nja in prej\u0161nja informacijska poobla\u0161\u010denka: Privilegirani predstavnici tranzicijske levice, ki jima mediji jedo iz rok pri spopadu z Jan\u0161evo vlado<\/p>\n<p><\/a><\/p>\n<p style=\"text-align: justify;\">Po poro\u010danju Info360 je ZPIZ posredoval imena in priimke prejemnikov ter vi\u0161ino dodatkov, vendar so zavrnili razkritje letnic rojstva. Po prito\u017ebi je informacijski poobla\u0161\u010denec v izjemno kratkem \u010dasu, zgolj dveh dneh, odlo\u010dil, da razkritje teh podatkov ni v javnem interesu.<\/p>\n<p style=\"text-align: justify;\">Tak\u0161na odlo\u010ditev je presenetljiva tudi zato, ker so bili ti podatki v preteklosti \u017ee javno dostopni. Lani je ZPIZ poleg imen in zneskov razkril tudi letnice rojstva, kar je omogo\u010dilo, dodatni vpogled v upravi\u010denost prejemnikov.<\/p>\n<p><img fetchpriority=\"high\" decoding=\"async\" class=\"wp-image-987687\" src=\"https:\/\/www.europesays.com\/si\/wp-content\/uploads\/2026\/07\/O-IP11-1080-400x59.webp\" alt=\"\" width=\"705\" height=\"104\"  \/>Vir: Info360<\/p>\n<p style=\"text-align: justify;\">Prav starost prejemnikov je namre\u010d klju\u010dna za razumevanje sistema. Pretekli podatki so pokazali, da so nekateri prejemniki ob koncu druge svetovne vojne \u0161teli komaj med osem in enajst let, kar odpira vpra\u0161anje o kriterijih za dodeljevanje teh dodatkov. Brez podatkov o letnici rojstva, je tak nadzor bistveno ote\u017een.<\/p>\n<p style=\"text-align: justify;\">Informacijski poobla\u0161\u010denec poudarja, da je namen dostopa do informacij javnega zna\u010daja omogo\u010diti nadzor nad tem, komu in v kak\u0161ni vi\u0161ini so bila sredstva dodeljena, pri \u010demer naj bi za to zadostovali \u017ee podatki o imenu in znesku. Razkritje letnice rojstva po njihovem mnenju pomeni nesorazmeren poseg v zasebnosti.<\/p>\n<p><img loading=\"lazy\" decoding=\"async\" class=\"wp-image-987689\" src=\"https:\/\/www.europesays.com\/si\/wp-content\/uploads\/2026\/07\/POL20260608-BOR_2242-400x272.jpg.webp\" alt=\"\" width=\"816\" height=\"555\"  \/>Informacijska poobla\u0161\u010denka Jelena Virant Burnik,<br \/>Foto: Borut \u017divulovi\u010d\/F.A.Bobo<\/p>\n<p style=\"text-align: justify;\">Po drugi strani kritiki opozarjajo, da brez osnovnih demografskih podatkov javnost te\u017eko preverja upravi\u010denost izpla\u010dil, zlasti pri ob\u010dutljivih zgodovinskih kategorijah, kot so bor\u010devski dodatki in pravice njihovih svojcev.<\/p>\n<p style=\"text-align: justify;\">Trend izpla\u010dil sicer ka\u017ee postopno zmanj\u0161evanje \u0161tevila upravi\u010dencev in skupnih izdatkov. Leta 2023 je dodatke prejemalo 3.906 oseb, leto kasneje 3.266 oseb, leta 2025 pa \u0161e 2.655 oseb.<\/p>\n<p><img loading=\"lazy\" decoding=\"async\" class=\"wp-image-987686\" src=\"https:\/\/www.europesays.com\/si\/wp-content\/uploads\/2026\/07\/O-Pritozba-1080-400x114.webp\" alt=\"\" width=\"775\" height=\"221\"  \/>Vir: Info360<\/p>\n<p style=\"text-align: justify;\">Najvi\u0161ji izpla\u010dani zneski ostajajo razmeroma visoki. Posamezni starostni dodatki so presegli 12.000 evrov letno, invalidski dodatki pa celo 13.000 evrov. Pri dru\u017einskih oziroma vdovskih dodatkih je najvi\u0161ji znesek presegel 14.500 evrov.<\/p>\n<p style=\"text-align: justify;\">Zoper odlo\u010ditev informacijskega poobla\u0161\u010denca je sicer mo\u017een upravni spor, kar pomeni, da vpra\u0161anje dostopa do teh podatkov \u0161e ni dokon\u010dno zaklju\u010deno.<\/p>\n<p style=\"text-align: justify;\">T.P.<\/p>\n","protected":false},"excerpt":{"rendered":"Informacijski poobla\u0161\u010denec je zavrnil razkritje letnic rojstva prejemnikov bor\u010devskih pokojnin. Le kaj skrivajo?\u00a0 Po podatkih zavoda za pokojninsko&hellip;\n","protected":false},"author":2,"featured_media":160715,"comment_status":"","ping_status":"","sticky":false,"template":"","format":"standard","meta":{"footnotes":"","_share_on_mastodon":"0"},"categories":[20],"tags":[32,41782,35,31,14960,34,36,37,60,38,33],"class_list":["post-160714","post","type-post","status-publish","format-standard","has-post-thumbnail","category-novice","tag-headlines","tag-informacijska-pooblascenka","tag-najpomembnejse-novice","tag-news","tag-nob","tag-novice","tag-osrednje-novice","tag-slovene","tag-slovenija","tag-slovenscina","tag-top-stories"],"share_on_mastodon":{"url":"https:\/\/pubeurope.com\/@si\/116926529342727388","error":""},"_links":{"self":[{"href":"https:\/\/www.europesays.com\/si\/wp-json\/wp\/v2\/posts\/160714","targetHints":{"allow":["GET"]}}],"collection":[{"href":"https:\/\/www.europesays.com\/si\/wp-json\/wp\/v2\/posts"}],"about":[{"href":"https:\/\/www.europesays.com\/si\/wp-json\/wp\/v2\/types\/post"}],"author":[{"embeddable":true,"href":"https:\/\/www.europesays.com\/si\/wp-json\/wp\/v2\/users\/2"}],"replies":[{"embeddable":true,"href":"https:\/\/www.europesays.com\/si\/wp-json\/wp\/v2\/comments?post=160714"}],"version-history":[{"count":0,"href":"https:\/\/www.europesays.com\/si\/wp-json\/wp\/v2\/posts\/160714\/revisions"}],"wp:featuredmedia":[{"embeddable":true,"href":"https:\/\/www.europesays.com\/si\/wp-json\/wp\/v2\/media\/160715"}],"wp:attachment":[{"href":"https:\/\/www.europesays.com\/si\/wp-json\/wp\/v2\/media?parent=160714"}],"wp:term":[{"taxonomy":"category","embeddable":true,"href":"https:\/\/www.europesays.com\/si\/wp-json\/wp\/v2\/categories?post=160714"},{"taxonomy":"post_tag","embeddable":true,"href":"https:\/\/www.europesays.com\/si\/wp-json\/wp\/v2\/tags?post=160714"}],"curies":[{"name":"wp","href":"https:\/\/api.w.org\/{rel}","templated":true}]}}