{"id":160758,"date":"2026-07-16T01:33:09","date_gmt":"2026-07-16T01:33:09","guid":{"rendered":"https:\/\/www.europesays.com\/si\/160758\/"},"modified":"2026-07-16T01:33:09","modified_gmt":"2026-07-16T01:33:09","slug":"droni-se-tesneje-povezali-kijev-in-eu","status":"publish","type":"post","link":"https:\/\/www.europesays.com\/si\/160758\/","title":{"rendered":"Droni \u0161e tesneje povezali Kijev in EU"},"content":{"rendered":"<p>    <img decoding=\"async\" data-lb-desktop=\"\/media\/2026\/07\/15\/846595\/Orig-2026-07-15T110445Z_282391752_RC27EMA6TSBP_RTRMADP_3_UKRAINE-CRISIS-STATEHOOD-DAY-1200.webp\" data-lb-mobile=\"\/media\/2026\/07\/15\/846595\/Orig-2026-07-15T110445Z_282391752_RC27EMA6TSBP_RTRMADP_3_UKRAINE-CRISIS-STATEHOOD-DAY-600.webp\" class=\"main-gallery-image se_image_lb\" src=\"https:\/\/www.europesays.com\/si\/wp-content\/uploads\/2026\/07\/Wide-2026-07-15T110445Z_282391752_RC27EMA6TSBP_RTRMADP_3_UKRAINE-CRISIS-STATEHOOD-DAY-1000.webp\" alt=\"Ukraine's President Volodymyr Zelenskiy and his wife Olena, Prime Minister Yulia Svyrydenko, European Commission President Ursula von der Leyen, Moldova's President Maia Sandu, Romania's President Nicusor Dan, Croatian Prime Minister Andrej Plenkovic, Slovenian Prime Minister Janez Jansa, Albania's President Bajram Begaj, Cardinal Matteo Zuppi arrive to mark the Day of Ukrainian Statehood in front of St. Michael's Cathedral, amid Russia's attack on Ukraine, in Kyiv, Ukraine July 15, 2026. REUTERS\/Valentyn Ogirenko\"\/><\/p>\n<p>Ukrajinski predsednik Zelenski se je z gosti na dan dr\u017eavnosti poklonil na slovesnosti s cvetjem. Z njo so izkazali spo\u0161tovanje ukrajinskim vojakom, branilcem in celotnemu narodu. Foto: Reuters<\/p>\n<p>Droni \u0161e tesneje povezali Kijev in EU<\/p>\n<p>Evropska unija in Ukrajina z novim dogovorom o proizvodnji dronov na evropskih tleh povezujeta znanje, ki ga je Ukrajina pridobila na podro\u010dju uporabe dronov in sistemov za obrambo pred droni, ter evropske tehnolo\u0161ke in industrijske zmogljivosti.<\/p>\n<p>                        16. 07. 2026, 00.00\n                    <\/p>\n<p> Ale\u0161 Gaube\n                    <\/p>\n<p>                        <a href=\"https:\/\/google.com\/preferences\/source?q=dnevnik.si\" class=\"se-author-gps-cta\" target=\"_blank\" rel=\"nofollow noopener\"><br \/>\n                            <img decoding=\"async\" class=\"se-author-gps-cta-badge\" src=\"https:\/\/www.europesays.com\/si\/wp-content\/uploads\/2026\/07\/1784165588_77_dnevnik_gps_badge.png\" alt=\"Google Preferred Sources CTA\"\/><br \/>\n                        <\/a><\/p>\n<p>Ukrajinski predsednik Volodimir Zelenski je ukrajinski praznik dr\u017eavnosti, ki je povezan s krstom Kijevske Rusije pod knezom Volodimirjem Velikim, v Kijevu sprejemal visoke evropske goste. Najpomembnej\u0161a med njimi je bila predsednica evropske komisije Ursula von der Leyen, ki je s seboj v prtljagi prinesla ve\u010d obrambnih dogovorov. Ne zaradi tega, ampak zaradi njenega zavzemanja za mesto Ukrajine v Evropski uniji, je von der Leynova dobila visoko dr\u017eavno odlikovanje. \u00bbDraga Ursula, to je nagrada, ki je nih\u010de nikoli ne bo mogel razveljaviti ali odvzeti. Ker je beseda Ukrajine trdna,\u00ab je med vrsticami zbodel poljskega predsednika Karola Nawrockega, ki mu je najvi\u0161je poljsko odlikovanje odvzel po spornem poimenovanju ene od ukrajinskih enot po ultranacionalisti\u010dni skupini, ki je med drugo svetovno vojno izvajala poboje Poljakov.<\/p>\n<p>300 mio. \u20ac<\/p>\n<p>sredstev bo lahko Ukrajina po\u010drpala iz obrambnih programov EU.<\/p>\n<p>To je dodatno prispevalo k slavnostnemu dnevu, ko se je slavilo vse tesnej\u0161e obrambno sodelovanje med EU in Ukrajino, po zahtevanem odstopu premierke Julije Sviridenko pa je Ukrajina dobivala novo vlado z naslednjim premierjem Sergejem Koreckim, dosedanjim vodjem dr\u017eavnega podjetja Naftogaz.<\/p>\n<p>\u00bbNa\u0161 cilj ni Rusija brez bencina\u00ab<\/p>\n<p>Ukrajinska prestolnica Kijev je za nekaj ur spet postala evropsko sredi\u0161\u010de diplomacije. Ve\u010d evropskih voditeljev jugovzhodne Evrope se je na ukrajinski dr\u017eavni praznik se\u0161lo na petem vrhu Ukrajina-Jugovzhodna Evropa. Dr\u017eavni praznik je Ukrajina proslavljala ob vnovi\u010d izra\u017eenem prepri\u010danju ameri\u0161kega predsednika Donalda Trumpa, da je Rusija pripravljena skleniti dogovor z Ukrajino. A po drugi strani iz Kremlja prihajajo jasni namigi, da ruski predsednik vztraja pri svojih maksimalnih ciljih osvojitve celotnega Donbasa in je pripravljen sedaj \u0161e stopnjevati vojno.<\/p>\n<p>Optimizem Volodimirja Zelenskega izhaja iz vse mo\u010dnej\u0161e ukrajinske dronske ofenzive na rusko energetsko infrastrukturo, zaradi katere ima Putinova vojska te\u017eave pri oskrbi fronte, \u0161e bolj pa navadni Rusi pri vsakdanjem polnjenju avtomobilskih rezervoarjev. \u00bbNa\u0161 glavni cilj ni Rusija brez bencina, temve\u010d Ukrajina brez Rusije, Ukrajina brez vojne, Ukrajina z Evropo in Ukrajina ter Evropa brez moskovske gro\u017enje,\u00ab je v nagovoru voditeljem poudaril predsednik Zelenski.<\/p>\n<p>Premier Janez Jan\u0161a se je z drugimi voditelji jugovzhodne Evrope udele\u017eil rednega regionalnega vrha z Ukrajino. Cilj tega sre\u010danja, ki je v prej\u0161njih letih gostovalo tako v Odesi kot v Dubrovniku, je spodbujanje sodelovanja med Ukrajino ter partnerji iz jugovzhodne in vzhodne Evrope. Med svojim obiskom v Kijevu se je Jan\u0161a na dvostranskih sre\u010danjih se\u0161el tako z ukrajinskim predsednikom Zelenskim kot z moldavsko predsednico Sandujevo.<\/p>\n<p>Jan\u0161a: Izborimo pravi\u010den mir<\/p>\n<p>Premier Janez Jan\u0161a je v nagovoru ob ukrajinskem dnevu dr\u017eavnosti v Kijevu spomnil, da je ob za\u010detku vojne v Ukrajini kot premier obiskal Kijev in nato prijatelje v EU opozoril, da se Ukrajina ne bo nikoli predala. Ocenil je, da \u010dlanstvo Ukrajine v Evropski uniji sedaj postaja resni\u010dnost, takrat pa so se te \u017eelje zdele kot sanje. \u00bbToda zavedati se moramo, da se je zgodilo samo ali predvsem zaradi vas,\u00ab je poudaril in se Ukrajincem zahvalil za po\u017ertvovalnost in pogum, ter jim za\u017eelel, da s tem tudi nadaljujejo. \u00bbNaj Ukrajina ostane zmagovita. Izborimo pravi\u010den mir. A zapomniti si moramo, da mora za pravi\u010den mir biti kaznovano tudi zlo. Nekaznovano zlo se namre\u010d vedno vrne,\u00ab je zaklju\u010dil.<\/p>\n<p>Novi obrambni dogovori z EU<\/p>\n<p>Von der Leynova na njeni \u017ee enajsti poti v Ukrajino, odkar se je za\u010dela vojna z Rusijo, ni vnovi\u010d izrekala zgolj politi\u010dne podpore napadeni dr\u017eavi. Pri\u0161la je sklenit nove obrambne dogovore, tudi o proizvodnji ukrajinskih dronov na evropskih tleh. \u00bbTo je poseben trenutek. Ukrajina je ustvarila mo\u010dan voja\u0161ki zagon. Razmere se spreminjajo,\u00ab je dejala von der Leynova.<\/p>\n<p>        <img decoding=\"async\" data-lb-desktop=\"\/media\/2026\/07\/15\/846596\/Orig-2026-07-15T110545Z_1584680215_RC28EMANJ91A_RTRMADP_3_UKRAINE-CRISIS-STATEHOOD-DAY-1200.webp\" data-lb-mobile=\"\/media\/2026\/07\/15\/846596\/Orig-2026-07-15T110545Z_1584680215_RC28EMANJ91A_RTRMADP_3_UKRAINE-CRISIS-STATEHOOD-DAY-600.webp\" class=\"se_image se_image_lb\" src=\"https:\/\/www.europesays.com\/si\/wp-content\/uploads\/2026\/07\/Orig-2026-07-15T110545Z_1584680215_RC28EMANJ91A_RTRMADP_3_UKRAINE-CRISIS-STATEHOOD-DAY-1000.webp\" alt=\"Ukraine's President Volodymyr Zelenskiy awards European Commission President Ursula von der Leyen with The Order of Europe during marking the Day of Ukrainian Statehood in front of St. Michael's Cathedral, amid Russia's attack on Ukraine, in Kyiv, Ukraine July 15, 2026. REUTERS\/Valentyn Ogirenko\"\/><\/p>\n<p>Predsednik Zelenski je predsednici evropske komisije Ursuli von der Leyen ob prazniku dr\u017eavnosti podelil dr\u017eavno odlikovanje red Evrope. Foto:\u00a0 Reuters<\/p>\n<p>\u00bbZnanje, ki ste ga pridobili na podro\u010dju delovanja dronov in sistemov za za\u0161\u010dito pred droni, je resni\u010dno edinstveno. Od tehnologije dronov in njihove proizvodnje do dobavnih verig, potrebnih za podporo zmogljivostim, ter, kar je najpomembneje, znanja o uporabi radarskih sistemov, zemeljskih postaj ali senzorjev \u2013 to izku\u0161njo moramo skupaj izkoristiti,\u00ab je dogovor o skupnem industrijskem obrambnem sodelovanju slavila von der Leynova. Globlja integracija z evropsko obrambno industrijo je sicer dolgoro\u010den cilj Ukrajine, prav tako vzpostavitev \u2013 ameri\u0161ki alternativne \u2013 protizra\u010dne obrambe, za katero so se dogovorili med nedavnim vrhom koalicije voljnih v Parizu. \u00bbUkrajina in Evropa prvi\u010d skupaj vzpostavljata protiraketni \u0161\u010dit. Gre za zgodovinski projekt, v katerem Ukrajina ni le opazovalka, temve\u010d ena od vodilnih sil, ki je zdru\u017eila dr\u017eavo in najmo\u010dnej\u0161a obrambna podjetja v Evropi,\u00ab je zagon projekta Freya po sestanku v Parizu zadovoljno opisal Zelenski.<\/p>\n<p>Kot je sporo\u010dil ukrajinski obrambni minister Mihailo Fedorov, je Ukrajina podpisala sporazume o dostopu do obrambnih programov Evropske unije in novih sredstev v vi\u0161ini slabih 300 milijonov evrov. Od teh bo 260 milijonov evrov namenjenih za pove\u010danje proizvodnje, 35,3 milijona evrov pa za subvencije za inovacije. x<\/p>\n<p>Kdo je novi ukrajinski premier?<\/p>\n<p>Sergej Korecki bo tretji premier Ukrajine, odkar se je za\u010dela invazija Rusije. Sledil bo veteranu Denisu \u0160mihalu (vlado je vodil ve\u010d kot pet let) in do nedavni premierki Juliji Sviridenko, ki je ukrajinsko vlado vodila 363 dni. 48-letni Korecki se v politiko podaja iz poslovnega sveta. Kalil se je na razli\u010dnih ekonomskih polo\u017eajih v zasebnih energetskih podjetjih. Postopoma se je z izku\u0161njami pomikal k pomembnej\u0161im direktorskim polo\u017eajem. V Ukrnafti, ki jo je prevzel v letu invazije, se je od njega pri\u010dakovala stabilizacija poslovanja podjetja v vojnih razmerah. Nazadnje je bil direktor dr\u017eavnega podjetja Naftogaz. Njegova kariera je povezana z velikimi poslovnimi sistemi, kjer so bili v Ukrajini pogosto prisotni spori glede vpliva oligarhov. Ukvarjati se je moral tudi s spornimi vpra\u0161anji upravljanja in preteklih finan\u010dnih problemov podjetij. Prav boj proti oligarhom pa je tudi njegova sti\u010dna to\u010dka z Zelenskim, ki je prav s to obljubo pri\u0161el na oblast leta 2019. Velja za doslednega podpornika ukrajinskih oboro\u017eenih sil. Leta 2024 je na svoj rojstni dan vojski doniral milijon griven (okoli 20.000 evrov).<\/p>\n","protected":false},"excerpt":{"rendered":"Ukrajinski predsednik Zelenski se je z gosti na dan dr\u017eavnosti poklonil na slovesnosti s cvetjem. Z njo so&hellip;\n","protected":false},"author":2,"featured_media":160759,"comment_status":"","ping_status":"","sticky":false,"template":"","format":"standard","meta":{"footnotes":"","_share_on_mastodon":"0"},"categories":[3],"tags":[3144,500,65,66,51,37665,37,38,71,1115,458],"class_list":["post-160758","post","type-post","status-publish","format-standard","has-post-thumbnail","category-evropa","tag-droni","tag-eu","tag-europe","tag-evropa","tag-janez-jansa","tag-obrambno-sodelovanje","tag-slovene","tag-slovenscina","tag-ukrajina","tag-ursula-von-der-leyen","tag-volodimir-zelenski"],"share_on_mastodon":{"url":"https:\/\/pubeurope.com\/@si\/116927083966405559","error":""},"_links":{"self":[{"href":"https:\/\/www.europesays.com\/si\/wp-json\/wp\/v2\/posts\/160758","targetHints":{"allow":["GET"]}}],"collection":[{"href":"https:\/\/www.europesays.com\/si\/wp-json\/wp\/v2\/posts"}],"about":[{"href":"https:\/\/www.europesays.com\/si\/wp-json\/wp\/v2\/types\/post"}],"author":[{"embeddable":true,"href":"https:\/\/www.europesays.com\/si\/wp-json\/wp\/v2\/users\/2"}],"replies":[{"embeddable":true,"href":"https:\/\/www.europesays.com\/si\/wp-json\/wp\/v2\/comments?post=160758"}],"version-history":[{"count":0,"href":"https:\/\/www.europesays.com\/si\/wp-json\/wp\/v2\/posts\/160758\/revisions"}],"wp:featuredmedia":[{"embeddable":true,"href":"https:\/\/www.europesays.com\/si\/wp-json\/wp\/v2\/media\/160759"}],"wp:attachment":[{"href":"https:\/\/www.europesays.com\/si\/wp-json\/wp\/v2\/media?parent=160758"}],"wp:term":[{"taxonomy":"category","embeddable":true,"href":"https:\/\/www.europesays.com\/si\/wp-json\/wp\/v2\/categories?post=160758"},{"taxonomy":"post_tag","embeddable":true,"href":"https:\/\/www.europesays.com\/si\/wp-json\/wp\/v2\/tags?post=160758"}],"curies":[{"name":"wp","href":"https:\/\/api.w.org\/{rel}","templated":true}]}}