{"id":160995,"date":"2026-07-16T07:35:07","date_gmt":"2026-07-16T07:35:07","guid":{"rendered":"https:\/\/www.europesays.com\/si\/160995\/"},"modified":"2026-07-16T07:35:07","modified_gmt":"2026-07-16T07:35:07","slug":"velik-udarec-za-voznike-kazni-se-bodo-zvisale-za-50-odstotkov","status":"publish","type":"post","link":"https:\/\/www.europesays.com\/si\/160995\/","title":{"rendered":"Velik udarec za voznike! Kazni se bodo zvi\u0161ale za 50 odstotkov"},"content":{"rendered":"<p>Prometne kazni bodo od 1. januarja poenotene po vsej Avstriji. Zvezno ministrstvo za mobilnost je ta teden objavilo napovedani novi katalog prometnih kazni.<\/p>\n<p>V nadaljevanju preberite:<\/p>\n<p>Od leta 2027 bodo anonimne prometne globe po vsej Avstriji enotne ne glede na zvezno de\u017eelo, pri \u010demer so kot osnovo vzeli najvi\u0161je dosedanje kazni.<br \/>\n\u00d6AMTC opozarja, da se bodo globe v povpre\u010dju zvi\u0161ale za pribli\u017eno 50 odstotkov, kar po njihovem presega rast inflacije.<br \/>\nMed vi\u0161jimi kaznimi bodo 60 evrov za nepravilno parkiranje, 70 evrov za vo\u017enjo skozi rumeno lu\u010d ali nepopolno ustavljanje pri znaku stop ter do 200 evrov za huj\u0161e prometne prekr\u0161ke.<\/p>\n<p>Od leta 2027 bodo globe za anonimne prometne prekr\u0161ke poenotene po vsej Avstriji, ne glede na zvezno de\u017eelo, v kateri je bil prekr\u0161ek storjen. Ta uskladitev se zahteva \u017ee leta.<\/p>\n<p>Prej je bilo znanih le nekaj primerov novih glob za anonimne prometne prekr\u0161ke, zdaj pa so navedeni prav vsi. Glavni pravni svetovalec \u00d6AMTC Martin Hoffer meni, da je to pomembna izbolj\u0161ava, saj ima obve\u0161\u010danje o vi\u0161ini glob tudi preventivni u\u010dinek.<\/p>\n<p>Kaj so anonimne globe<\/p>\n<p>Anonimna globa je pogosta upravna kazen v avstrijski cestnoprometni zakonodaji. Po\u0161lje se registriranemu lastniku vozila za manj\u0161e prekr\u0161ke (kot je manj\u0161a prekora\u010ditev hitrosti). Ker <a href=\"https:\/\/www.zurnal24.si\/avto\/ste-voznik-se-najmanj-dva-meseca-vas-bodo-vlekli-za-nos-z-opozarjanjem-461868\" rel=\"nofollow noopener\" target=\"_blank\">voznika <\/a>ni treba identificirati, ostane anonimen za oblasti. \u010ce je pla\u010dilo izvedeno v roku (obi\u010dajno v 4 tednih, do 365 evrov), se postopek zaklju\u010di.<\/p>\n<p>\u00d6AMTC: Globe v povpre\u010dju vi\u0161je za 50 odstotkov<\/p>\n<p>Hoffer pa je tudi glasno kritiziral zvi\u0161anje glob ter zatrdil, da je vi\u0161ina bistveno nad stopnjo inflacije. \u00d6AMTC je namre\u010d navedel, da se bodo kazni v povpre\u010dju zvi\u0161ale za 50 odstotkov.<\/p>\n<p>Parkiranje <a href=\"https:\/\/www.zurnal24.si\/avto\/na-strom\/primerjali-smo-tri-fordove-elektricarje-kateri-je-primeren-za-koga-461865\" rel=\"nofollow noopener\" target=\"_blank\">vozila <\/a>v obmo\u010dju prepovedi ustavljanja ali parkiranja ali pozabljanje parkirne dovolilnice v obmo\u010dju kratkotrajnega parkiranja bo odslej stalo 60 evrov. Vo\u017enja skozi kri\u017ei\u0161\u010de pri\u00a0rumeni lu\u010di bo <a href=\"https:\/\/www.zurnal24.si\/avto\/e-skiroji-italija-obvezno-zavarovanje-462084\" rel=\"nofollow noopener\" target=\"_blank\">kaznovana <\/a>z globo 70 evrov. Tudi nepopolno ustavljanje pred znakom stop bo od januarja dalje stalo 70 evrov.<\/p>\n<p><img decoding=\"async\" alt=\"avtomobil, vo\u017enja z avtom | Avtor: Sa\u0161a Despot\" class=\"rwd\" data-href=\"https:\/\/www.zurnal24.si\/media\/img\/a8\/50\/168aa9c6a74a0daba7a4.jpeg\" itemprop=\"image\" src=\"\/media\/img\/95\/54\/012606c146fe12067a04.jpeg\"\/><\/p>\n<p>                Sa\u0161a Despot<\/p>\n<p>Tisti, ki bodo prekora\u010dili omejitev hitrosti do 30 km\/h, bodo kaznovani z globo od 40 do 120 evrov, odvisno od vrste ceste in izmerjene hitrosti. Kazni za prekr\u0161ke zaradi prekora\u010ditve hitrosti urejajo cestnoprometni predpisi, vendar pa se bodo globe za prekora\u010ditev hitrosti \u0161e zvi\u0161ale, navaja Krone.<\/p>\n<p>Neupo\u0161tevanje pravila vo\u017enje po desni, na primer na avtocestah, bo zdaj stalo 100 evrov. Globa za vo\u017enjo po odstavnem pasu pa bo zna\u0161ala 200 evrov. Nevarno prehitevanje, na primer pred prehodi za pe\u0161ce, bo kaznovano z globo v vi\u0161ini 140 evrov, prehitevanje po desni pa z globo v vi\u0161ini 115 evrov.<\/p>\n<p>Ministrstvo trdi, da so doslej v razli\u010dnih zveznih de\u017eelah veljave razli\u010dne kazni. Te so zdaj prilagojene in standardizirane, kot osnovo za prilagoditev pa so izbrali najvi\u0161je kazni, ki \u017ee veljajo v posamezni zvezni de\u017eeli. Zvezna vlada pri\u010dakuje, da bodo prilagoditve prinesle dodatnih 80 milijonov prihodkov.<\/p>\n<p>Hoffer se je sicer zavzemal za uskladitev kazni, vendar je poudaril, da ta ne bi smela samodejno pomeniti vi\u0161jih kazni.<\/p>\n<p><a href=\"https:\/\/www.zurnal24.si\/avto\/mailto:dezurni@styria-media.si\" rel=\"nofollow noopener\" target=\"_blank\">dezurni@styria-media.si<\/a><\/p>\n","protected":false},"excerpt":{"rendered":"Prometne kazni bodo od 1. januarja poenotene po vsej Avstriji. Zvezno ministrstvo za mobilnost je ta teden objavilo&hellip;\n","protected":false},"author":2,"featured_media":160996,"comment_status":"","ping_status":"","sticky":false,"template":"","format":"standard","meta":{"footnotes":"","_share_on_mastodon":"0"},"categories":[8],"tags":[360,5129,5207,827,24450,37,38,64,9118,63],"class_list":["post-160995","post","type-post","status-publish","format-standard","has-post-thumbnail","category-svet","tag-avstrija","tag-globa","tag-kazni","tag-promet","tag-prometni-prekrsek","tag-slovene","tag-slovenscina","tag-svet","tag-voznja","tag-world"],"share_on_mastodon":{"url":"https:\/\/pubeurope.com\/@si\/116928506976464649","error":""},"_links":{"self":[{"href":"https:\/\/www.europesays.com\/si\/wp-json\/wp\/v2\/posts\/160995","targetHints":{"allow":["GET"]}}],"collection":[{"href":"https:\/\/www.europesays.com\/si\/wp-json\/wp\/v2\/posts"}],"about":[{"href":"https:\/\/www.europesays.com\/si\/wp-json\/wp\/v2\/types\/post"}],"author":[{"embeddable":true,"href":"https:\/\/www.europesays.com\/si\/wp-json\/wp\/v2\/users\/2"}],"replies":[{"embeddable":true,"href":"https:\/\/www.europesays.com\/si\/wp-json\/wp\/v2\/comments?post=160995"}],"version-history":[{"count":0,"href":"https:\/\/www.europesays.com\/si\/wp-json\/wp\/v2\/posts\/160995\/revisions"}],"wp:featuredmedia":[{"embeddable":true,"href":"https:\/\/www.europesays.com\/si\/wp-json\/wp\/v2\/media\/160996"}],"wp:attachment":[{"href":"https:\/\/www.europesays.com\/si\/wp-json\/wp\/v2\/media?parent=160995"}],"wp:term":[{"taxonomy":"category","embeddable":true,"href":"https:\/\/www.europesays.com\/si\/wp-json\/wp\/v2\/categories?post=160995"},{"taxonomy":"post_tag","embeddable":true,"href":"https:\/\/www.europesays.com\/si\/wp-json\/wp\/v2\/tags?post=160995"}],"curies":[{"name":"wp","href":"https:\/\/api.w.org\/{rel}","templated":true}]}}