{"id":161260,"date":"2026-07-16T12:06:13","date_gmt":"2026-07-16T12:06:13","guid":{"rendered":"https:\/\/www.europesays.com\/si\/161260\/"},"modified":"2026-07-16T12:06:13","modified_gmt":"2026-07-16T12:06:13","slug":"slovo-mladega-ukrajinca-to-je-usodna-napaka-ki-nas-bo-drago-stala","status":"publish","type":"post","link":"https:\/\/www.europesays.com\/si\/161260\/","title":{"rendered":"Slovo mladega Ukrajinca: &#8220;To je usodna napaka, ki nas bo drago stala&#8221;"},"content":{"rendered":"<p>Odhod Mihajla Fedorova z mesta ukrajinskega obrambnega ministra dviga prah v Ukrajini. Njegovi privr\u017eenci javno protestirajo proti odhodu, nekateri celo \u010drnogledo napovedujejo, da je njegov odhod velika napaka, ki bo Ukrajino v vojni z Rusijo drago stala. Po drugi strani pa na 35-letnega Fedorova, ki je v sporu z vrhovnim poveljnikom, generalom Oleksandrom Sirskim, padajo o\u010ditki, da mu je spodletela reforma mobilizacije ter da je njegov pristop vzvi\u0161en in avtoritaren. Odhod Fedorova ni samo razburil dela ukrajinske javnosti, tudi poslanci v ukrajinskem parlamentu, ki so sicer potrdili novo vlado, za zdaj \u0161e niso glasovali o Ihorju Klimenku, ki ga je Zelenski predlagal za novega obrambnega ministra.<\/p>\n<p>Mihajlo Fedorov, ki mu pripisujejo zasluge za tehnolo\u0161ko prenovo ukrajinske vojske, a se je tudi sporekel z najvi\u0161jimi ukrajinskimi generali, je od\u0161el z mesta obrambnega ministra v okviru rekonstrukcije vlade, ki jo je spro\u017eil ukrajinski predsednik Volodimir Zelenski. Fedorov je v objavi na Facebooku potrdil svoj odstop.<\/p>\n<p>Zelenski se je odlo\u010dil, da ne bo predlagal Fedorova<\/p>\n<p>Vlada, ki jo je vodila Julija Sviridenko, je ta torek odstopila, Zelenski pa za naslednjega obrambnega ministra ne bo predlagal Fedorova, je za ameri\u0161ki medij Politico povedal eden od poslancev vladajo\u010de stranke Slu\u017eabnik ljudstva. Poslan\u010devega imena in priimka zaradi varovanja njegove anonimnosti medij ne navaja.<\/p>\n<p>Kandidat Zelenskega za novega obrambnega ministra v novi vladi je notranji minister Ihor Klimenko.<\/p>\n<p>Konflikti Fedorova z ukrajinskimi generali?<\/p>\n<p>&#8220;Razlogi so o\u010ditni: konflikt z voja\u0161kim poveljstvom in neuspe\u0161na reforma voja\u0161ke mobilizacije. Fedorov je le imitiral reforme,&#8221; je dejal anonimni vir in dodal, da v stranki podpirajo odlo\u010ditev Zelenskega.<\/p>\n<p><img decoding=\"async\" alt=\"Fedorov je bil star le 28 let, ko ga je Zelenski leta 2019 predlagal za ministra za digitalno preobrazbo, letos januarja pa je postal minister za obrambo. | Foto: Reuters\" class=\"article_content__inline_image js_imageLightbox is-clickable\" data-author=\"Reuters\" data-caption=\"Fedorov je bil star le 28 let, ko ga je Zelenski leta 2019 predlagal za ministra za digitalno preobrazbo, letos januarja pa je postal minister za obrambo.\" data-height=\"1687\" data-href=\"https:\/\/siol.net\/media\/img\/20\/d6\/cf0dd49d671aad8b8a00-mihajlo-fedorov.jpeg\" data-width=\"3000\" loading=\"lazy\" src=\"\/media\/img\/c1\/f8\/eadae279427b8f209f39-mihajlo-fedorov.jpeg\" title=\"Mihajlo Fedorov\"\/><\/p>\n<p> Fedorov je bil star le 28 let, ko ga je Zelenski leta 2019 predlagal za ministra za digitalno preobrazbo, letos januarja pa je postal minister za obrambo.<br \/>\n Foto: Reuters <\/p>\n<p>Fedorov pa je v objavi na Facebooku zapisal: &#8220;\u0160e naprej bom delal za poslanstvo, s katerim sem prej pri\u0161el na ministrstvo za obrambo \u2013 premagati sovra\u017enika z asimetrijo, hitrostjo inovacij in organizacijsko mo\u010djo &#8230;&#8221;<\/p>\n<p>Je Zelenski izbiral med Fedorovom in Sirskim?<\/p>\n<p>Fedorov je bil na polo\u017eaju \u0161ele pol leta in je veljal za reformatorja, ki je v ukrajinsko vojsko prinesel hitrost in odlo\u010dnost zasebnega sektorja. Toda njegova prizadevanja za zmanj\u0161anje korupcije, prenovo postopka javnih naro\u010dil in izbolj\u0161anje ukrajinske tehnologije brezpilotnih letal so se spopadla s pristopom vrhovnega poveljnika, generala Oleksandra Sirskega.<\/p>\n<p>&#8220;Zelenski je dejal, da ne more izbirati med Fedorovom in Sirskim\u00a0ter da je Fedorov tisti, ki je propadel pri reformi mobilizacije,&#8221;\u00a0je v sredo na Facebooku v objavi zapisal Jaroslav \u017delezjak, poslanec opozicijske stranke Holos, ter odlo\u010ditev ozna\u010dil za neumno in nepo\u0161teno.<\/p>\n<p>Kaj je uspelo Fedorovu<\/p>\n<p>Kot pi\u0161e Politico, je Fedorov v \u0161estih mesecih svojega mandata prepri\u010dal SpaceX Elona Muska, naj izklopi terminale Starlink, ki jih uporablja ruska vojska, kar je ustvarilo kaos za kremeljske sile. Pomagal je tudi pri uvedbi kampanje napadov srednjega dosega, ki uporablja drone za zadetke ciljev do sto kilometrov za frontno \u010drto, kar je motilo rusko logistiko in upo\u010dasnilo teritorialne pridobitve Kremlja.<\/p>\n<p><img decoding=\"async\" alt=\"Julija Sviridenko je bila na \u010delu ukrajinske vlade eno leto. Z njenim odstopom s polo\u017eaja predsednice vlade je odstopila celotna vlada, torej tudi Fedorov. Rada je danes \u017ee potrdila novo ukrajinsko vlado, ki jo vodi Sergej Korecki. Niso pa poslanci glasovali o Ihorju Klimenku kot novem obrambnem ministru. | Foto: Guliverimage\" class=\"article_content__inline_image js_imageLightbox is-clickable\" data-author=\"Guliverimage\" data-caption=\"Julija Sviridenko je bila na \u010delu ukrajinske vlade eno leto. Z njenim odstopom s polo\u017eaja predsednice vlade je odstopila celotna vlada, torej tudi Fedorov. Rada je danes \u017ee potrdila novo ukrajinsko vlado, ki jo vodi Sergej Korecki. Niso pa poslanci glasovali o Ihorju Klimenku kot novem obrambnem ministru.\" data-height=\"4974\" data-href=\"https:\/\/siol.net\/media\/img\/4b\/36\/70ef194f3ea832060d9b-julija-sviridenko.jpeg\" data-width=\"7656\" loading=\"lazy\" src=\"\/media\/img\/45\/44\/b2f76cb0575c770112ce-julija-sviridenko.jpeg\" title=\"Julija Sviridenko\"\/><\/p>\n<p> Julija Sviridenko je bila na \u010delu ukrajinske vlade eno leto. Z njenim odstopom s polo\u017eaja predsednice vlade je odstopila celotna vlada, torej tudi Fedorov. Rada je danes \u017ee potrdila novo ukrajinsko vlado, ki jo vodi Sergej Korecki. Niso pa poslanci glasovali o Ihorju Klimenku kot novem obrambnem ministru.<br \/>\n Foto: Guliverimage <\/p>\n<p>Fedorov, ki je bil pred tem minister za digitalno transformacijo (na ta polo\u017eaj ga je Zelenski imenoval, ko je bil star 28 let), je s svojim tehnolo\u0161kim znanjem uvedel pregled ukrepov po ruskih napadih, kar je ukrajinskim letalskim silam pomagalo izbolj\u0161ati stopnjo prestrezanja dronov.<\/p>\n<p>Kje naj bi Fedorovu spodletelo<\/p>\n<p>Vendar Ukrajina ni mogla zagotoviti dovolj prestreznih raket patriot za svojo zra\u010dno obrambo, kar je omogo\u010dilo, da je ve\u010d ruskih balisti\u010dnih raket zadelo ukrajinska mesta.<\/p>\n<p>Prej\u0161nji mesec je Fedorov za\u010del reformo voja\u0161ke slu\u017ebe, ki bi bolje pla\u010dala vojake na frontni \u010drti, omogo\u010dila slu\u017eenje ve\u010d tujih prostovoljcev in olaj\u0161ala vrnitev sto tiso\u010d Ukrajincev, ki so se izognili voja\u0161ki slu\u017ebi, v svoje enote. Toda Ukrajina ima \u017ee dolgo \u010dasa te\u017eave z mobilizacijo dovolj mo\u017e za boj, njegove reforme pa niso bistveno spremenile razmer.<\/p>\n<p>Je le veliko obljubljal in malo naredil?<\/p>\n<p>Njegove poteze so ga spravile tudi v konflikt s Sirskim in drugimi visokimi generali, medtem ko so ga mnogi uradniki imeli za arogantnega in te\u017eko sodelujo\u010dega.<\/p>\n<p><img decoding=\"async\" alt=\"Odhod Fedorova je  posledica spora z vrhovnim poveljnikom ukrajinske vojske, generalom Oleksandrom Sirskim (na fotografiji skupaj z Zelenskim). Zelenski se je tako moral odlo\u010dati med Fedorovom in Sirskim. Na koncu se je postavil na stran zadnjega. | Foto: Guliverimage\" class=\"article_content__inline_image js_imageLightbox is-clickable\" data-author=\"Guliverimage\" data-caption=\"Odhod Fedorova je  posledica spora z vrhovnim poveljnikom ukrajinske vojske, generalom Oleksandrom Sirskim (na fotografiji skupaj z Zelenskim). Zelenski se je tako moral odlo\u010dati med Fedorovom in Sirskim. Na koncu se je postavil na stran zadnjega.\" data-height=\"2001\" data-href=\"https:\/\/siol.net\/media\/img\/67\/bc\/1b3b7549dcc39bd090be-volodimir-zelenski-in-oleksandr-sirski.jpeg\" data-width=\"3000\" loading=\"lazy\" src=\"\/media\/img\/e3\/df\/b39e3e80faf6108fa694-volodimir-zelenski-in-oleksandr-sirski.jpeg\" title=\"Volodimir Zelenski in Oleksandr Sirski\"\/><\/p>\n<p> Odhod Fedorova je  posledica spora z vrhovnim poveljnikom ukrajinske vojske, generalom Oleksandrom Sirskim (na fotografiji skupaj z Zelenskim). Zelenski se je tako moral odlo\u010dati med Fedorovom in Sirskim. Na koncu se je postavil na stran zadnjega.<br \/>\n Foto: Guliverimage <\/p>\n<p>&#8220;Mi\u0161a (kraj\u0161e, ljubkovalno ime za Mihajla, op. p.) je veliko obljubljal in doslej ni izpolnil svojih ambicioznih obljub. No\u010de sli\u0161ati objektivne kritike. Je nekoliko avtoritaren,&#8221;\u00a0je dejal eden od visokih ukrajinskih uradnikov, ki je \u017eelel ostati anonimen.<\/p>\n<p>Ohlajanje odnosov med Zelenskim in Fedorovom<\/p>\n<p>Fedorov je dolgoletni zaveznik Zelenskega in je igral klju\u010dno vlogo v njegovi predsedni\u0161ki kampanji leta 2019, a se je zdelo, da se je predsednik v zadnjih tednih ohladil do njega. Fedorov Zelenskega ni spremljal prej\u0161nji teden na vrhu Nata v Ankari in je bil odsoten tudi na sre\u010danju klju\u010dnih podpornikov Koalicije voljnih v Kijevu ta teden.<\/p>\n<p>Kljub temu ima Fedorov tudi zaveznike. &#8220;Imenovanje Fedorova na ministrstvo za obrambo je bila ena najmodrej\u0161ih odlo\u010ditev, ki jih je predsednik sprejel. Odpustitev Fedorova bo ena njegovih najve\u010djih napak. Usodna napaka &#8230; drago nas bo stala,&#8221;\u00a0je dejala Marija\u00a0Berlinska, znana ukrajinska voja\u0161ka prostovoljka in upravljavka dronov.<\/p>\n<p>Rada potrdila novo vlado, a o novem obrambnem ministru \u0161e ni glasovala<\/p>\n<p>Ukrajinska vrhovna rada (parlament) je danes le\u00a0delno potrdila novo vlado, ki jo vodi Sergij Korecki. Za zdaj\u00a0v radi \u0161e niso potrdili Klimenka kot novega obrambnega ministra, ampak so njegovo potrjevanje umaknili z dnevnega reda, ker naj ne bi imel zadostne\u00a0podpore\u00a0v parlamentu.<\/p>\n<p><img decoding=\"async\" alt=\"Zelenski je za novega obrambnega ministra predlagal Ihorja Klimenka, ki je bil do zdaj notranji minister. A poslanci v ukrajinski radi so njegovo potrjevanje danes umaknili z dnevnega reda. | Foto: Guliverimage\" class=\"article_content__inline_image js_imageLightbox is-clickable\" data-author=\"Guliverimage\" data-caption=\"Zelenski je za novega obrambnega ministra predlagal Ihorja Klimenka, ki je bil do zdaj notranji minister. A poslanci v ukrajinski radi so njegovo potrjevanje danes umaknili z dnevnega reda.\" data-height=\"5149\" data-href=\"https:\/\/siol.net\/media\/img\/b3\/b5\/217538713e329cae6af6-ihor-klimenko.jpeg\" data-width=\"7724\" loading=\"lazy\" src=\"\/media\/img\/ae\/44\/4842d85f0da8b5fb12c3-ihor-klimenko.jpeg\" title=\"Ihor Klimenko\"\/><\/p>\n<p> Zelenski je za novega obrambnega ministra predlagal Ihorja Klimenka, ki je bil do zdaj notranji minister. A poslanci v ukrajinski radi so njegovo potrjevanje danes umaknili z dnevnega reda.<br \/>\n Foto: Guliverimage <\/p>\n<p>Po ukrajinski ustavi ima predsednik dr\u017eave ekskluzivno pravico, da parlamentu neposredno predlaga kandidata za obrambnega in zunanjega ministra. Ta dva polo\u017eaja nista del splo\u0161nega paketa ali liste ministrov, ki jo sestavi novi predsednik vlade. Parlament o obeh ministrih pod predsedni\u0161ko kvoto glasuje popolnoma lo\u010deno.<\/p>\n<p>Mno\u017eica podpornikov Fedorova se je danes zbrala na protestu v Kijevu.<\/p>\n<p dir=\"ltr\" lang=\"en\">Hundreds of protesters gathered in central Kyiv on July 16, 2026, demanding the reinstatement of dismissed Defense Minister Mykhailo Fedorov. <a href=\"https:\/\/t.co\/kiZ7MKdCO0\" rel=\"nofollow\">pic.twitter.com\/kiZ7MKdCO0<\/a><\/p>\n<p>\u2014 The Kyiv Independent (@KyivIndependent) <a href=\"https:\/\/x.com\/KyivIndependent\/status\/2077693101531889884?ref_src=twsrc%5Etfw\" rel=\"nofollow\">July 16, 2026<\/a><\/p>\n<p>                <script async src=\"https:\/\/platform.twitter.com\/widgets.js\" charset=\"utf-8\"><\/script><\/p>\n","protected":false},"excerpt":{"rendered":"Odhod Mihajla Fedorova z mesta ukrajinskega obrambnega ministra dviga prah v Ukrajini. Njegovi privr\u017eenci javno protestirajo proti odhodu,&hellip;\n","protected":false},"author":2,"featured_media":161261,"comment_status":"","ping_status":"","sticky":false,"template":"","format":"standard","meta":{"footnotes":"","_share_on_mastodon":"0"},"categories":[8],"tags":[42169,42171,29296,42170,421,37,38,64,71,458,63],"class_list":["post-161260","post","type-post","status-publish","format-standard","has-post-thumbnail","category-svet","tag-julija-sviridenko","tag-marija-berlinska","tag-mihajlo-fedorov","tag-oleksandr-sirski","tag-rusija","tag-slovene","tag-slovenscina","tag-svet","tag-ukrajina","tag-volodimir-zelenski","tag-world"],"share_on_mastodon":{"url":"https:\/\/pubeurope.com\/@si\/116929573034064502","error":""},"_links":{"self":[{"href":"https:\/\/www.europesays.com\/si\/wp-json\/wp\/v2\/posts\/161260","targetHints":{"allow":["GET"]}}],"collection":[{"href":"https:\/\/www.europesays.com\/si\/wp-json\/wp\/v2\/posts"}],"about":[{"href":"https:\/\/www.europesays.com\/si\/wp-json\/wp\/v2\/types\/post"}],"author":[{"embeddable":true,"href":"https:\/\/www.europesays.com\/si\/wp-json\/wp\/v2\/users\/2"}],"replies":[{"embeddable":true,"href":"https:\/\/www.europesays.com\/si\/wp-json\/wp\/v2\/comments?post=161260"}],"version-history":[{"count":0,"href":"https:\/\/www.europesays.com\/si\/wp-json\/wp\/v2\/posts\/161260\/revisions"}],"wp:featuredmedia":[{"embeddable":true,"href":"https:\/\/www.europesays.com\/si\/wp-json\/wp\/v2\/media\/161261"}],"wp:attachment":[{"href":"https:\/\/www.europesays.com\/si\/wp-json\/wp\/v2\/media?parent=161260"}],"wp:term":[{"taxonomy":"category","embeddable":true,"href":"https:\/\/www.europesays.com\/si\/wp-json\/wp\/v2\/categories?post=161260"},{"taxonomy":"post_tag","embeddable":true,"href":"https:\/\/www.europesays.com\/si\/wp-json\/wp\/v2\/tags?post=161260"}],"curies":[{"name":"wp","href":"https:\/\/api.w.org\/{rel}","templated":true}]}}