{"id":161291,"date":"2026-07-16T12:43:10","date_gmt":"2026-07-16T12:43:10","guid":{"rendered":"https:\/\/www.europesays.com\/si\/161291\/"},"modified":"2026-07-16T12:43:10","modified_gmt":"2026-07-16T12:43:10","slug":"na-primorki-spet-mocno-pocilo-nastaja-zastoj","status":"publish","type":"post","link":"https:\/\/www.europesays.com\/si\/161291\/","title":{"rendered":"Na &#8220;primorki&#8221; spet mo\u010dno po\u010dilo, nastaja zastoj"},"content":{"rendered":"<p>Zaradi nesre\u010de sta zaprta vozni in prehitevalni pas.<\/p>\n<p>Na slovenskih cestah nastajajo zastoji, promet je ponekod mo\u010dno oviran. Najve\u010d te\u017eav je na primorski avtocesti, kjer sta med Nanosom in Razdrtim proti Ljubljani zaradi <a href=\"https:\/\/www.zurnal24.si\/svet\/huda-prometna-nesreca-umrla-voznica-in-sopotnik-462249\" rel=\"nofollow noopener\" target=\"_blank\">prometne nesre\u010de <\/a>zaprta vozni in prehitevalni pas. Nastaja dalj\u0161i zastoj, potovalni \u010das pa se podalj\u0161a.<\/p>\n<p>Promet je zaradi predmeta na vozi\u0161\u010du oviran tudi na primorski avtocesti med Vrhniko in Logatcem proti Kopru.<\/p>\n<p>Tudi drugod zastoji<\/p>\n<p>Zastoji nastajajo \u0161e na ve\u010d odsekih po dr\u017eavi. Na \u0161tajerski avtocesti se kolone, predvsem tovornih vozil, vijejo med priklju\u010dkom Celje vzhod in predorom Pletovarje proti Mariboru ter med priklju\u010dkom Slovenska Bistrica jug in predorom Golo Rebro proti Ljubljani.<\/p>\n<p>Na primorski avtocesti zastoji nastajajo tudi med Kozarjami in Dragomerjem proti Kopru, pred Postojno proti Kopru ter med Razdrtim in Postojno proti Ljubljani.<\/p>\n<p>Promet je zgo\u0161\u010den tudi na regionalnih cestah \u0160marje\u2013Koper, Lucija\u2013Izola, Lesce\u2013Bled ter na cesti Slovenska Bistrica\u2013Polj\u010dane v Slovenski Bistrici.<\/p>\n<p>Voznikom svetujejo previdno vo\u017enjo, upo\u0161tevanje prometne signalizacije in dodatno potrpe\u017eljivost, saj se lahko potovalni \u010dasi podalj\u0161ajo.<\/p>\n<p><a href=\"https:\/\/www.zurnal24.si\/slovenija\/mailto:dezurni@styria-media.si\" rel=\"nofollow noopener\" target=\"_blank\">dezurni@styria-media.si<\/a><\/p>\n","protected":false},"excerpt":{"rendered":"Zaradi nesre\u010de sta zaprta vozni in prehitevalni pas. Na slovenskih cestah nastajajo zastoji, promet je ponekod mo\u010dno oviran.&hellip;\n","protected":false},"author":2,"featured_media":161292,"comment_status":"","ping_status":"","sticky":false,"template":"","format":"standard","meta":{"footnotes":"","_share_on_mastodon":"0"},"categories":[6],"tags":[731,2584,827,215,59,61,62,37,58,60,38,9118],"class_list":["post-161291","post","type-post","status-publish","format-standard","has-post-thumbnail","category-slovenija","tag-avtocesta","tag-primorska","tag-promet","tag-prometna-nesreca","tag-republic-of-slovenia","tag-republika-slovenija","tag-si","tag-slovene","tag-slovenia","tag-slovenija","tag-slovenscina","tag-voznja"],"share_on_mastodon":{"url":"https:\/\/pubeurope.com\/@si\/116929718123142147","error":""},"_links":{"self":[{"href":"https:\/\/www.europesays.com\/si\/wp-json\/wp\/v2\/posts\/161291","targetHints":{"allow":["GET"]}}],"collection":[{"href":"https:\/\/www.europesays.com\/si\/wp-json\/wp\/v2\/posts"}],"about":[{"href":"https:\/\/www.europesays.com\/si\/wp-json\/wp\/v2\/types\/post"}],"author":[{"embeddable":true,"href":"https:\/\/www.europesays.com\/si\/wp-json\/wp\/v2\/users\/2"}],"replies":[{"embeddable":true,"href":"https:\/\/www.europesays.com\/si\/wp-json\/wp\/v2\/comments?post=161291"}],"version-history":[{"count":0,"href":"https:\/\/www.europesays.com\/si\/wp-json\/wp\/v2\/posts\/161291\/revisions"}],"wp:featuredmedia":[{"embeddable":true,"href":"https:\/\/www.europesays.com\/si\/wp-json\/wp\/v2\/media\/161292"}],"wp:attachment":[{"href":"https:\/\/www.europesays.com\/si\/wp-json\/wp\/v2\/media?parent=161291"}],"wp:term":[{"taxonomy":"category","embeddable":true,"href":"https:\/\/www.europesays.com\/si\/wp-json\/wp\/v2\/categories?post=161291"},{"taxonomy":"post_tag","embeddable":true,"href":"https:\/\/www.europesays.com\/si\/wp-json\/wp\/v2\/tags?post=161291"}],"curies":[{"name":"wp","href":"https:\/\/api.w.org\/{rel}","templated":true}]}}