{"id":161678,"date":"2026-07-16T20:44:08","date_gmt":"2026-07-16T20:44:08","guid":{"rendered":"https:\/\/www.europesays.com\/si\/161678\/"},"modified":"2026-07-16T20:44:08","modified_gmt":"2026-07-16T20:44:08","slug":"aluminiju-ni-uspelo-bolec-dokaz-kako-kruta-je-lahko-evropa","status":"publish","type":"post","link":"https:\/\/www.europesays.com\/si\/161678\/","title":{"rendered":"Aluminiju ni uspelo: Bole\u010d dokaz, kako kruta je lahko Evropa"},"content":{"rendered":"<p>Navkljub popolni dominanci ve\u010dji del tekme \u0161umarji niso uspeli najti poti do gola Moldavcev, ki so \u017ee v peti minuti po protinapadu zabili edini gol na dveh obra\u010dunih s slovenskimi dr\u017eavnimi prvaki in s skupnim izidom 1:0 napredujejo v drugi krog kvalifikacij za ligo Europa, \u010deto Jure Arsi\u0107a pa \u010daka drugi krog kvalifikacij za konferen\u010dno ligo in albanski Dinamo City.<\/p>\n<p>Priznamo, nismo si mislili, da bomo kdaj glas uradnega napovedovalca Aluminija poslu\u0161ali preko zvo\u010dnikov Ljudskega vrta. \u0160e manj smo si mislili, da bo taisti napovedovalec svoj delovni dan za\u010del z besedami \u00bbDobrodo\u0161li v Ljudskem vrtu, najlep\u0161em stadionu na svetu.\u00ab In potem vse skupaj ponovil \u0161e v angle\u0161kem jeziku. A sedanjost slovenskega klubskega nogometa je pa\u010d tak\u0161na, da v Ljudskem vrtu evropske tekme igrajo Kidri\u010dani, medtem ko se sicer doma\u010dini stadiona pod Kalvarijo pripravljajo zgolj na tekme v doma\u010dem prvenstvu. Vse skupaj je jasno posledica nenavadne, presenetljive minule sezone, v kateri je naslov pokalnega dr\u017eavnega prvaka osvojil Aluminij in si prislu\u017eil igranje v kvalifikacijah za ligo Europa. Maribor je na drugi strani ekspresno hitro kon\u010dal pokalno tekmovanje (v \u0161estnajstini finala ga je izlo\u010dil takrat \u0161e drugoliga\u0161 Brinje Grosuplje), v prvenstvu pa je zasedel \u0161ele peto mesto na prvenstveni lestvici, ki jasno ni zagotavljalo evropske vozovnice.<\/p>\n<p>\n    <a href=\"https:https:\/\/cdn.kme.si\/public\/images-cache\/1200xX\/2026\/07\/16\/a6cc73ca61619a72d14d21b749acc16c\/6a59333a8576c\/a6cc73ca61619a72d14d21b749acc16c.jpeg\" class=\"gallery cursor-zoom-in relative overflow-hidden block\" data-title=\"\" data-zoomable=\"true\" data-description=\"Avtor: alesfevzer.com\" data-alt=\"\" data- data-><\/p>\n<p>            <img decoding=\"async\" src=\"https:\/\/www.europesays.com\/si\/wp-content\/uploads\/2026\/07\/a6cc73ca61619a72d14d21b749acc16c.jpeg\" class=\"z-10 img-max-height\"\/><\/p>\n<p>                    alesfevzer.com<\/p>\n<p>            <\/a><\/p>\n<p>Takoj, ko so si zagotovili naslov pokalnega prvaka, so \u0161umarji vsi po vrsti dali jasno vedeti, da se v Evropo niso pri\u0161li samo pokazati, temve\u010d dokazati (besede Vida Kodermana). In poudarili, da si \u017eelijo odmevnega evropskega rezultata. Ko jim je ples kroglic za za\u010detek evropskega popotovanja namenil moldavski \u0160erif iz Tiraspola, ekipo, ki redno igra v Evropi, so bili \u0161tevilni prepri\u010dani, da bodo Kidri\u010dani zgolj topovska hrana za veliko bolj izku\u0161enega tekmeca, toda \u010deta Jure Arsi\u0107a je \u017ee na prvi, gostujo\u010di tekmi dokazala, da je pri svojih napovedih mislila \u0161e kako resno. Prva tekma v Tiraspolu se je namre\u010d kon\u010dala z remijem brez golov, pri \u010demer so lahko bili celo doma\u010dini malce bolj zadovoljni z razpletom.<\/p>\n<p>Hitro prejet zadetek<\/p>\n<p>Kidri\u010dani so v Moldaviji dobili dokaz, da se lahko enakovredno kosajo s favoriziranimi tekmeci, njihov cilj pa je bil, da jih v Ljudskem vrtu izlo\u010dijo. Kak\u0161nih dva tiso\u010d navija\u010dev jih je pri\u0161lo podpreti v njihovi nameri, na tribuni pa so bili med drugim tudi predsednik NZS Radenko Mijatovi\u0107, pa tudi Matja\u017e \u0160alamun &#8216;\u0160alca&#8217;, 6 pack \u010cukur, Martin Milec \u2026 A hitro je Arsi\u0107eva zasedba prejela bole\u010do zau\u0161nico. In pri\u0161la do spoznanja, da se v Evropi vsaka, \u0161e tako majhna napaka, kruto kaznuje. V peti minuti so namre\u010d iz ni\u010desar Moldavci pri\u0161li do na videz nenevarne posesti globoko na svoji polovici, toda uspeli so razviti hiter protinapad. Razlo\u010dno smo sli\u0161ali vratarja Aluminija Florijana Raduho, kako kri\u010di svojim soigralcem, da naj naredijo prekr\u0161ek na sredini igri\u0161\u010da. Niso ga poslu\u0161ali. Forov je stekel po levi strani, podal v sredino, tam je bil od vseh pozabljen Loukou, ki je \u017eogo z neposredne bli\u017eine poslal v mre\u017eo. Za vodstvo Sheriffa.<\/p>\n<p>To je bila hkrati z naskokom najslab\u0161a reakcija Arsi\u0107evih fantov na celotnem obra\u010dunu. \u010ce je nekdo mislil, da bo Aluminij po hitro prejetem golu razpadel, se je po\u0161teno zmotil. Potrebovali so \u0161umarji sicer \u0161e nekaj minut, da si opomorejo po \u0161oku, v vmesnem \u010dasu bi Moldavci lahko zadeli \u0161e drugi\u010d, toda tam nekje po 15. minuti so na igri\u0161\u010du povsem zagospodarili Kidri\u010dani, ki so za\u010deli nizati prilo\u017enost za prilo\u017enostjo. Vratar Sheriffa Timbur, ki je bil izredno nesiguren pri visokih \u017eogah, se je vsaki\u010d znova izkazal pri reakcijah ob strelih. \u017de do pol\u010dasa so imeli \u0160tajerci ve\u010d kot dovolj prilo\u017enosti, da izid vsaj izena\u010dijo. Poskus Murata Bajraja je Timbur obranil, direkten strel s kota Vida Kodermana je kon\u010dal v vratnici, odbitek je posku\u0161al v gol pospraviti Vito Te\u017eak, vendar je moldavska obramba odbila strel na golovi \u010drti. Bamba Susso, ki je bil s svojimi prodori nere\u0161ljiva uganka za Moldavce, je v 30. minuti odli\u010dno podal, toda na petih metrih je bil za korak prekratek Eric Taylor. Tri minute kasneje je z odli\u010dnim volejem poskusil Matic Vrbanec, vendar je Timbur \u0161e bolj\u0161e posredoval.<\/p>\n<p>Aplavz navkljub izpadu<\/p>\n<p>V drugem pol\u010dasu so se siloviti napadi Aluminija nadaljevali. Takoj na za\u010detku drugega dela Koderman ni uspel izkoristiti slabe reakcije Timburja, ki je povsem zgre\u0161il \u017eogo, nekaj minut kasneje si je Taylor slabo zaustavil \u017eogo v idealni situaciji za strel. V 60. minuti je razpolo\u017eeni Koderrman, ki je po\u0161iljal odli\u010dne predlo\u017eke, izjemno preigraval v kazenskem prostoru Moldavcev, a je Timbur njegov poskus obranil. V zadnjih desetih minutah (plus podalj\u0161ek) je Arsi\u0107 vse mo\u010di usmeril v napad, v igro poslal tudi Adriana Bloudka, tako da so \u0161umarji v zadnjih minutah napadali z Bloudkom, Sussom in Osujijem, toda do gola nikakor niso uspeli priti. Saj ne, da niso imeli prilo\u017enosti. Bloudek je poskusil kar trikrat, a so bili zaklju\u010dki bodisi premalo natan\u010dni bodisi so v zadnjem trenutku Moldavci uspeli njegov poskus blokirati. V sodnikovem podalj\u0161ku so igralci Sheriffa \u0161e nemarno zavla\u010devali, a saj veste, kako pravijo \u2013 cilj opravi\u010duje sredstva. Kidri\u010dani so na lastni ko\u017ei ob\u010dutili, kako kruta zna biti Evropa, \u0161e posebej za novince. Navkljub 22 strelom (osem v okvir gola) v primerjavi z devetimi (dva v okvir gola) tekmeca, navkljub dvotretjinski posesti, navkljub popolni dominanci v 75 minutah, so \u0161umarji namre\u010d izpadli. Po zadnjem sodnikovem \u017evi\u017egu so razo\u010darani padli na travnato zelenico Ljudskega vrta, toda za svojo predstavo so si prislu\u017eili glasne aplavze publike. Povsem zaslu\u017eeno. Aluminij bo po izpadu iz lige Europa svojo evropsko popotovanje nadaljeval v drugem krogu kvalifikacij za konferen\u010dno ligo, kjer jih \u017ee prihodnji \u010detrtek \u010daka prva tekma proti albanskem prvoliga\u0161u Dinamo City.<\/p>\n<p style=\"color:#221f20;font-size:18px;\">Aluminij &#8211; Sheriff 0:1\u00a0(0:1)<\/p>\n<p style=\"color:#221f20;font-size:18px;\">Maribor \u2013 Ljudski vrt. 2000 gledalcev. Glavni sodnik: Anojen Kanagasingam (\u0160vica).<\/p>\n<p style=\"color:#221f20;font-size:18px;\">Strelec: Konan Loukou (5)<\/p>\n<p style=\"color:#221f20;font-size:18px;\">ALUMINIJ: Raduha, \u0160imuni\u0107, Boben (od 80. Bloudek), Schaubach, Koderman, Taylor (od 87. Rogina), Jagi\u0107, Vrbanec (od 66. Petri\u0161ko), Te\u017eak (od 65. Sorensen), Susso, Bajraj (od 65. Osuji). Trener: Jura Arsi\u0107.<\/p>\n<p style=\"color:#221f20;font-size:18px;\">SHERIFF: Timbur, Assane, Fomba, Lopes (od 95. Mota), Forov, Klas, Kone, P\u00ebrgjoni, Fratea (od 56. Sapata), Asprilla, Loukou (od 75. Ze Flores). Trener: Victor Mihailov.<\/p>\n<p style=\"color:#221f20;font-size:18px;\">Rumeni kartoni (1-3): Asprilla (61); Vrbanec (23), Te\u017eak (34), Jagi\u0107 (61)<\/p>\n<p style=\"color:#221f20;font-size:18px;\">Rde\u010di kartoni: &#8211;<\/p>\n","protected":false},"excerpt":{"rendered":"Navkljub popolni dominanci ve\u010dji del tekme \u0161umarji niso uspeli najti poti do gola Moldavcev, ki so \u017ee v&hellip;\n","protected":false},"author":2,"featured_media":161679,"comment_status":"","ping_status":"","sticky":false,"template":"","format":"standard","meta":{"footnotes":"","_share_on_mastodon":"0"},"categories":[3],"tags":[65,66,37,38],"class_list":["post-161678","post","type-post","status-publish","format-standard","has-post-thumbnail","category-evropa","tag-europe","tag-evropa","tag-slovene","tag-slovenscina"],"share_on_mastodon":{"url":"https:\/\/pubeurope.com\/@si\/116931609938257005","error":""},"_links":{"self":[{"href":"https:\/\/www.europesays.com\/si\/wp-json\/wp\/v2\/posts\/161678","targetHints":{"allow":["GET"]}}],"collection":[{"href":"https:\/\/www.europesays.com\/si\/wp-json\/wp\/v2\/posts"}],"about":[{"href":"https:\/\/www.europesays.com\/si\/wp-json\/wp\/v2\/types\/post"}],"author":[{"embeddable":true,"href":"https:\/\/www.europesays.com\/si\/wp-json\/wp\/v2\/users\/2"}],"replies":[{"embeddable":true,"href":"https:\/\/www.europesays.com\/si\/wp-json\/wp\/v2\/comments?post=161678"}],"version-history":[{"count":0,"href":"https:\/\/www.europesays.com\/si\/wp-json\/wp\/v2\/posts\/161678\/revisions"}],"wp:featuredmedia":[{"embeddable":true,"href":"https:\/\/www.europesays.com\/si\/wp-json\/wp\/v2\/media\/161679"}],"wp:attachment":[{"href":"https:\/\/www.europesays.com\/si\/wp-json\/wp\/v2\/media?parent=161678"}],"wp:term":[{"taxonomy":"category","embeddable":true,"href":"https:\/\/www.europesays.com\/si\/wp-json\/wp\/v2\/categories?post=161678"},{"taxonomy":"post_tag","embeddable":true,"href":"https:\/\/www.europesays.com\/si\/wp-json\/wp\/v2\/tags?post=161678"}],"curies":[{"name":"wp","href":"https:\/\/api.w.org\/{rel}","templated":true}]}}