{"id":161754,"date":"2026-07-16T23:08:07","date_gmt":"2026-07-16T23:08:07","guid":{"rendered":"https:\/\/www.europesays.com\/si\/161754\/"},"modified":"2026-07-16T23:08:07","modified_gmt":"2026-07-16T23:08:07","slug":"aluminij-streljal-serif-ostal-ziv","status":"publish","type":"post","link":"https:\/\/www.europesays.com\/si\/161754\/","title":{"rendered":"Aluminij streljal, \u0160erif ostal \u017eiv"},"content":{"rendered":"<p>Aluminij je na svoji evropski premieri pokazal dobro predstavo, a vseeno izpadel.<\/p>\n<p><a href=\"https:\/\/www.zurnal24.si\/sport\/nogomet\/aluminij-prezivel-evropski-krst-liga-evropa-461921\" onclick=\"window.open(this.href, &#039;&#039;, &#039;resizable=no,status=no,location=no,toolbar=no,menubar=no,fullscreen=no,scrollbars=no,dependent=no&#039;); return false;\" rel=\"nofollow noopener\" target=\"_blank\">Po remiju brez golov na prvi tekmi v Moldaviji<\/a> je Aluminij v mariborskem Ljudskem vrtu pri\u010dakal Sheriff iz Tiraspola in po minimalnem porazu (0:1) izpadel iz kvalifikacij za Ligo Evropa. Edini gol je v 5. minuti zabil napadalec iz Slonoko\u0161\u010dene obale Loukou Jaur\u00e8s-Ulrich. Aluminij se zdaj seli v kvalifikacije za Konferen\u010dno ligo, kjer se bo v \u00a02. krogu kvalifikacij pomeril z albanskim mo\u0161tvom Dinamo City iz Tirane.<\/p>\n<p>V vseh statisti\u010dnih podatkih so bili Slovenci bolj\u0161i tekmec, imeli ve\u010d \u017eogo v nogah, ve\u010d strelov, prilo\u017enosti in kotov, a tisto, kar v nogometu edino \u0161teje, je izostalo. Gol so namre\u010d dosegli le tekmeci, in to \u017ee v peti minuti iz protinapada.<\/p>\n<p>Trener slovenskih pokalnih zmagovalcev Jura Arsi\u010d je napovedal, da bodo njegovi varovanci napadli \u017ee od samega za\u010detka. To so tudi storili, za\u010deli so pogumno, najbr\u017e celo preve\u010d. Po njihovem pritisku so gosti v peti minuti izvedli nasprotni napad, Danila Frolov je z leve strani poslal \u017eogo pred vrata, kjer je doma\u010da obramba pozabila na Loukouja Jaur\u00e8s-Ulricha, ki mu ni bilo te\u017eko iz neposredne bli\u017eine poslati \u017eoge v mre\u017eo.<\/p>\n<p>Kmalu zatem so gostje izvedli podobno akcijo, a je Jayder Asprilla streljal \u010dez gol. Od takrat se je za\u010delo obleganje moldavskih vrat. V 14. minuti je Murat Bajraj lepo streljal z volejem, toda gostujo\u010di vratar Emil Timbur je \u017eogo izpod pre\u010dke odbil v kot. Po kotu se je v gne\u010di v kazenskem prostoru prilo\u017enost ponudila Vitu Te\u017eaku, Hrvat pa je nesre\u010dno zadel le gostujo\u010dega branilca Dhorasa Klasa. V 33. minuti je z volejem, potem ko mu je z glavo zavrnil \u017eogo Bajraj, poskusil tudi Matic Vrbanec, toda vratar Timbur se ni pustil premagati.<\/p>\n<p>V drugem delu so nogometa\u0161i \u0160erifa nekajkrat zagrozili s streli od dale\u010d, a \u0161e naprej so bili nevarnej\u0161i Kidri\u010dani. V 60. minuti je Vid Koderman po levi strani lepo prodrl v kazenski prostor, uspe\u0161no preigraval, toda Timbur je bil spet uspe\u0161nej\u0161i.<\/p>\n<p>Pritisk Aluminija se je sredi pol\u010dasa nekoliko umiril, ob njegovem koncu pa se je spet pove\u010dal. Do prilo\u017enosti sta v zaklju\u010dku pri\u0161la Adriano Bloudek in Hanus Soerensen, toda tudi rezervista mre\u017ee nista zatresla.<br \/>\u00a0<\/p>\n<p>Kvalifikacije za Ligo Evropa, 1. krog (povratna tekma):<\/p>\n<p>Aluminij &#8211; Sheriff Tiraspol 0:1 (0:1) \u00a0\/0:0\/<br \/>Jaur\u00e8s-Ulrich 5.<\/p>\n<p>\/X:Y\/ &#8211; izid prve tekme<\/p>\n<p><a href=\"https:\/\/www.zurnal24.si\/sport\/nogomet\/mailto:dezurni@styria-media.si\" target=\"_blank\" rel=\"nofollow noopener\">dezurni@styria-media.si<\/a><\/p>\n","protected":false},"excerpt":{"rendered":"Aluminij je na svoji evropski premieri pokazal dobro predstavo, a vseeno izpadel. Po remiju brez golov na prvi&hellip;\n","protected":false},"author":2,"featured_media":161755,"comment_status":"","ping_status":"","sticky":false,"template":"","format":"standard","meta":{"footnotes":"","_share_on_mastodon":"0"},"categories":[3],"tags":[65,66,4620,28867,883,131,35811,42269,37,38],"class_list":["post-161754","post","type-post","status-publish","format-standard","has-post-thumbnail","category-evropa","tag-europe","tag-evropa","tag-evropska-liga","tag-liga-evropa","tag-nk-aluminij-kidricevo","tag-prva-liga-telemach","tag-serif-tiraspol","tag-sheriff-tiraspol","tag-slovene","tag-slovenscina"],"share_on_mastodon":{"url":"https:\/\/pubeurope.com\/@si\/116932175750933446","error":""},"_links":{"self":[{"href":"https:\/\/www.europesays.com\/si\/wp-json\/wp\/v2\/posts\/161754","targetHints":{"allow":["GET"]}}],"collection":[{"href":"https:\/\/www.europesays.com\/si\/wp-json\/wp\/v2\/posts"}],"about":[{"href":"https:\/\/www.europesays.com\/si\/wp-json\/wp\/v2\/types\/post"}],"author":[{"embeddable":true,"href":"https:\/\/www.europesays.com\/si\/wp-json\/wp\/v2\/users\/2"}],"replies":[{"embeddable":true,"href":"https:\/\/www.europesays.com\/si\/wp-json\/wp\/v2\/comments?post=161754"}],"version-history":[{"count":0,"href":"https:\/\/www.europesays.com\/si\/wp-json\/wp\/v2\/posts\/161754\/revisions"}],"wp:featuredmedia":[{"embeddable":true,"href":"https:\/\/www.europesays.com\/si\/wp-json\/wp\/v2\/media\/161755"}],"wp:attachment":[{"href":"https:\/\/www.europesays.com\/si\/wp-json\/wp\/v2\/media?parent=161754"}],"wp:term":[{"taxonomy":"category","embeddable":true,"href":"https:\/\/www.europesays.com\/si\/wp-json\/wp\/v2\/categories?post=161754"},{"taxonomy":"post_tag","embeddable":true,"href":"https:\/\/www.europesays.com\/si\/wp-json\/wp\/v2\/tags?post=161754"}],"curies":[{"name":"wp","href":"https:\/\/api.w.org\/{rel}","templated":true}]}}