{"id":161864,"date":"2026-07-17T03:39:10","date_gmt":"2026-07-17T03:39:10","guid":{"rendered":"https:\/\/www.europesays.com\/si\/161864\/"},"modified":"2026-07-17T03:39:10","modified_gmt":"2026-07-17T03:39:10","slug":"nadigrali-serif-a-izpadli-evropa-ne-odpusca-niti-minimalnih-napak-video","status":"publish","type":"post","link":"https:\/\/www.europesays.com\/si\/161864\/","title":{"rendered":"Nadigrali \u0160erif, a izpadli: Evropa ne odpu\u0161\u010da niti minimalnih napak (VIDEO)"},"content":{"rendered":"<p>Aluminij se je v svoji premierni sezoni na evropskih prizori\u0161\u010dih predstavil v zelo dobri lu\u010di, a zaradi neu\u010dinkovitosti \u017eal ostal brez napredovanja v 2. krog kvalifikacij za evropsko ligo. \u0160erif je z zgodnjim zadetkom navkljub neprepri\u010dljivi igri na obeh tekmah naredil dovolj in slavil s skupnim izidom 1:0, trener Aluminija Jura Arsi\u0107 in kapetan \u0161umarjev Tomislav Jagi\u0107 sta se po tekmi strinjala: na igri\u0161\u010du smo bili bolj\u0161i mi, rezultat pa je \u017eal povedal druga\u010de. <\/p>\n<p>Statistika tekme je bila povsem na strani Aluminija, ki je \u0160erif gostil v Ljudskem vrtu in ne v Kidri\u010devem. \u0160umarji so ustvarili dovolj, a zapravili preve\u010d \u2013 in s skupnim izidom 0:1 izpadli iz Evrope. Trener Jura Arsi\u0107 zaradi dobre igre proti nekdaj veliki evropski ekipi po tekmi ni skrival ponosa. \u201cMislim, da nas hitri zadetek nasprotnika niti ni presekal. Skozi vso tekmo smo bili zelo karakterni. Nasprotniku smo pu\u0161\u010dali minimalno, kaznovani smo bili iz prve situacije, \u010deprav smo v tekmo vstopili dinami\u010dno in hrabro,\u201d je uvodoma pojasnil.<\/p>\n<p>                            <a href=\"https:\/\/sportklub.n1info.si\/nogomet\/v-zivo-na-sk1-aluminij-v-mariboru-potrjuje-ugoden-izid-iz-moldavije\/\" rel=\"nofollow noopener\" target=\"_blank\"><img loading=\"lazy\" width=\"175\" height=\"117\" src=\"https:\/\/www.europesays.com\/si\/wp-content\/uploads\/2026\/07\/1784231920-UEFA-EU-league-Aluminij-Sheriff37-175x117.jpg\" class=\"attachment-featured-block-small size-featured-block-small\" alt=\"Aluminij - \u0160erif\" data-attribute-id=\"related-news-post-image-8302665\" decoding=\"async\"  \/><\/a><\/p>\n<p>\u201cPo mojem mnenju smo danes na igri\u0161\u010du gledali samo eno ekipo. Ponosen sem na svoje fante, prevzeli smo kontrolo. \u017de v prvem pol\u010dasu je bilo tako, v drugem delu pa je delovalo, kot da imamo dva igralca ve\u010d. To nam je uspelo proti evropski ekipi.\u201d Rezultat je bil na koncu druga\u010den od vtisa z igri\u0161\u010da, a Arsi\u0107 v porazu vidi temelj. \u201cSmo si pa danes na dolgi rok zagotovo tam zgoraj nalo\u017eili nekaj, kar se nam bo neko\u010d rezultatsko obrestovalo. Ogromno dobrega in pozitivnega. Tak\u0161en Aluminij \u017eelimo gledati skozi vso sezono. Dale\u010d od tega, da smo rekli zadnjo.\u201d<\/p>\n<p>Klju\u010dni nauk je na\u0161el v neusmiljenosti evropskega nogometa. \u201cPredvsem morajo s tekme odnesti zavedanje, da Evropa ne odpu\u0161\u010da niti minimalnih napak. V napadu \u0161e nismo bili dovolj zreli, da bi se situacije odvile v na\u0161o korist,\u201d je bil kriti\u010den do zaklju\u010dkov. \u201cNe vem sicer natan\u010dne statistike, ampak pri nas bi podobno odbita \u017eoga kot pri nasprotniku spremenila rezultatski tok tekme. Danes smo po ve\u010dini dali vse in res sem ponosen na svojo ekipo.\u201d<\/p>\n<p>Jura Arsi\u0107 po tekmi s \u0160erifom<\/p>\n<p>Arsi\u0107 je pohvale namenil tudi ljudem okoli sebe. \u201cLahko smo ponosni na igro ekipe, ponosen sem na svoj strokovni \u0161tab. V tako kratkem \u010dasu smo po vseh te\u017eavah sestavili tak\u0161no celoto,\u201d je poudaril in dodal jasno sporo\u010dilo dvomljivcem: \u201cVsem tistim, ki mislijo, da bomo te\u017eko ponavljali stvari, sporo\u010dam, da bomo delali \u0161e ve\u010d in da \u017eelimo biti \u0161e mo\u010dnej\u0161i ter kakovostnej\u0161i iz dneva v dan. Tudi v Evropi so na\u0161e mo\u017enosti odprte, \u0161e naprej bomo tak\u0161ni kot danes.\u201d<\/p>\n<p>Posebno mesto je namenil navija\u010dem, ki so v Ljudski vrt pri\u0161li v velikem \u0161tevilu. \u201cNavija\u010di so prepoznali vse, kar po\u010dnemo. Smo pristni, smo hvale\u017eni in poni\u017eni. To so navija\u010di prepoznali. Iskreno se jim zahvaljujem, da so pri\u0161li v tak\u0161nem \u0161tevilu. Naj bo tako tudi na vseh tekmah v doma\u010dem prvenstvu in pokalu. Aluminij je na pravi poti, razvijamo se na vseh podro\u010djih, kar me zadovoljuje.\u201d<\/p>\n<p>Pogled je nato usmeril v prihajajo\u010di derbi z Mariborom. \u201cV goste prihaja nek drug Maribor, zdaj lahko re\u010demo, da ponovno igramo proti Mariboru. Glede na vse, kar se je zgodilo ni pridobil le Maribor, ampak celotni slovenski nogomet. Vsi ostali smo \u0161e dodatno motivirani,\u201d je ocenil.<br \/>\u201cPri\u010dakali jih bomo, v to sem prepri\u010dan, dovolj spo\u010diti. Nosil nas bo tudi adrenalin tega derbija, na\u0161 majhen stadion bo razprodan. Prepri\u010dan sem, da bomo odigrali zelo intenzivno tekmo in sku\u0161ali zmagati.\u201d Sklenil je z jasno postavljenimi prioritetami: \u201cNe glede na nasprotnika se moramo pripravljati tekmo po tekmo. Najprej Maribor in potem Evropa. Danes smo dokazali, da lahko pariramo vsakemu, na\u0161a mentaliteta je prava.\u201d<\/p>\n<p>Tomislav Jagi\u0107 po tekmi s \u0160erifom<\/p>\n<p>Kapetan Aluminija Tomislav Jagi\u0107 po tekmi ni skrival razo\u010daranja zaradi rezultata, hkrati pa je bil zelo zadovoljen z igro svoje ekipe.\u00a0\u201cImeli smo ogromno prilo\u017enosti. Odigrali zrelo tekmo, evropsko tekmo. Igrali smo v Ljudskem vrtu, kjer smo se po\u010dutili kot doma,\u201d je uvodoma pojasnil. \u201cMislim, da smo \u0160erif nadigrali, \u017eal pa mi je za tisti zgodnji prejeti gol. Imeli smo veliko prilo\u017enosti, ki jih nismo izkoristili.\u201d<\/p>\n<p>Kljub izpadu je vodja mo\u0161tva pozval k hitremu obratu. \u201cMoramo dvigniti glave, jasno smo razo\u010darani, prilo\u017enost je bila, a hitro prihajajo nove tekme.\u201d<br \/>V tekmi vidi tudi nalo\u017ebo za naprej. \u201cImamo nekaj izku\u0161enj. Doma moramo tak\u0161ne prilo\u017enosti izkoristiti. Ta tekma je dobra zgodba za prihodnost, videli smo, \u010desa smo zmo\u017eni in kje moramo napredovati.\u201d Tako kot trener se je tudi Jagi\u0107 poklonil navija\u010dem: \u201cNavija\u010dem bi se zahvalil za obisk. Nismo igrali doma, \u010deprav smo se tako po\u010dutili.\u201d<\/p>\n","protected":false},"excerpt":{"rendered":"Aluminij se je v svoji premierni sezoni na evropskih prizori\u0161\u010dih predstavil v zelo dobri lu\u010di, a zaradi neu\u010dinkovitosti&hellip;\n","protected":false},"author":2,"featured_media":161865,"comment_status":"","ping_status":"","sticky":false,"template":"","format":"standard","meta":{"footnotes":"","_share_on_mastodon":"0"},"categories":[3],"tags":[65,66,37,38],"class_list":["post-161864","post","type-post","status-publish","format-standard","has-post-thumbnail","category-evropa","tag-europe","tag-evropa","tag-slovene","tag-slovenscina"],"share_on_mastodon":{"url":"https:\/\/pubeurope.com\/@si\/116933241412990027","error":""},"_links":{"self":[{"href":"https:\/\/www.europesays.com\/si\/wp-json\/wp\/v2\/posts\/161864","targetHints":{"allow":["GET"]}}],"collection":[{"href":"https:\/\/www.europesays.com\/si\/wp-json\/wp\/v2\/posts"}],"about":[{"href":"https:\/\/www.europesays.com\/si\/wp-json\/wp\/v2\/types\/post"}],"author":[{"embeddable":true,"href":"https:\/\/www.europesays.com\/si\/wp-json\/wp\/v2\/users\/2"}],"replies":[{"embeddable":true,"href":"https:\/\/www.europesays.com\/si\/wp-json\/wp\/v2\/comments?post=161864"}],"version-history":[{"count":0,"href":"https:\/\/www.europesays.com\/si\/wp-json\/wp\/v2\/posts\/161864\/revisions"}],"wp:featuredmedia":[{"embeddable":true,"href":"https:\/\/www.europesays.com\/si\/wp-json\/wp\/v2\/media\/161865"}],"wp:attachment":[{"href":"https:\/\/www.europesays.com\/si\/wp-json\/wp\/v2\/media?parent=161864"}],"wp:term":[{"taxonomy":"category","embeddable":true,"href":"https:\/\/www.europesays.com\/si\/wp-json\/wp\/v2\/categories?post=161864"},{"taxonomy":"post_tag","embeddable":true,"href":"https:\/\/www.europesays.com\/si\/wp-json\/wp\/v2\/tags?post=161864"}],"curies":[{"name":"wp","href":"https:\/\/api.w.org\/{rel}","templated":true}]}}