{"id":162042,"date":"2026-07-17T07:18:12","date_gmt":"2026-07-17T07:18:12","guid":{"rendered":"https:\/\/www.europesays.com\/si\/162042\/"},"modified":"2026-07-17T07:18:12","modified_gmt":"2026-07-17T07:18:12","slug":"ziga-lipuscek-z-rfs-zanesljivo-napredoval-v-evropi-kapetan-latvijcev-odigral-vseh-90-minut-in-ohranil-mrezo-nedotaknjeno","status":"publish","type":"post","link":"https:\/\/www.europesays.com\/si\/162042\/","title":{"rendered":"\u017diga Lipu\u0161\u010dek z RFS zanesljivo napredoval v Evropi: Kapetan Latvijcev odigral vseh 90 minut in ohranil mre\u017eo nedotaknjeno"},"content":{"rendered":"<p>&#13;<br \/>\n    &#13;<br \/>\n    Objavljeno        &#13;<br \/>\n            17. julija 2026&#13;<br \/>\n            17. julija 2026&#13;<br \/>\n        &#13;<br \/>\n    &#13;<br \/>\n&#13;<br \/>\n            &#13;<br \/>\n                    &#13;\n    <\/p>\n<p>        <img decoding=\"async\" src=\"https:\/\/www.europesays.com\/si\/wp-content\/uploads\/2026\/07\/image-2026-07-17T084752.815.png\" alt=\"\u017diga Lipu\u0161\u010dek z RFS zanesljivo napredoval v Evropi: Kapetan Latvijcev odigral vseh 90 minut in ohranil mre\u017eo nedotaknjeno\"\/><\/p>\n<p>            Vir fotografije: RFS<\/p>\n<p><a href=\"https:\/\/planetnogomet.si\/oznaka\/zigalipuscek\/\" rel=\"nofollow noopener\" target=\"_blank\">\u017diga Lipu\u0161\u010dek<\/a> uspe\u0161no nadaljuje evropsko pot z latvijskim prvakom <a href=\"https:\/\/www.sofascore.com\/sl\/football\/team\/rfs\/68718\" rel=\"noopener nofollow\" target=\"_blank\">RFS<\/a>. Kapetan mo\u0161tva je na povratni tekmi prvega kroga kvalifikacij za konferen\u010dno ligo odigral vseh 90 minut, njegova ekipa pa je z zmago 2:0 proti severnoirskemu Glentoranu potrdila napredovanje s skupnim izidom 4:1.<\/p>\n<p>Lipu\u0161\u010dek s soigralci zadr\u017eal ni\u010dlo<\/p>\n<p>Nekdanji branilec Maribora in Gorice je znova vodil obrambo RFS, ki tekmecu ni dovolila zadetka. Latvijski prvaki so temelje za zmago postavili \u017ee v peti minuti, ko je zadel Modou Saidy, kon\u010dni izid pa je v drugem pol\u010dasu postavil Janis Ikaunieks. Lipu\u0161\u010dek je bil na igri\u0161\u010du vseh 90 minut in pomembno prispeval k novi evropski ni\u010dli svoje ekipe.    <\/p>\n<p>RFS se je tako brez ve\u010djih te\u017eav uvrstil v drugi krog kvalifikacij za konferen\u010dno ligo, kjer ga \u010daka islandski predstavnik Vestri. Latvijski prvaki bodo tudi v naslednjem krogu veljali za favorite, Lipu\u0161\u010dek pa bo sku\u0161al kot kapetan svojo ekipo popeljati \u0161e korak bli\u017eje skupinskemu delu evropskega tekmovanja\u2026    <\/p>\n<p class=\"ured\"><a href=\"http:\/\/planetnogomet.si\/cdn-cgi\/l\/email-protection#cda4a3aba28dbda1aca3a8b9a3a2aaa2a0a8b9e3bea4\" rel=\"nofollow noopener\" target=\"_blank\">Avtor: Uredni\u0161tvo Planet nogomet<\/a><\/p>\n<p>            <a href=\"https:\/\/planetnogomet.si\/kategorija\/tujina\/\" rel=\"nofollow noopener\" target=\"_blank\">Tujina<\/a>\t<\/p>\n<p>\t<a href=\"https:\/\/planetnogomet.si\/oznaka\/evropskipokali\/\" rel=\"nofollow noopener\" target=\"_blank\">#evropskipokali<\/a>\t<\/p>\n<p>\t<a href=\"https:\/\/planetnogomet.si\/oznaka\/legionarji\/\" rel=\"nofollow noopener\" target=\"_blank\">#legionarji<\/a>\t<\/p>\n<p>\t<a href=\"https:\/\/planetnogomet.si\/oznaka\/zigalipuscek\/\" rel=\"nofollow noopener\" target=\"_blank\">#\u017eigalipu\u0161\u010dek<\/a>\t<\/p>\n","protected":false},"excerpt":{"rendered":"&#13; &#13; Objavljeno &#13; 17. julija 2026&#13; 17. julija 2026&#13; &#13; &#13; &#13; &#13; &#13; Vir fotografije: RFS&hellip;\n","protected":false},"author":2,"featured_media":162043,"comment_status":"","ping_status":"","sticky":false,"template":"","format":"standard","meta":{"footnotes":"","_share_on_mastodon":"0"},"categories":[3],"tags":[65,66,37,38],"class_list":["post-162042","post","type-post","status-publish","format-standard","has-post-thumbnail","category-evropa","tag-europe","tag-evropa","tag-slovene","tag-slovenscina"],"share_on_mastodon":{"url":"https:\/\/pubeurope.com\/@si\/116934102887157184","error":""},"_links":{"self":[{"href":"https:\/\/www.europesays.com\/si\/wp-json\/wp\/v2\/posts\/162042","targetHints":{"allow":["GET"]}}],"collection":[{"href":"https:\/\/www.europesays.com\/si\/wp-json\/wp\/v2\/posts"}],"about":[{"href":"https:\/\/www.europesays.com\/si\/wp-json\/wp\/v2\/types\/post"}],"author":[{"embeddable":true,"href":"https:\/\/www.europesays.com\/si\/wp-json\/wp\/v2\/users\/2"}],"replies":[{"embeddable":true,"href":"https:\/\/www.europesays.com\/si\/wp-json\/wp\/v2\/comments?post=162042"}],"version-history":[{"count":0,"href":"https:\/\/www.europesays.com\/si\/wp-json\/wp\/v2\/posts\/162042\/revisions"}],"wp:featuredmedia":[{"embeddable":true,"href":"https:\/\/www.europesays.com\/si\/wp-json\/wp\/v2\/media\/162043"}],"wp:attachment":[{"href":"https:\/\/www.europesays.com\/si\/wp-json\/wp\/v2\/media?parent=162042"}],"wp:term":[{"taxonomy":"category","embeddable":true,"href":"https:\/\/www.europesays.com\/si\/wp-json\/wp\/v2\/categories?post=162042"},{"taxonomy":"post_tag","embeddable":true,"href":"https:\/\/www.europesays.com\/si\/wp-json\/wp\/v2\/tags?post=162042"}],"curies":[{"name":"wp","href":"https:\/\/api.w.org\/{rel}","templated":true}]}}