{"id":162145,"date":"2026-07-17T08:50:46","date_gmt":"2026-07-17T08:50:46","guid":{"rendered":"https:\/\/www.europesays.com\/si\/162145\/"},"modified":"2026-07-17T08:50:46","modified_gmt":"2026-07-17T08:50:46","slug":"zakaj-mora-evropa-ukrepati-da-prepreci-kartelno-novacenje-nasih-otrok","status":"publish","type":"post","link":"https:\/\/www.europesays.com\/si\/162145\/","title":{"rendered":"Zakaj mora Evropa ukrepati, da prepre\u010di kartelno nova\u010denje na\u0161ih otrok"},"content":{"rendered":"<p class=\"text-align-justify\">Predstavljajte si spro\u0161\u010den ve\u010der doma. Va\u0161 enajstletnik se je stisnil na kav\u010d poleg vas, obraz mu osvetljuje znani sijaj pametnega telefona, palca pa mu hitro drsita po zaslonu. Z naklonjenostjo domnevate, da igra videoigro, si dopisuje s so\u0161olcem ali brska po TikToku.\u00a0<\/p>\n<p class=\"text-align-justify\">A kaj, \u010de ni tako? Kaj, \u010de v tem mirnem, doma\u010dem trenutku prek Telegrama sprejema naro\u010dilo za umor v podzemlju? Kaj, \u010de prejema natan\u010dne GPS-koordinate za ladijski kontejner v tujem pristani\u0161\u010du \u2013 kontejner, napolnjen do roba s kokainom?\u00a0<\/p>\n<p class=\"text-align-justify\">Zveni kot zaplet distopi\u010dnega trilerja. \u017dal je za vse ve\u010dje \u0161tevilo dru\u017ein po vsej Evropski uniji ta no\u010dna mora temna, sedanja realnost. Medtem ko se Evropski parlament na tej plenarni seji pripravlja na razpravo in glasovanje o klju\u010dni resoluciji v okviru strategije ProtectEU, se moramo soo\u010diti z neprijetno resnico: kriminalni podzemni svet je industrializiral nova\u010denje na\u0161ih otrok, glavno oro\u017eje pa je zaslon v rokah va\u0161ega otroka.\u00a0<\/p>\n<p class=\"text-align-justify\">Obseg mehanizma, proti kateremu se borimo, je osupljiv. Europol spremlja ve\u010d kot 800 visoko tveganih kriminalnih mre\u017e, ki delujejo znotraj EU in napajajo trg z nedovoljenimi drogami, katerega vrednost zna\u0161a 31 milijard evrov letno. Da bi se za\u0161\u010ditili pred organi pregona, so se ti karteli preusmerili na grozljivo u\u010dinkovito strategijo, pri kateri uporabljajo mladoletnike kot popolnoma razpolo\u017eljivo delovno silo. Po podatkih Europola so mladoletniki zdaj vpleteni v ve\u010d kot 70 % kriminalnih trgov.\u00a0<\/p>\n<p class=\"text-align-justify\">Ta sistem temelji na prefinjenem psiholo\u0161kem pridobivanju. Srednji vodstveni kadri kartela, pogosto starej\u0161i najstniki, imenovani \u00bbstare\u0161ine\u00ab, morajo rekrutirati skupino mlaj\u0161ih otrok. Imajo kvote. Da bi to dosegli, so kriminal spremenili v igro. Z opona\u0161anjem priljubljenih vplivne\u017eev na platformah Snapchat, TikTok in Telegram uporabljajo posebne emojije, kot so sne\u017einka za kokain in drevesa za marihuano, da tako predstavijo izredno nezakonita dejanja kot razburljive naloge v videoigrah.\u00a0<\/p>\n<p class=\"text-align-justify\">Ko otrok klikne \u00bbsprejmi\u00ab, izkori\u0161\u010danje postane smrtonosno. V Latviji najstnike zvabijo, da za \u017eepnino prodajo svoje digitalne identitete, s \u010dimer se takoj spremenijo v kurirje, obremenjene z la\u017enimi dolgovi. V pristani\u0161\u010du v Antwerpnu karteli uporabljajo metodo \u00bbtrojanskega kontejnerja\u00ab, pri \u010demer otroke za ve\u010d dni zaprejo v temne jeklene ladijske kontejnerje, opremljene le s spalko in vedrom, kjer \u010dakajo, da se iztrgajo in izvle\u010dejo po\u0161iljke drog. Najbolj mrzli\u010dno je, da na \u0160vedskem tolpe uporabljajo aplikacije za klepet, da najamejo otroke kot prave najete morilce. V obdobju desetih let je \u0160vedska do\u017eivela brezprimeren 391-odstotni porast osumljenih umorov ali ubojev v starosti med 15 in 20 let.\u00a0<\/p>\n<p class=\"text-align-justify\">Poleg tega ti kriminalni sindikati brezobzirno izkori\u0161\u010dajo na\u0161e slepe pike. V veliki meri rekrutirajo mlada dekleta za prevoz strelnega oro\u017eja in pranje denarja, saj pri organih vzbujajo manj sumov. Izkori\u0161\u010dajo tudi migracijsko krizo in vklju\u010dujejo tiso\u010de mladoletnikov brez dokumentov in brez spremstva v nevidno, mo\u010dno zlorabljano spodnjo dru\u017ebeno plast.\u00a0<\/p>\n<p class=\"text-align-justify\">Nekateri kritiki bodo trdili, da \u0161iritev pooblastil policije za preiskave ali poostritev digitalnih predpisov tvega prekomerno kriminalizacijo ranljive mladine, ki je sama \u017ertev rev\u0161\u010dine ali razpadlih dru\u017ein. V eni stvari imajo prav: ti otroci so \u017ertve. Vendar ne smemo dopustiti, da bi so\u010dutje ohromilo izvr\u0161evanje zakona. Zapiranje pravnih vrzeli, ki jih izkori\u0161\u010dajo karteli, ni kaznovanje otrok; gre za odvzem takti\u010dnih prednosti organiziranemu kriminalu.\u00a0<\/p>\n<p class=\"text-align-justify\">Iz te krize se ne moremo izvle\u010di z aretacijami na podlagi razdrobljenih nacionalnih zakonov. Karteli izkori\u0161\u010dajo odprte meje EU veliko bolje kot zakonita podjetja, saj natan\u010dno spremljajo razlike v starosti kazenske odgovornosti in svoje operacije usmerjajo skozi naj\u0161ibkej\u0161e pravne to\u010dke.\u00a0<\/p>\n<p class=\"text-align-justify\">Prava za\u0161\u010dita zahteva evropski napad na dveh frontah.\u00a0<\/p>\n<p class=\"text-align-justify\">Prvi\u010d, potrebujemo enoten pristop k izvr\u0161evanju zakonodaje na ravni EU. V skladu z Zakonom o digitalnih storitvah moramo tehnolo\u0161ke gigante zakonsko prisiliti, da spremenijo algoritme, ki omogo\u010dajo, da se digitalno nagovarjanje otrok \u0161iri na o\u010deh javnosti. Prav tako moramo uskladiti opredelitve organiziranega kriminala v vseh dr\u017eavah \u010dlanicah, da ne ostane nobena pravna vrzel.\u00a0<\/p>\n<p class=\"text-align-justify\">Drugi\u010d, to moramo obravnavati kot krizo javnega zdravja in varnosti, kar dejansko tudi je. U\u010diti se moramo iz inovativnih, lokalno prilagojenih modelov. Poglejmo italijanski projekt \u00bbFree to Choose\u00ab, ki otroke zakonito odstrani iz globoko zakoreninjenih mafijskih dru\u017ein, da bi prekinil medgeneracijski prenos kriminalne ideologije. Pomislite na irski projekt \u00bbGreen Town\u00ab, ki zdru\u017euje fizi\u010dno razbijanje kriminalnih prostorov z intenzivno gospodarsko podporo dru\u017einam. Za te otroke moramo izvajati intenzivno deprogramiranje ter jim ponuditi prosocialno realnost, izobra\u017eevanje in podporo na podro\u010dju du\u0161evnega zdravja, ki je resni\u010dno privla\u010dnej\u0161a od strupene iluzije kartelov.\u00a0<\/p>\n<p class=\"text-align-justify\">\u010cas se izteka. \u010ce tega kanala za nova\u010denje ne prekinemo takoj, si predstavljajte, kako bo evropski kriminalni podzemni svet izgledal \u010dez desetletje. Dana\u0161nji pripravljeni najstniki, ki pre\u017eivijo sistem, ne bodo ostali na dnu hierarhije. Postali bodo jutri\u0161nji \u0161efi kartelov, generacija voditeljev, ki so \u017ee od otro\u0161tva popolnoma neob\u010dutljivi na skrajno nasilje in izkori\u0161\u010danje ljudi.\u00a0<\/p>\n<p class=\"text-align-justify\">Bitka za prihodnost varnosti Evrope se ne odvija le v pristani\u0161\u010dih ali na na\u0161ih zunanjih mejah. Odvija se prav zdaj, v na\u0161ih dnevnih sobah, na zaslonih, ki se odra\u017eajo v o\u010deh na\u0161ih otrok. Skupina EPP se ne namerava predati na tem podro\u010dju. \u010cas je, da se Evropa postavi na noge, zdru\u017ei in za\u0161\u010diti svojo prihodnost.\u00a0<\/p>\n","protected":false},"excerpt":{"rendered":"Predstavljajte si spro\u0161\u010den ve\u010der doma. Va\u0161 enajstletnik se je stisnil na kav\u010d poleg vas, obraz mu osvetljuje znani&hellip;\n","protected":false},"author":2,"featured_media":162146,"comment_status":"","ping_status":"","sticky":false,"template":"","format":"standard","meta":{"footnotes":"","_share_on_mastodon":"0"},"categories":[3],"tags":[65,66,37,38],"class_list":["post-162145","post","type-post","status-publish","format-standard","has-post-thumbnail","category-evropa","tag-europe","tag-evropa","tag-slovene","tag-slovenscina"],"share_on_mastodon":{"url":"https:\/\/pubeurope.com\/@si\/116934464400295010","error":""},"_links":{"self":[{"href":"https:\/\/www.europesays.com\/si\/wp-json\/wp\/v2\/posts\/162145","targetHints":{"allow":["GET"]}}],"collection":[{"href":"https:\/\/www.europesays.com\/si\/wp-json\/wp\/v2\/posts"}],"about":[{"href":"https:\/\/www.europesays.com\/si\/wp-json\/wp\/v2\/types\/post"}],"author":[{"embeddable":true,"href":"https:\/\/www.europesays.com\/si\/wp-json\/wp\/v2\/users\/2"}],"replies":[{"embeddable":true,"href":"https:\/\/www.europesays.com\/si\/wp-json\/wp\/v2\/comments?post=162145"}],"version-history":[{"count":0,"href":"https:\/\/www.europesays.com\/si\/wp-json\/wp\/v2\/posts\/162145\/revisions"}],"wp:featuredmedia":[{"embeddable":true,"href":"https:\/\/www.europesays.com\/si\/wp-json\/wp\/v2\/media\/162146"}],"wp:attachment":[{"href":"https:\/\/www.europesays.com\/si\/wp-json\/wp\/v2\/media?parent=162145"}],"wp:term":[{"taxonomy":"category","embeddable":true,"href":"https:\/\/www.europesays.com\/si\/wp-json\/wp\/v2\/categories?post=162145"},{"taxonomy":"post_tag","embeddable":true,"href":"https:\/\/www.europesays.com\/si\/wp-json\/wp\/v2\/tags?post=162145"}],"curies":[{"name":"wp","href":"https:\/\/api.w.org\/{rel}","templated":true}]}}