{"id":162183,"date":"2026-07-17T09:28:09","date_gmt":"2026-07-17T09:28:09","guid":{"rendered":"https:\/\/www.europesays.com\/si\/162183\/"},"modified":"2026-07-17T09:28:09","modified_gmt":"2026-07-17T09:28:09","slug":"on-k-jancu-v-barcelono-evropa-pa-govori-o-tej-anzicevi-mojstrovini-video","status":"publish","type":"post","link":"https:\/\/www.europesays.com\/si\/162183\/","title":{"rendered":"On k Jancu v Barcelono, Evropa pa govori o tej An\u017ei\u010devi mojstrovini (video)"},"content":{"rendered":"<p class=\"article-subtitle-text text-lg font-condensed lg:text-xl\/relaxed\">Izjemno, zares izjemno zmago nad visokolete\u010do \u0160panijo je na Euru do 20 let dosegla Slovenija, ki jo danes \u010daka polfinale z Mad\u017earsko.<\/p>\n<p class=\"@xl:w-3\/5 @xl:text-balance text-base\/6\">\n            \u010ce \u017eelite ostati v sredi\u0161\u010du \u0161portnega dogajanja, naj bo Ekipa va\u0161 prednostni vir na Googlu.\n        <\/p>\n<p>                    <img decoding=\"async\" src=\"https:\/\/www.europesays.com\/si\/wp-content\/uploads\/2026\/07\/1784275875_371_google-g-icon.png\" alt=\"Google logo\" class=\"size-5  mr-1\"\/><\/p>\n<p>                    <img decoding=\"async\" src=\"https:\/\/www.europesays.com\/si\/wp-content\/uploads\/2026\/07\/1784275875_963_favicon.png\" alt=\"Ekipa logo\" class=\"size-6 mr-1\"\/><\/p>\n<p class=\"pointer-events-auto rounded-sm border px-3 py-1 uppercase shadow-xl font-condensed border-white\/10 bg-red-700 hover:bg-red-900 text-white ml-3 not-prose flex items-center\">Nastavi\n<\/p>\n<p>\u0160portna velesila \u0160panija je bila na mladinskem evropskem prvenstvu v Romuniji nepora\u017eena. Potem je naletela na Slovenijo. \u010ceta Toma\u017ea Ocvirka jo je z izjemno predstavo razbila s 30:23 in potrdila, da je prihodnost slovenskega rokometa svetla.<\/p>\n<p>Blestela sta predvsem dva celjska upa, strelec desetih zadetkov Alju\u0161 An\u017ei\u010d in avtor 16 obramb Matev\u017e Mlakar. Lahko gre veliki \u0161panski up Marcos Fis, sin legendarnega Julia Fisa, ki so ga nekateri v \u0160paniji poimenovali rokometni Lamine Yamal, naslednje leto v Barcelono. Kot zamenjava za Diko Mema na desnem zunanjem polo\u017eaju, kjer si bo minute delil s kapetanom Slovenije Bla\u017eem Jancem. Toda Evropa danes govori o mojstrovinah An\u017ei\u010da in Mlakarja, ki je Fisa zadr\u017eal pri \u0161tirih golih. Iz enajstih poizkusov &#8230;\u00a0<\/p>\n<p>\u00bbCold as ice,\u00ab so zapisali za Alju\u0161a in njegov mojstrski zadetek s sedmih metrov. Hladen kot \u0161pricer. Po dru\u017eabnih omre\u017ejih pa se \u0161iri tudi posnetek izjemne obrambe sedemmetrovke Matev\u017ea, ki je \u0160panca prebral kot knjigo.<\/p>\n<p>A z zmago nad padlimi prvaki se Slovenci ne bodo zadovoljili. \u00bbNa za\u010detku morda nismo veljali za favorite, a nas je izjemna igra, predvsem v obrambi, popeljala v polfinale. Zdaj vso pozornost usmerjamo proti Mad\u017earski in naredili bomo vse, da si priigramo uvrstitev v finale,\u00ab je obljubil Alju\u0161 An\u017ei\u010d, ki se namerava s svojimi soigralci Mad\u017earom z obrestmi oddol\u017eiti za poraz v predtekmovanju Eura. V boj gredo ob 18.30.<\/p>\n<p>Pripravljeni, kot so zapisali tudi pri EHF, navdu\u0161eni predvsem nad An\u017ei\u010dem: \u00bbAn\u017ei\u010d v MVP na\u010dinu. 10 golov, 4 asistence in 3 ukradene \u017eoge, s \u010dimer je popeljal Slovenijo v polfinale Eura.\u00ab Te\u017eko pri\u010dakovano tekmo za Mad\u017earsko si bo mogo\u010de ogledati na RZS TV, in sicer na <a href=\"https:\/\/rzstv.si\/reprezentance\/games\/g\/fmy7y6zi\" rel=\"nofollow noopener\" target=\"_blank\">tej povezavi<\/a>.<\/p>\n<p>##FACEBOOK-https:\/\/www.facebook.com\/ehfeuro\/posts\/pfbid0keJyxqCLtuQxtd3Acc5jQWzCMBYQbQhVAedm5Edmqn3GbpA4HFppxWJhGwcUy8i4l##<\/p>\n<p>##FACEBOOK-https:\/\/www.facebook.com\/rokometnazvezaslovenije\/posts\/pfbid023AdSe1MbW3FnjPXx46DuezvZwGvBUyGZXXZaorRMWnYNFN92WFhuCagNVfUyEMD4l##<\/p>\n<p>##FACEBOOK-https:\/\/www.facebook.com\/rokometnazvezaslovenije\/posts\/pfbid0VruHZgmkGSGLv6aNKjej6ZwXpx3GNMj7BuUdPJimMhT8TmeSSBTMHi9kJLoVUJEtl##<\/p>\n","protected":false},"excerpt":{"rendered":"Izjemno, zares izjemno zmago nad visokolete\u010do \u0160panijo je na Euru do 20 let dosegla Slovenija, ki jo danes&hellip;\n","protected":false},"author":2,"featured_media":162184,"comment_status":"","ping_status":"","sticky":false,"template":"","format":"standard","meta":{"footnotes":"","_share_on_mastodon":"0"},"categories":[3],"tags":[65,66,37,38],"class_list":["post-162183","post","type-post","status-publish","format-standard","has-post-thumbnail","category-evropa","tag-europe","tag-evropa","tag-slovene","tag-slovenscina"],"share_on_mastodon":{"url":"https:\/\/pubeurope.com\/@si\/116934614216311657","error":""},"_links":{"self":[{"href":"https:\/\/www.europesays.com\/si\/wp-json\/wp\/v2\/posts\/162183","targetHints":{"allow":["GET"]}}],"collection":[{"href":"https:\/\/www.europesays.com\/si\/wp-json\/wp\/v2\/posts"}],"about":[{"href":"https:\/\/www.europesays.com\/si\/wp-json\/wp\/v2\/types\/post"}],"author":[{"embeddable":true,"href":"https:\/\/www.europesays.com\/si\/wp-json\/wp\/v2\/users\/2"}],"replies":[{"embeddable":true,"href":"https:\/\/www.europesays.com\/si\/wp-json\/wp\/v2\/comments?post=162183"}],"version-history":[{"count":0,"href":"https:\/\/www.europesays.com\/si\/wp-json\/wp\/v2\/posts\/162183\/revisions"}],"wp:featuredmedia":[{"embeddable":true,"href":"https:\/\/www.europesays.com\/si\/wp-json\/wp\/v2\/media\/162184"}],"wp:attachment":[{"href":"https:\/\/www.europesays.com\/si\/wp-json\/wp\/v2\/media?parent=162183"}],"wp:term":[{"taxonomy":"category","embeddable":true,"href":"https:\/\/www.europesays.com\/si\/wp-json\/wp\/v2\/categories?post=162183"},{"taxonomy":"post_tag","embeddable":true,"href":"https:\/\/www.europesays.com\/si\/wp-json\/wp\/v2\/tags?post=162183"}],"curies":[{"name":"wp","href":"https:\/\/api.w.org\/{rel}","templated":true}]}}