{"id":162208,"date":"2026-07-17T09:46:12","date_gmt":"2026-07-17T09:46:12","guid":{"rendered":"https:\/\/www.europesays.com\/si\/162208\/"},"modified":"2026-07-17T09:46:12","modified_gmt":"2026-07-17T09:46:12","slug":"italijanski-poslanci-potrdili-volilno-reformo-dopolnila-za-zastopstvo-slovencev-zavrnjena","status":"publish","type":"post","link":"https:\/\/www.europesays.com\/si\/162208\/","title":{"rendered":"Italijanski poslanci potrdili volilno reformo, dopolnila za zastopstvo Slovencev zavrnjena"},"content":{"rendered":"<p>\t\t\t\t\t\t\t\t<a href=\"https:\/\/www.europesays.com\/si\/wp-content\/uploads\/2026\/07\/67062049.jpg\" itemprop=\"contentUrl\" data-size=\"1200x800\" data-large=\"https:\/\/www.europesays.com\/si\/wp-content\/uploads\/2026\/07\/67062049.jpg\"><br \/>\n\t\t\t\t\t\t\t\t\t<img decoding=\"async\" src=\"https:\/\/www.europesays.com\/si\/wp-content\/uploads\/2026\/07\/67062049.jpg\" title=\"Spodnji dom italijanskega parlamenta. Foto: Reuters\" alt=\"Spodnji dom italijanskega parlamenta. Foto: Reuters\"\/><br \/>\n\t\t\t\t\t\t\t\t<\/a><\/p>\n<p>\t\t\t\t\t\t\t\t\tSpodnji dom italijanskega parlamenta. Foto: Reuters<\/p>\n<p>\t\t\t\t\t\t\t<a id=\"preferredSourceBanner\" href=\"#\" target=\"_blank\" class=\"d-none align-items-center justify-content-between rounded my-3\" style=\"background-color: #F2F6FC; padding: 10px 15px;\"><br \/>\n\t\t\t\t\t\t<img decoding=\"async\" src=\"https:\/\/img.rtvslo.si\/_static\/novi\/img\/ico-google.svg\" class=\"flex-shrink-0 mr-3\" aria-hidden=\"true\"\/><br \/>\n\t\t\t\t\t\tSpremljajte RTVSLO.si kot prednostni vir na Google<\/p>\n<p>\t\t\t\t\t<\/a><\/p>\n<p>Predlog bo potrjeval \u0161e senat, ki bo o njem glasoval predvidoma jeseni.<\/p>\n<p>Oglas<\/p>\n<p>Tak\u0161ne drame tudi vsega vajena italijanska poslanska zbornica \u017ee dolgo ni do\u017eivela. \u010ceprav je volilni zakon, \u0161e zadnji veliki projekt vlade premierke Meloni, varno prispel na pol poti, je to za vladno koalicijo pirova zmaga.<\/p>\n<p>Zavrnitev dopolnila o preferen\u010dnem glasu, ki ga je predlagala premierkina stranka Bratje, Italije in ki je padel zgolj zaradi glasu razlike, je namre\u010d pokazal na razpoke v vladni koaliciji.<\/p>\n<p>Ob sklepnem glasovanju so bili nato vladni poslanci bolj disciplinirani: 217 jih je glasovalo za, 152 proti, kar pa ni prepre\u010dilo vpitja iz klopi levosredinske opozicije in pozivov, naj premierka odstopi.<\/p>\n<p>V opoziciji, ki se ne more dogovoriti o volilnem povezovanju, trdijo, da si \u017eeli vladna koalicija, ki bi po njihovih navedbah po sedanjem zakonu prihodnje volitve izgubila, s spremembami zgolj zagotoviti prevlado.<\/p>\n<p>Novi zakon namre\u010d uvaja proporcionalni volilni sistem, po katerem bi koalicija, ki osvoji ve\u010d kot 42 odstotkov glasov, v parlamentu prejela dodatne sede\u017ee.<\/p>\n<p>\u017drtve neusklajenega glasovanja so bila tudi dopolnila o zastopstvu Slovencev v italijanskem parlamentu.<\/p>\n<p>Amandma, ki so ga v dogovoru s stranko slovenske manj\u0161ine Slovenska skupnost vlo\u017eili poslanci francoske in nem\u0161ke manj\u0161inske stranke, pred glasovanjem pa ga je podprla tudi vladna stranka Naprej Italija, je bil zavrnjen.<\/p>\n<p>Dopolnili, ki ju je predlagala levosredinska Demokratska stranka, pa sploh nista do\u010dakali glasovanja, saj so Demokrati v znak protesta proti poteku sprejemanja volilnega zakona vsa svoja dopolnila umaknili.<\/p>\n<p>Oglas<\/p>\n","protected":false},"excerpt":{"rendered":"Spodnji dom italijanskega parlamenta. Foto: Reuters Spremljajte RTVSLO.si kot prednostni vir na Google Predlog bo potrjeval \u0161e senat,&hellip;\n","protected":false},"author":2,"featured_media":162209,"comment_status":"","ping_status":"","sticky":false,"template":"","format":"standard","meta":{"footnotes":"","_share_on_mastodon":"0"},"categories":[3],"tags":[65,66,1018,37,38,42079,42339],"class_list":["post-162208","post","type-post","status-publish","format-standard","has-post-thumbnail","category-evropa","tag-europe","tag-evropa","tag-italija","tag-slovene","tag-slovenscina","tag-volilni-zakon","tag-zastopstvo-slovencev"],"share_on_mastodon":{"url":"https:\/\/pubeurope.com\/@si\/116934684856378768","error":""},"_links":{"self":[{"href":"https:\/\/www.europesays.com\/si\/wp-json\/wp\/v2\/posts\/162208","targetHints":{"allow":["GET"]}}],"collection":[{"href":"https:\/\/www.europesays.com\/si\/wp-json\/wp\/v2\/posts"}],"about":[{"href":"https:\/\/www.europesays.com\/si\/wp-json\/wp\/v2\/types\/post"}],"author":[{"embeddable":true,"href":"https:\/\/www.europesays.com\/si\/wp-json\/wp\/v2\/users\/2"}],"replies":[{"embeddable":true,"href":"https:\/\/www.europesays.com\/si\/wp-json\/wp\/v2\/comments?post=162208"}],"version-history":[{"count":0,"href":"https:\/\/www.europesays.com\/si\/wp-json\/wp\/v2\/posts\/162208\/revisions"}],"wp:featuredmedia":[{"embeddable":true,"href":"https:\/\/www.europesays.com\/si\/wp-json\/wp\/v2\/media\/162209"}],"wp:attachment":[{"href":"https:\/\/www.europesays.com\/si\/wp-json\/wp\/v2\/media?parent=162208"}],"wp:term":[{"taxonomy":"category","embeddable":true,"href":"https:\/\/www.europesays.com\/si\/wp-json\/wp\/v2\/categories?post=162208"},{"taxonomy":"post_tag","embeddable":true,"href":"https:\/\/www.europesays.com\/si\/wp-json\/wp\/v2\/tags?post=162208"}],"curies":[{"name":"wp","href":"https:\/\/api.w.org\/{rel}","templated":true}]}}