{"id":162557,"date":"2026-07-17T15:17:09","date_gmt":"2026-07-17T15:17:09","guid":{"rendered":"https:\/\/www.europesays.com\/si\/162557\/"},"modified":"2026-07-17T15:17:09","modified_gmt":"2026-07-17T15:17:09","slug":"evropa-vstopa-v-se-nevarnejsi-del-poletja-peklenska-vrocina-se-vraca-who-opozarja-na-nove-smrtonosne-tedne","status":"publish","type":"post","link":"https:\/\/www.europesays.com\/si\/162557\/","title":{"rendered":"Evropa vstopa v \u0161e nevarnej\u0161i del poletja: peklenska vro\u010dina se vra\u010da, WHO opozarja na nove smrtonosne tedne!"},"content":{"rendered":"<p>Gasilci, ki jim pomaga 30 letal, so se v petek borili, da bi omejili gozdni po\u017ear na severovzhodu \u0160panije. Ogenj je zajel obmo\u010dje, veliko pribli\u017eno toliko kot San Francisco, evakuirali pa so ve\u010d kot tiso\u010d ljudi. Vegetacijo po ve\u010djem delu Evrope so izsu\u0161ili nedavni vro\u010dinski valovi.<\/p>\n<p>Zaporedni vro\u010dinski valovi v za\u010detku poletja, ki jih \u0161tevilni znanstveniki povezujejo s podnebnimi spremembami zaradi \u010dlovekovega delovanja, so temperature v velikem delu celine dvignili na rekordne ravni. Posledice so pomanjkanje vode, \u0161koda na pridelkih in \u0161tevilo smrti, ki za ve\u010d tiso\u010d presega obi\u010dajno povpre\u010dje. Reutersov podnebni pregled je za petek v zahodni Evropi napovedal povpre\u010dno najvi\u0161jo temperaturo 27,5 stopinje Celzija, kar je 4,2 stopinje ve\u010d od dolgoletnega povpre\u010dja za 17. julij.<\/p>\n<p>V Franciji se su\u0161a od konca maja iz dneva v dan stopnjuje, \u010deprav je zadnji vro\u010dinski val za\u010del popu\u0161\u010dati. Plinska elektrarna na jugu dr\u017eave bi lahko zaradi visoke temperature Sredozemskega morja ostala brez zadostne koli\u010dine hladilne vode. Energetski sistem dodatno obremenjuje zmanj\u0161ana proizvodnja jedrskih elektrarn, saj so pretople tudi reke. V Nem\u010diji je nizek vodostaj Rena oviral plovbo in podra\u017eil prevoz, vendar je de\u017e gladino nekoliko zvi\u0161al.<\/p>\n<p>Ponekod so vro\u010dino zamenjale silovite nevihte.<\/p>\n<p>Zaradi podrtih dreves ali udara strele sta umrli dve osebi v Franciji in ena v nem\u0161ki zvezni de\u017eeli Baden-W\u00fcrttemberg. Supercelica je prinesla mo\u010dan veter in to\u010do s premerom do pet centimetrov. Na severovzhodu Nem\u010dije gasilci upajo, da bo de\u017e pomagal pogasiti po\u017ear v narodnem parku M\u00fcritz, kjer ga\u0161enje ote\u017euje neeksplodirano strelivo na nekdanjem voja\u0161kem vadi\u0161\u010du.<\/p>\n<p><img decoding=\"async\" src=\"https:\/\/www.europesays.com\/si\/wp-content\/uploads\/2026\/07\/1784299271_113_zobozdravnik-injekcija-omrtvitev-vir-shutterstock-256x256.jpg\" loading=\"lazy\"\/><\/p>\n<p>Preden izberete zobozdravnika, preverite to \u2013 razlike v cenah so lahko ogromne<\/p>\n<p>Ve\u010dina Slovencev pri izbiri zobozdravnika naredi isto napako. Odlo\u010dijo se prehitro in \u0161ele kasneje ugotovijo, da bi lahko za enako storitev pla\u010dali bistveno manj. Razlike v cenah so namre\u010d pogost<\/p>\n<p>\u0160panska meteorolo\u0161ka slu\u017eba AEMET opozarja, da bodo temperature znova nara\u0161\u010dale. V Andaluziji in pokrajini La Mancha bi lahko dosegle od 42 do 44 stopinj Celzija. Po\u017ear pri Oresu v Aragoniji se je raz\u0161iril na ve\u010d kot 12.000 hektarov; pri ga\u0161enju sodeluje 300 pripadnikov voja\u0161kih slu\u017eb za ukrepanje v izrednih razmerah. Gasilci se spopadajo tudi s po\u017eari pri Madridu in v provinci Guadalajara, kjer je zgorelo pribli\u017eno 1.500 hektarov, preventivno pa so evakuirali poletni tabor. Teden prej je v po\u017earu v ju\u017eni provinci Almer\u00eda umrlo najmanj 13 ljudi.<\/p>\n<p>Opozorilo<\/p>\n<p>Svetovna zdravstvena organizacija opozarja, da Evropo lahko \u010dakajo novi smrtonosni tedni. Njen evropski direktor Hans Henri P. Kluge je vlade pozval, naj vro\u010dine ne obravnavajo zgolj kot vremenski pojav, temve\u010d kot resno zdravstveno krizo.<\/p>\n<p>(us)<\/p>\n","protected":false},"excerpt":{"rendered":"Gasilci, ki jim pomaga 30 letal, so se v petek borili, da bi omejili gozdni po\u017ear na severovzhodu&hellip;\n","protected":false},"author":2,"featured_media":162558,"comment_status":"","ping_status":"","sticky":false,"template":"","format":"standard","meta":{"footnotes":"","_share_on_mastodon":"0"},"categories":[3],"tags":[65,66,37,38],"class_list":["post-162557","post","type-post","status-publish","format-standard","has-post-thumbnail","category-evropa","tag-europe","tag-evropa","tag-slovene","tag-slovenscina"],"share_on_mastodon":{"url":"https:\/\/pubeurope.com\/@si\/116935986368896891","error":""},"_links":{"self":[{"href":"https:\/\/www.europesays.com\/si\/wp-json\/wp\/v2\/posts\/162557","targetHints":{"allow":["GET"]}}],"collection":[{"href":"https:\/\/www.europesays.com\/si\/wp-json\/wp\/v2\/posts"}],"about":[{"href":"https:\/\/www.europesays.com\/si\/wp-json\/wp\/v2\/types\/post"}],"author":[{"embeddable":true,"href":"https:\/\/www.europesays.com\/si\/wp-json\/wp\/v2\/users\/2"}],"replies":[{"embeddable":true,"href":"https:\/\/www.europesays.com\/si\/wp-json\/wp\/v2\/comments?post=162557"}],"version-history":[{"count":0,"href":"https:\/\/www.europesays.com\/si\/wp-json\/wp\/v2\/posts\/162557\/revisions"}],"wp:featuredmedia":[{"embeddable":true,"href":"https:\/\/www.europesays.com\/si\/wp-json\/wp\/v2\/media\/162558"}],"wp:attachment":[{"href":"https:\/\/www.europesays.com\/si\/wp-json\/wp\/v2\/media?parent=162557"}],"wp:term":[{"taxonomy":"category","embeddable":true,"href":"https:\/\/www.europesays.com\/si\/wp-json\/wp\/v2\/categories?post=162557"},{"taxonomy":"post_tag","embeddable":true,"href":"https:\/\/www.europesays.com\/si\/wp-json\/wp\/v2\/tags?post=162557"}],"curies":[{"name":"wp","href":"https:\/\/api.w.org\/{rel}","templated":true}]}}