{"id":162802,"date":"2026-07-17T19:59:08","date_gmt":"2026-07-17T19:59:08","guid":{"rendered":"https:\/\/www.europesays.com\/si\/162802\/"},"modified":"2026-07-17T19:59:08","modified_gmt":"2026-07-17T19:59:08","slug":"filmski-pobeg-v-krskem-pripornik-skocil-skozi-okno-in-stekel-v-savo","status":"publish","type":"post","link":"https:\/\/www.europesays.com\/si\/162802\/","title":{"rendered":"Filmski pobeg v Kr\u0161kem: pripornik sko\u010dil skozi okno in stekel v Savo!"},"content":{"rendered":"<p>Danes popoldan so bili v Kr\u0161kem pri\u010da pravemu filmskemu begu.\u00a0Kot nam je sporo\u010dil o\u010dividec, je iz sodne stavbe pobegnil pripornik. Mo\u0161ki, njegova identiteta ni znana, je v spremstvu pravosodnih policistov stal pri oknu v pritli\u010dju in izkoristil trenutek nepazljivosti svojih varuhov.\u00a0Trenutek je bil dovolj, da je mo\u0161ki odprl okno, sko\u010dil na tla in jo ucvrl svobodi naproti. Najprej se je pognal proti Savi, sko\u010dil vanjo in jo preplaval ter se na drugi strani reke pe\u0161 podal v beg. Ta pa ni trajal dolgo, saj so mu mo\u017eje postave sledili in na njegovih rokah so kmalu spet zaro\u017eljale lisice.<\/p>\n<p>Pobegli pripornik\u00a0naj bi bil po na\u0161ih neuradnih informacijah osumljen\u00a0ponarejanja listin, pri njem pa naj bi zasegli tudi vlomilsko orodje. Zoper njega je bil odrejen pripor.<\/p>\n<p>Pred leti so bili sicer na tem istem sodi\u0161\u010du \u017ee pri\u010da podobnemu incidentu, ko si je eden\u00a0od pripornikov za\u017eelel obiska strani\u0161\u010da, paznika sta mu to seveda omogo\u010dila in ga prijazno \u010dakala pred vrati, medtem pa je mo\u0161ki pobegnil skozi strani\u0161\u010dno okno. Zaradi tega incidenta so na okna kr\u0161kega sodi\u0161\u010da nato namestili re\u0161etke, a o\u010ditno ne \u010disto na vsa. Morda pa se to zgodi po tokratnem pobegu.\u00a0<\/p>\n","protected":false},"excerpt":{"rendered":"Danes popoldan so bili v Kr\u0161kem pri\u010da pravemu filmskemu begu.\u00a0Kot nam je sporo\u010dil o\u010dividec, je iz sodne stavbe&hellip;\n","protected":false},"author":2,"featured_media":162803,"comment_status":"","ping_status":"","sticky":false,"template":"","format":"standard","meta":{"footnotes":"","_share_on_mastodon":"0"},"categories":[20],"tags":[32,1236,35,31,34,36,2052,3535,37,38,864,33],"class_list":["post-162802","post","type-post","status-publish","format-standard","has-post-thumbnail","category-novice","tag-headlines","tag-krsko","tag-najpomembnejse-novice","tag-news","tag-novice","tag-osrednje-novice","tag-pobeg","tag-pripornik","tag-slovene","tag-slovenscina","tag-sodisce","tag-top-stories"],"share_on_mastodon":{"url":"https:\/\/pubeurope.com\/@si\/116937094741022114","error":""},"_links":{"self":[{"href":"https:\/\/www.europesays.com\/si\/wp-json\/wp\/v2\/posts\/162802","targetHints":{"allow":["GET"]}}],"collection":[{"href":"https:\/\/www.europesays.com\/si\/wp-json\/wp\/v2\/posts"}],"about":[{"href":"https:\/\/www.europesays.com\/si\/wp-json\/wp\/v2\/types\/post"}],"author":[{"embeddable":true,"href":"https:\/\/www.europesays.com\/si\/wp-json\/wp\/v2\/users\/2"}],"replies":[{"embeddable":true,"href":"https:\/\/www.europesays.com\/si\/wp-json\/wp\/v2\/comments?post=162802"}],"version-history":[{"count":0,"href":"https:\/\/www.europesays.com\/si\/wp-json\/wp\/v2\/posts\/162802\/revisions"}],"wp:featuredmedia":[{"embeddable":true,"href":"https:\/\/www.europesays.com\/si\/wp-json\/wp\/v2\/media\/162803"}],"wp:attachment":[{"href":"https:\/\/www.europesays.com\/si\/wp-json\/wp\/v2\/media?parent=162802"}],"wp:term":[{"taxonomy":"category","embeddable":true,"href":"https:\/\/www.europesays.com\/si\/wp-json\/wp\/v2\/categories?post=162802"},{"taxonomy":"post_tag","embeddable":true,"href":"https:\/\/www.europesays.com\/si\/wp-json\/wp\/v2\/tags?post=162802"}],"curies":[{"name":"wp","href":"https:\/\/api.w.org\/{rel}","templated":true}]}}