{"id":162989,"date":"2026-07-18T00:39:11","date_gmt":"2026-07-18T00:39:11","guid":{"rendered":"https:\/\/www.europesays.com\/si\/162989\/"},"modified":"2026-07-18T00:39:11","modified_gmt":"2026-07-18T00:39:11","slug":"triletno-deklico-zdravniki-trikrat-poslali-domov-kmalu-zatem-je-umrla","status":"publish","type":"post","link":"https:\/\/www.europesays.com\/si\/162989\/","title":{"rendered":"Triletno deklico zdravniki trikrat poslali domov, kmalu zatem je umrla"},"content":{"rendered":"<p>    <img decoding=\"async\" data-lb-desktop=\"\/media\/2026\/07\/17\/847236\/Orig-profimedia-0636136303-1200.webp\" data-lb-mobile=\"\/media\/2026\/07\/17\/847236\/Orig-profimedia-0636136303-600.webp\" class=\"main-gallery-image se_image_lb\" src=\"https:\/\/www.europesays.com\/si\/wp-content\/uploads\/2026\/07\/Wide-profimedia-0636136303-1000.webp\" alt=\"Red Cross Ambulance (Upper Austria),Image: 636136303, License: Royalty-free, Restrictions:, Model Release: no \"\/><\/p>\n<p>Star\u0161i umrle deklice so vlo\u017eili to\u017ebo, saj so prepri\u010dani, da ni bila ustrezno obravnavana. Simboli\u010dna fotografija: Profimedia<\/p>\n<p>Triletno deklico zdravniki trikrat poslali domov, kmalu zatem je umrla<\/p>\n<p>Avstrijo pretresa primere triletne pun\u010dke, ki je umrla zaradi plju\u010dnice. Da je deklica resno bolna, zdravstveno osebje ni opazilo, \u010deprav so jo star\u0161i ve\u010d dni vozili od zdravnika do zdravnika.<\/p>\n<p>                        17. 07. 2026, 19.56\n                    <\/p>\n<p> mg\n                    <\/p>\n<p>                        <a href=\"https:\/\/google.com\/preferences\/source?q=dnevnik.si\" class=\"se-author-gps-cta\" target=\"_blank\" rel=\"nofollow noopener\"><br \/>\n                            <img decoding=\"async\" class=\"se-author-gps-cta-badge\" src=\"https:\/\/www.europesays.com\/si\/wp-content\/uploads\/2026\/07\/1784335150_514_dnevnik_gps_badge.png\" alt=\"Google Preferred Sources CTA\"\/><br \/>\n                        <\/a><\/p>\n<p>Na dunajskem de\u017eelnem sodi\u0161\u010du za civilne zadeve se je za\u010del postopek zaradi smrti triletne deklice, ki je umrla februarja 2024. Nekaj dni pred tem so iz vrtca\u00a0poklicali star\u0161e, da\u00a0ima deklica vro\u010dino. Star\u0161i so pri\u0161li ponjo in jo odpeljali domov. Naslednji dan so\u00a0otroka odpeljali\u00a0v otro\u0161ko bolni\u0161nico, kjer so zdravniki posumili na oku\u017ebo prebavil. Dru\u017eino so nato poslali domov.<\/p>\n<p>    <a class=\"se-card__wrap se-card--link\" href=\"https:\/\/www.dnevnik.si\/novice\/kronika\/v-kirurgiji-bitenc-naj-bi-deklici-hrbtenico-operirali-na-napacnem-mestu-2803108\/\" data-upscore-url=\"\" rel=\"nofollow noopener\" target=\"_blank\"><\/p>\n<p>        <img decoding=\"async\" class=\"se-image se-image--card\" src=\"https:\/\/www.europesays.com\/si\/wp-content\/uploads\/2026\/07\/Wide-998267-400.webp\" alt=\"\ufeffmag. Marko Bitenc, dr.med., specialist kirurg - zasebni zdravnik, ki se ukvarja s kirurgijo \u0161\u010ditnice, plju\u010d, po\u017eiralnika in kirur\u0161ko zdravi refluksno bolezen po\u017eiralnika (GERB). - koncesionar iz Kirurgije Bitenc - operira v bolni\u0161nici Golnik - KOPA,\/\/FOTO: Toma\u017e SkaleOPOMBA: ZA OBJAVO V PRILOGI \u2013 DNEVNIKOV OBJEKTIV - INTERVJU 2014\"\/><\/p>\n<p>trajne posledice<\/p>\n<p>V Kirurgiji Bitenc naj bi deklici hrbtenico operirali na napa\u010dnem mestu<\/p>\n<p>    <\/a><\/p>\n<p>Pediatrinja jih je vnovi\u010d poslala domov<\/p>\n<p>\u010cetrti in \u0161esti dan je dru\u017eina\u00a0\u0161e dvakrat obiskala pediatrinjo, ki naj bi jih po njihovih navedbah po pregledu poslala domov. Star\u0161i v to\u017ebi trdijo, da je \u0161lo za napa\u010dno obravnavo, zaradi katere se je stanje deklice \u0161e poslab\u0161alo.<\/p>\n<p>Ko je deklici naslednjo no\u010d postalo zelo slabo, je mama poklicala re\u0161evalce. Po navedbah dru\u017eine ti niso pri\u0161li z re\u0161evalnim vozilom, pa\u010d pa z avtomobilom za prevoz pacientov in brez urgentnega zdravnika.\u00a0<\/p>\n<p>Apati\u010dno pun\u010dko so prepeljali na kliniko Dunajskega zdru\u017eenja zdravstvenih delavcev, kjer pa je niso sprejeli kot\u00a0nujnega\u00a0primera. Star\u0161a sta bila prisiljena izpolnjevati obrazce, medtem ko je deklica v zelo slabem stanju \u010dakala na obravnavo. Kmalu zatem je umrla. Izkazalo se je, da je trpela\u00a0za hudo plju\u010dnico, ki jo je povzro\u010dila gripa.<\/p>\n<p>    <a class=\"se-card__wrap se-card--link\" href=\"https:\/\/www.dnevnik.si\/nedeljski\/prosti-cas\/zdravje\/usodna-pomota-ob-klicu-na-pomoc-2799458\/\" data-upscore-url=\"\" rel=\"nofollow noopener\" target=\"_blank\"><\/p>\n<p>        <img decoding=\"async\" class=\"se-image se-image--card\" src=\"https:\/\/www.europesays.com\/si\/wp-content\/uploads\/2026\/07\/Wide-iStock-1325083485-400.webp\" alt=\"Fotografija je simboli\u010dna. \/ Foto: Getty Images\"\/><\/p>\n<p>Tragi\u010dno<\/p>\n<p>\u00bbNi nujen primer\u00ab: 22-letnik umrl le nekaj ur po klicu na pomo\u010d<\/p>\n<p>    <\/a><\/p>\n<p>Ne \u017eelijo od\u0161kodnine, ampak resnico<\/p>\n<p>Star\u0161i so prek odvetnika vlo\u017eili to\u017ebo proti pediatrinji, mestu Dunaj in Rde\u010demu kri\u017eu. \u00bbMojim strankam ne gre za finan\u010dno od\u0161kodnino, saj dobro zaslu\u017eijo. \u017delijo si, da se smrt otroka kon\u010dno razjasni,\u00ab je dejal.<\/p>\n<p>Vsi to\u017eeni zavra\u010dajo odgovornost za smrt deklice. Poskus sklenitve poravnave na za\u010detku postopka ni bil uspe\u0161en, zato bodo zdaj zasli\u0161ali \u0161tevilne pri\u010de. Sodi\u0161\u010de je imenovalo tudi izvedenca, ki bo presodil, ali je pri zdravljenju pri\u0161lo do napak.<\/p>\n<p>Odvetnik star\u0161ev je prepri\u010dan, da je \u0161lo za \u00bbpovsem nesprejemljivo verigo napa\u010dnih odlo\u010ditev\u00ab, zaradi katerih je deklica umrla. Po njegovih besedah bi bilo smrt mogo\u010de prepre\u010diti, \u010de bi bila obravnavana\u00a0skladno\u00a0s strokovnimi standardi.<\/p>\n<p>Dunajski zdravstveni zavod je dru\u017eini izrazil so\u017ealje, vendar zavrnil o\u010ditke. Njegova predstavnica je za \u010dasnik Krone povedala, da je bil primer \u017ee interno podrobno pregledan in da\u00a0niso na\u0161li znakov napa\u010dnega zdravljenja.<\/p>\n","protected":false},"excerpt":{"rendered":"Star\u0161i umrle deklice so vlo\u017eili to\u017ebo, saj so prepri\u010dani, da ni bila ustrezno obravnavana. Simboli\u010dna fotografija: Profimedia Triletno&hellip;\n","protected":false},"author":2,"featured_media":162990,"comment_status":"","ping_status":"","sticky":false,"template":"","format":"standard","meta":{"footnotes":"","_share_on_mastodon":"0"},"categories":[20],"tags":[360,2524,42524,32,35,31,34,36,19165,37,38,42525,5705,33,2269,25524,42526],"class_list":["post-162989","post","type-post","status-publish","format-standard","has-post-thumbnail","category-novice","tag-avstrija","tag-dunaj","tag-dunajsko-dezelno-sodisce","tag-headlines","tag-najpomembnejse-novice","tag-news","tag-novice","tag-osrednje-novice","tag-pediatrija","tag-slovene","tag-slovenscina","tag-smrt-triletne-deklice","tag-sodni-postopek","tag-top-stories","tag-tozba","tag-urgentna-medicina","tag-zdravstvena-obravnava"],"share_on_mastodon":{"url":"https:\/\/pubeurope.com\/@si\/116938195826773299","error":""},"_links":{"self":[{"href":"https:\/\/www.europesays.com\/si\/wp-json\/wp\/v2\/posts\/162989","targetHints":{"allow":["GET"]}}],"collection":[{"href":"https:\/\/www.europesays.com\/si\/wp-json\/wp\/v2\/posts"}],"about":[{"href":"https:\/\/www.europesays.com\/si\/wp-json\/wp\/v2\/types\/post"}],"author":[{"embeddable":true,"href":"https:\/\/www.europesays.com\/si\/wp-json\/wp\/v2\/users\/2"}],"replies":[{"embeddable":true,"href":"https:\/\/www.europesays.com\/si\/wp-json\/wp\/v2\/comments?post=162989"}],"version-history":[{"count":0,"href":"https:\/\/www.europesays.com\/si\/wp-json\/wp\/v2\/posts\/162989\/revisions"}],"wp:featuredmedia":[{"embeddable":true,"href":"https:\/\/www.europesays.com\/si\/wp-json\/wp\/v2\/media\/162990"}],"wp:attachment":[{"href":"https:\/\/www.europesays.com\/si\/wp-json\/wp\/v2\/media?parent=162989"}],"wp:term":[{"taxonomy":"category","embeddable":true,"href":"https:\/\/www.europesays.com\/si\/wp-json\/wp\/v2\/categories?post=162989"},{"taxonomy":"post_tag","embeddable":true,"href":"https:\/\/www.europesays.com\/si\/wp-json\/wp\/v2\/tags?post=162989"}],"curies":[{"name":"wp","href":"https:\/\/api.w.org\/{rel}","templated":true}]}}