{"id":163114,"date":"2026-07-18T06:16:07","date_gmt":"2026-07-18T06:16:07","guid":{"rendered":"https:\/\/www.europesays.com\/si\/163114\/"},"modified":"2026-07-18T06:16:07","modified_gmt":"2026-07-18T06:16:07","slug":"peter-slatnar-v-skokih-se-bije-boj-s-kuvertami","status":"publish","type":"post","link":"https:\/\/www.europesays.com\/si\/163114\/","title":{"rendered":"Peter Slatnar: V skokih se bije boj s kuvertami"},"content":{"rendered":"<p>Le \u0161e dva tedna nas lo\u010dita od za\u010detka poletne velike nagrade. Po sanjski sezoni Domna in Nike Prevc je zanimanje za va\u0161e smu\u010di verjetno \u0161e ve\u010dje. Se obeta, da bomo v novi sezoni na njih videli tudi kak\u0161no novo veliko ime iz tujine?<\/p>\n<p>Pravi skakalci jih preizku\u0161ajo. Na trg je pri\u0161el tudi novi Fischer, rde\u010di. To sicer ni isti Fischer, kot smo ga poznali do zdaj, ki je \u0161e vedno v skakalni karavani. Gre za dru\u017eino Fischer, ki se sicer ukvarja z vlo\u017eki za zidove in se je odlo\u010dila vstopiti v smu\u010darske skoke (Fischer Fixing Systems). Proizvajalcu smu\u010di Fischer so pla\u010dali precej denarja, da zanje izdeluje smu\u010di. Zelo so agresivni in posku\u0161ajo pridobiti \u010dim ve\u010d skakalcev. Tudi njihove kuverte niso slabe.<\/p>\n<p>Zato pa se je Piotr Zyla \u017ee odlo\u010dil, da bo skakal na na\u0161ih smu\u010deh. Dawid Kubacki jih \u0161e preizku\u0161a in dokon\u010dne odlo\u010ditve \u0161e ni sprejel. Smu\u010di mu sicer delujejo zelo dobro, vendar v ozadju poteka tudi boj s kuvertami. Nekaj te\u017ekokategornikov prav tako preizku\u0161a na\u0161e smu\u010di. Dobivam posnetke in vidim, da ska\u010dejo tudi na smu\u010deh drugega proizvajalca.<\/p>\n<p>Boj za zvezdnike in debele kuverte<\/p>\n<p>Vi s finan\u010dnimi bonusi, kakr\u0161ne lahko ponujajo ve\u010dji tekmeci, verjetno ne morete tekmovati?<\/p>\n<p>Ne moremo si jih privo\u0161\u010diti. Kar zaslu\u017eimo s prodajo klubom in reprezentancam po svetu, vlagamo nazaj v tekmovalce, opremo in vse, kar spada zraven. Bonusov ne moremo pla\u010devati. \u010ce ima\u0161 dva ali tri res dobre skakalce, lahko govorimo \u017ee o nekaj sto tiso\u010d evrih.<\/p>\n<p><img decoding=\"async\" alt=\"Peter Slatnar | Foto: Guliverimage\" class=\"article_content__inline_image js_imageLightbox is-clickable\" data-author=\"Guliverimage\" data-caption=\"\" data-height=\"3333\" data-href=\"https:\/\/siol.net\/media\/img\/0e\/54\/9665fdf8a48b038a9cab-peter-slatnar.jpeg\" data-width=\"5000\" loading=\"lazy\" src=\"\/media\/img\/26\/cb\/d5944139cc03020dd9e8-peter-slatnar.jpeg\" title=\"Peter Slatnar\"\/><\/p>\n<p> Foto: Guliverimage <\/p>\n<p>Pred leti ste omenjali mo\u017enost, da bi se vam pridru\u017eil ve\u010dji sponzor in bi bile va\u0161e smu\u010di polepljene z njegovo znamko. Je to \u0161e mogo\u010de?<\/p>\n<p>Mogo\u010de je, vendar se navadno vse kon\u010da pri denarju. Imeli smo resnega interesenta, ki je bil \u017ee prisoten v smu\u010darskih skokih. Prej je na sezono pla\u010deval milijon evrov ali ve\u010d, pri nas pa je \u017eelel vse dobiti za polovico manj. Morda so nas imeli nekoliko za Balkance in so mislili, da bodo pri\u0161li poceni skozi.<\/p>\n<p>&#8220;Videli bomo, kaj bo na koncu prevladalo \u2013 kakovost smu\u010di ali debelina kuverte.&#8221;<\/p>\n<p>Nekje mora biti meja. Da bi mi samo delali, skakalci bi dobivali bonuse, nam pa bi ostali delo in obveznosti, nima smisla. Rok Urbanc in Urban Remic \u017ee zdaj opravljata ogromno dela. \u010ce bi zaradi dodatnih obveznosti padla kakovost podpore Domnu, Niki Prevc, \u017dabi (An\u017eetu Lani\u0161ku, op. a.) in drugim, si tega ne \u017eelimo.<\/p>\n<p>\u010ce bi pri\u0161el partner, s katerim bi bili vsi zadovoljni, bi bilo druga\u010de. Ne bomo pa \u0161li v projekt, pri katerem bi na koncu sezone zaslu\u017eili nekaj tiso\u010d evrov, vmes pa si ustvarili deset novih te\u017eav.<\/p>\n<p>Do kdaj je idealno, da se skakalec odlo\u010di za zamenjavo proizvajalca smu\u010di pred novo sezono?<\/p>\n<p>\u017delimo si, da se odlo\u010dijo pred za\u010detkom treningov na ledeni smu\u010dini, torej nekje do oktobra. V resnici bodo odlo\u010ditve padale \u017ee zdaj oziroma do sredine avgusta. Do takrat preizku\u0161ajo razli\u010dne mo\u017enosti.<\/p>\n<p>Konkurenca maha s kuvertami, zato se vse skupaj podalj\u0161uje. Na nekatere\u00a0skakalce\u00a0so \u017ee marca na Norve\u0161kem pritiskali, naj pogodbe podpi\u0161ejo vnaprej. Po eni strani je to ne\u0161portno, po drugi pa poslovno razumljivo. \u010ce je nekdo vlo\u017eil veliko denarja, bo naredil vse, da izpolni zastavljene cilje.<\/p>\n<p>Zanimivo je, da zdaj lovijo tudi skakalce, ki \u017eelijo priti k nam, ker pri njih niso bili zadovoljni. Potem trenerji hodijo k nam in tarnajo, da njihove smu\u010di ne delujejo. Sami ste jih \u017eeleli, zdaj jih imate, jim pravim.<\/p>\n<p><img decoding=\"async\" alt=\"Petru Slatnarju veliko pomagata tudi nekdanja skakalca Rok Urbanc in Urban Remic (na sliki desno). | Foto: Jaka Lopati\u010d\" class=\"article_content__inline_image js_imageLightbox is-clickable\" data-author=\"Jaka Lopati\u010d\" data-caption=\"Petru Slatnarju veliko pomagata tudi nekdanja skakalca Rok Urbanc in Urban Remic (na sliki desno).\" data-height=\"3024\" data-href=\"https:\/\/siol.net\/media\/img\/36\/69\/b6bcd7f790602bac0f12-peter-slatnar-urban-remic.png\" data-width=\"3700\" loading=\"lazy\" src=\"\/media\/img\/66\/e7\/bc19d4ad2e0afeedb595-peter-slatnar-urban-remic.png\" title=\"Peter Slatnar Urban Remic\"\/><\/p>\n<p> Petru Slatnarju veliko pomagata tudi nekdanja skakalca Rok Urbanc in Urban Remic (na sliki desno).<br \/>\n Foto: Jaka Lopati\u010d <\/p>\n<p>Poleg Poljakov se v zakulisju omenjajo tudi nekateri Avstrijci. Kako resno je njihovo zanimanje za va\u0161e smu\u010di Slatnar?<\/p>\n<p>Dva svojo namero zelo dobro skrivata, zato ne bi rad razkrival imen. Pri Poljakih je poleg Zyle torej v igri \u0161e Kubacki. Z na\u0161imi smu\u010dkami\u00a0je bil zelo zadovoljen, vendar preizku\u0161a tudi Fischerjevo. Ne vem natan\u010dno, koliko trenutno ska\u010de z na\u0161imi.<\/p>\n<p>Smu\u010di preizku\u0161ata tudi dva ali\u00a0trije Avstrijci. Dva sta veliki imeni. Na\u0161a pobo\u017ena \u017eelja je, da bi dobili vsaj enega vrhunskega Avstrijca. Videli bomo, kaj bo na koncu prevladalo \u2013 kakovost smu\u010di ali debelina kuverte.<\/p>\n<p>Eden je na\u0161e smu\u010dke zelo pohvalil.\u00a0\u010ce bo ugotovil, da je toliko bolj\u0161a, se bo morda ne glede na denar odlo\u010dil zanjo.<\/p>\n<p>Ko kakovost tekmuje z denarjem<\/p>\n<p>So ve\u010dji proizvajalci smu\u010di posku\u0161ali po olimpijski sezoni pridobiti tudi katerega od slovenskih skakalcev?<\/p>\n<p>Tega niti ne vem, ker fantov ne spra\u0161ujem. Skoraj zagotovo je kdo poskusil, vendar so na\u0161i trenerji in skakalci zreli. Morda bi bilo zanje tudi nekoliko preve\u010d tvegano, da bi za\u010deli preizku\u0161ati nekaj povsem novega.<\/p>\n<p>Po drugi strani ima skakalec omejeno tekmovalno obdobje in razumem, da mora v tem \u010dasu nekaj zaslu\u017eiti ter si ustvariti osnovo za \u017eivljenje po karieri.<\/p>\n<p>Kaj vam zanimanje velikih skakalnih nacij pove o polo\u017eaju va\u0161ih smu\u010di? Ste pred desetimi leti, ko ste prevzeli Elanove skakalne smu\u010di, pri\u010dakovali, da boste danes tukaj?<\/p>\n<p>Vedno upa\u0161 in pri\u010dakuje\u0161, a je realnost pogosto druga\u010dna in kruta. Bonusov ne ponujamo, pa imamo kljub temu zelo veliko skakalcev. Morda je to celo ravno pravo \u0161tevilo.<\/p>\n<p>Zanimanje je potrditev, da delamo pravilno. Smu\u010di so tako dobre in konkuren\u010dne, da se nekateri fantje odlo\u010dijo za smu\u010dke in ne za kuverto. Sem \u017ee velikokrat izustil besedo kuverta (smeh, op. a.)? To je veliko priznanje, hkrati pa ni obmo\u010dje udobja, v katerem bi lahko zaspali. Obveza je zaradi tega \u0161e ve\u010dja.<\/p>\n<p>Vse smu\u010di na najvi\u0161ji ravni so dobre, da ne bo pomote. \u010ce prave smu\u010dke ponudi\u0161 pravemu tekmovalcu in sestavi\u0161 najbolj\u0161o kombinacijo smu\u010di, \u010devljev, vezi in skakalca, je skoraj vseeno, kako so smu\u010dke\u00a0pobarvane.<\/p>\n<p>Pri nas smo znani po tem, da se potrudimo in vsakemu izdelamo smu\u010dke posebej. Pri drugih proizvajalcih se dogaja, da skakalec vzame smu\u010dke svojega reprezentan\u010dnega kolega, ker je toliko bolj\u0161a od njegove.<\/p>\n<p>Poznam primer, ko je skakalec uporabljal smu\u010dke, ki so bile\u00a0izdelane za enega od velikanov smu\u010darskih skokov\u00a0in so mu bile\u00a0podarjene. Ko je zastopnik proizvajalca preveril serijsko \u0161tevilko, je snel okovje, pobral smu\u010dke in jih odnesel v kombi. Tega ne razumem. \u010ce bi jaz videl, da nekomu dolo\u010dene smu\u010dke delujejo, bi mu jih\u00a0pustil.<\/p>\n<p><img decoding=\"async\" alt=\"Peter Slatnar vedno prisko\u010di na pomo\u010d, tudi tujim skakalcem, kot je v primeru Kamila Stocha in Gregorja Deschwandna. | Foto: Guliverimage\" class=\"article_content__inline_image js_imageLightbox is-clickable\" data-author=\"Guliverimage\" data-caption=\"Peter Slatnar vedno prisko\u010di na pomo\u010d, tudi tujim skakalcem, kot je v primeru Kamila Stocha in Gregorja Deschwandna.\" data-height=\"2405\" data-href=\"https:\/\/siol.net\/media\/img\/73\/f9\/2e8f3b7843b603645eb8-peter-slatnar.jpeg\" data-width=\"3615\" loading=\"lazy\" src=\"\/media\/img\/24\/7c\/7af02ccf21ffabf1341c-peter-slatnar.jpeg\" title=\"Peter Slatnar\"\/><\/p>\n<p> Peter Slatnar vedno prisko\u010di na pomo\u010d, tudi tujim skakalcem, kot je v primeru Kamila Stocha in Gregorja Deschwandna.<br \/>\n Foto: Guliverimage <\/p>\n<p>Avstrijci in Nemci so hoteli Slatnarjevo znanje<\/p>\n<p>Velike reprezentance ne potrebujejo le opreme, ampak tudi znanje. So vas kdaj vabile, da bi zanje razvijali opremo?<\/p>\n<p>Seveda. Pred nekaj leti smo imeli resne pogovore z Avstrijci in Nemci. \u017deleli so, da bi jim pomagal razvijati opremo, predvsem vezi in podobne stvari. Finance ne bi bile te\u017eava. Pripravljeni so bili financirati tudi stroje in na prvi pogled je vse zvenelo odli\u010dno.<\/p>\n<p>Imel pa sem eno vpra\u0161anje: &#8220;Ali bi lahko to opremo uporabljali tudi slovenski skakalci?&#8221; Odgovorili so, da ne. Takrat je bilo zgodbe konec. Smo vendarle Slovenci in najprej \u017eelimo pomagati doma\u010dim.<\/p>\n<p>Poleg tega razvoj ne poteka na pritisk gumba. Ne more\u0161 naro\u010diti, da mora neka re\u0161itev delovati natanko dolo\u010denega dne. Vsak razvoj potrebuje \u010das, kot je potrebna nose\u010dnost, da se rodi otrok. Izdelati mora\u0161 prototipe in opraviti veliko testov na skakalnici.<\/p>\n<p>Ne more\u0161 nepreizku\u0161ene stvari kar ponuditi tekmovalcu. Posledice so lahko hude, lahko se zgodijo tudi po\u0161kodbe. \u010ce bi zaradi na\u0161e opreme nekoga po\u0161kodovali, bi hitro dobili oznako, da smo neprofesionalni in da se igramo z \u017eivljenji \u0161portnikov. V trenutku bi izni\u010dili vse dobro, kar smo zgradili.<\/p>\n<p><img decoding=\"async\" alt=\"Peter Slatnar | Foto: Grega Valan\u010di\u010d\" class=\"article_content__inline_image js_imageLightbox is-clickable\" data-author=\"Grega Valan\u010di\u010d\" data-caption=\"\" data-height=\"1600\" data-href=\"https:\/\/siol.net\/media\/img\/35\/f9\/439265202d4f144f569c-peter-slatnar.jpeg\" data-width=\"2400\" loading=\"lazy\" src=\"\/media\/img\/84\/49\/07d647ad2ff7d3daceb8-peter-slatnar.jpeg\" title=\"Peter Slatnar\"\/><\/p>\n<p> Foto: Grega Valan\u010di\u010d <\/p>\n<p>Za vas je zna\u010dilno, da ste pripravljeni pomagati tudi skakalcem drugih reprezentanc. Vam je kdo kdaj o\u010dital, da tekmecem pomagate preve\u010d?<\/p>\n<p>Kdo kdaj kaj pripomni, vendar vsi vedo, da najprej poskrbimo za na\u0161e skakalce in \u0161ele nato za druge.<\/p>\n<p>Za tuje skakalce smo na primer izdelali tudi kak\u0161en poseben del vezi po njihovih \u017eeljah. V\u010dasih gre za malenkosti, za katere mislijo, da jim bodo pomagale. \u010ce ne drugega, dobijo u\u010dinek placeba. Tak\u0161no re\u0161itev nato najprej preizkusimo pri na\u0161em tekmovalcu ni\u017ejega ranga. \u010ce ima dodano vrednost, jo dodelamo in je v naslednji sezoni na voljo vsem slovenskim skakalcem.<\/p>\n<p>Stochu in Deschwandnu je pomagal v klju\u010dnih trenutkih<\/p>\n<p>Ko ima skakalec te\u017eavo, se odzovete skoraj nagonsko. Tako ste na primer v zadnji sezoni sko\u010dili in tekli na letalnico v Oberstdorfu, da bi Domen Prevc dobil smu\u010dke. Juriju Tepe\u0161u ste neko\u010d uredili skakalne \u010devlje, da je lahko nastopil. Kaj pa pomo\u010d tujemu skakalcu?<\/p>\n<p>Spomnim se Kamila Stocha v Innsbrucku na novoletni turneji. Na treningu mu je po\u010dil plasti\u010dni nosilec \u010devlja. Rezervnega \u010devlja niso imeli. Rekel sem jim, naj mi prinesejo \u010develj, dal sem ga v avto in med vo\u017enjo poklical na\u0161e fante.<\/p>\n<p>Razlo\u017eil sem jim, kaj morajo narediti. Medtem ko sem se vozil, so re\u0161itev narisali, nato smo del izrezali, privija\u010dili in vse sestavili tako, da je delovalo. \u010cevelj sem nalo\u017eil nazaj v avto in se s Stochovimi serviserji sre\u010dal pribli\u017eno 20 minut pred njegovim nastopom.<\/p>\n<p>Kamil je nato dobil kvalifikacije, pozneje pa \u0161e novoletno turnejo.<\/p>\n<p><img decoding=\"async\" alt=\"Peter Slatnar je pomagal Kamilu Stochu, ko je bil v \u0161kripcih zaradi skakalnega \u010devlja. Po intervenciji slovenskega strokovnjaka je Poljak nato osvojil novoletno skakalno turnejo. | Foto: Reuters\" class=\"article_content__inline_image js_imageLightbox is-clickable\" data-author=\"Reuters\" data-caption=\"Peter Slatnar je pomagal Kamilu Stochu, ko je bil v \u0161kripcih zaradi skakalnega \u010devlja. Po intervenciji slovenskega strokovnjaka je Poljak nato osvojil novoletno skakalno turnejo.\" data-height=\"2992\" data-href=\"https:\/\/siol.net\/media\/img\/7c\/35\/1ace9193bec5ea2194d1-kamil-stoch.jpeg\" data-width=\"4496\" loading=\"lazy\" src=\"\/media\/img\/2d\/e8\/3533854a588a19a905b8-kamil-stoch.jpeg\" title=\"Kamil Stoch\"\/><\/p>\n<p> Peter Slatnar je pomagal Kamilu Stochu, ko je bil v \u0161kripcih zaradi skakalnega \u010devlja. Po intervenciji slovenskega strokovnjaka je Poljak nato osvojil novoletno skakalno turnejo.<br \/>\n Foto: Reuters <\/p>\n<p>Se vam je za pomo\u010d zahvalil?<\/p>\n<p>Vedno je znal pokazati hvale\u017enost. V Zakopanah je bil v prostoru, kjer so bili trenerji in pogostitev, tam pa je pred vsemi glasno povedal, kaj smo naredili, in se zahvalil.<\/p>\n<p>Na Poljskem zaradi njega u\u017eivam veliko spo\u0161tovanje med trenerji, tekmovalci in serviserji. Tam sem postal \u017ee nekoliko doma\u010d in se v\u010dasih po\u0161alim, da sem malo njihov.<\/p>\n<p>Dobro sodelujemo tudi z drugimi reprezentancami. Glavni trener Vladimirja Zografskega je bil prej v poljski reprezentanci ter tudi z njim smo dobro sodelovali in razvijali dolo\u010dene re\u0161itve. Nekateri so odprti in delijo ideje, druge reprezentance so bolj zadr\u017eane.<\/p>\n<p>Pomagali ste tudi \u0161vicarskemu skakalcu Gregorju Deschwandnu, ki je pozneje na leto\u0161njih olimpijskih igrah v Predazzu osvojil posami\u010dno medaljo. Kak\u0161na je bila sploh njegova te\u017eava?<\/p>\n<p>Med japonsko turnejo je ostal doma. Njegov trener Bine Nor\u010di\u010d je pri\u0161el do mene in dejal, da ne vedo ve\u010d, kaj naj naredijo. Gregor se na zaletni smu\u010dini ni po\u010dutil dobro in ni imel pravega ob\u010dutka.<\/p>\n<p>Rekel sem mu, naj prinese \u010devlje. Ko sta pri\u0161la, mi jih Gregor sprva skoraj ni \u017eelel pokazati, ker imajo skakalci na \u010devljih razli\u010dne predelave in neradi razkrivajo podrobnosti. Vpra\u0161al sem ga, ali ima \u0161e en par, \u010de bi prvega med popravilom uni\u010dil.<\/p>\n<p>Ko sem pogledal \u010develj, sem videl, da je bil podplat zvit kot gugalnica. Na zaletni smu\u010dini je to velika te\u017eava. \u010ce se \u010develj maje, skakalec ne more dobiti pravega ob\u010dutka.<\/p>\n<p>Nato je od\u0161el skakat v Planico. Z Jelkom Grosom sva se pogovarjala in vpra\u0161al me je, kaj se dogaja z Deschwandnom, ker ska\u010de povsem druga\u010de. Poklical sem Bineta in vpra\u0161al, ali je razlog v bolj\u0161em naletu ali v formi. Z veseljem mi je odgovoril, da je forma.<\/p>\n<p>Gregor se je za\u010del dvigovati in pridobivati samozavest. Del tega si lahko pripi\u0161emo tudi mi, ker smo mu pomagali najti spro\u017eilec in ob\u010dutek, ki ga je iskal.<\/p>\n<p>Kako se vam je pa on zahvalil?<\/p>\n<p>Ve\u010dkrat. Obljubil je tudi, da bo pri\u0161el na na\u0161e smu\u010di, vendar poznamo nadaljevanje zgodbe (smeh, op. a.). \u017de marca je podpisal pogodbo drugje. Nekateri zelo hitro pozabijo.<\/p>\n<p>&#8220;Obljubil je tudi, da bo pri\u0161el na na\u0161e smu\u010di, vendar poznamo nadaljevanje zgodbe (smeh, op. a.). \u017de marca je podpisal pogodbo drugje.&#8221;<\/p>\n<p>V \u0161ali re\u010dem: &#8220;Saj boste \u0161e imeli te\u017eavo, jaz imam dober spomin.&#8221; Nisem zamerljiv, da ne bo pomote. Vesel sem, ko fantje napredujejo. \u010ce smo jim pomagali stopiti eno stopnico vi\u0161je, toliko bolje.<\/p>\n<p>Ko te nekdo objame in ti re\u010de: &#8220;Hvala, ker si mi pomagal. Kaj lahko naredim zate?&#8221;,\u00a0mu odgovorim: &#8220;Saj si \u017ee naredil in osvojil medaljo.&#8221;<\/p>\n<p>To so pla\u010dila, ki imajo druga\u010dno vrednost. Ni vse merljivo z denarjem. Kaj ti pomaga denar, \u010de nima\u0161 zdravja ali drugih pomembnih stvari v \u017eivljenju?<\/p>\n<p>&#8220;Gre za igro ma\u010dke in mi\u0161i, ki ima svoj \u010dar&#8221;<\/p>\n<p>Nova sezona prina\u0161a spremembe pri opremi. Kaj bodo pomenile za vas kot proizvajalca smu\u010di, vezi \u2026?<\/p>\n<p>Omejili so \u010devlje. Ko omeji\u0161 en del opreme, mora\u0161 to nadomestiti pri smu\u010dkah, dresu ali tehniki. Celota je mo\u010dna toliko, kot je mo\u010dan njen naj\u0161ibkej\u0161i \u010dlen. \u010ce pose\u017ee\u0161 v enega, se lahko podre marsikaj drugega.<\/p>\n<p>Rok Urbanc, Urban Remic in fantje v Elanu imajo zato pri razvoju veliko izzivov. V\u010dasih \u017ee zavijamo levo, nato pride novo pravilo in moramo ostro zaviti desno. Treba se je neprestano prilagajati.<\/p>\n<p>Velikih sprememb sicer ni ogromno, nekaj pa jih je. Kontrolor opreme Mathias Hafele gre, vsaj po mojem mnenju, v pravo smer. \u017deli stvari zaostriti in spraviti pod nadzor, pri tem pa dela razumne korake.<\/p>\n<p>Ne vem natan\u010dno, kaj se bo zgodilo pri dresih. Pri smu\u010deh in \u010devljih \u017eeli stvari urediti. Te\u017eava je, da obstaja ogromno pravil, ki jih je skoraj nemogo\u010de nadzirati.<\/p>\n<p>&#8220;Upam, da bo Hafele zdr\u017eal vse pritiske ter vojne ve\u010djih in malo manj ve\u010djih reprezentanc.&#8221;<\/p>\n<p>Kontrolor se lahko osredoto\u010di na deset ali petnajst stvari, tekmovalci pa lahko i\u0161\u010demo luknje v 150 pravilih, \u010de nekoliko pretiravam. Skakalci in ekipe preu\u010dijo tudi kontrolorje. Ugotovijo, na kaj je nekdo osredoto\u010den, tam pazijo, pri drugih stvareh pa gredo do skrajne meje \u2013 nekateri tudi \u010dez.<\/p>\n<p>Gre za igro ma\u010dke in mi\u0161i, ki ima svoj \u010dar. Te\u017eava nastane, ko se vse dramati\u010dno predstavi in dobimo afere, ki jih ne potrebujemo.<\/p>\n<p>V na\u0161em interesu je, da imamo jasna pravila in enake pogoje za vse. Za\u010detek sezone grand prixa bo zelo zanimiv, boste videli. Na prvih dveh tekmah se lahko med najbolj\u0161ih deset ali petnajst uvrstijo tudi nekateri manj uveljavljeni skakalci, podobno kot lani.<\/p>\n<p>Ko imajo vsi pribli\u017eno enake pogoje, se lahko v ospredju pojavijo Kazahstanci in drugi. Lani so bili Japonci skupinsko zelo dobri. Ves svet se je z dresi pribli\u017eal njim in so skakalci dale\u010d. Nato nekateri ugotovijo, kam pes taco moli, in se spet odlepijo.<\/p>\n<p>Upam, da bo Hafele zdr\u017eal vse pritiske ter vojne ve\u010djih in malo manj ve\u010djih reprezentanc. Njegova naloga je, da razmere pribli\u017ea enakopravnosti. Verjetno nanj pritiskajo tudi najve\u010dji, ki ta \u0161port financirajo in vanj najve\u010d vlagajo.<\/p>\n<p>Vas pri FIS pred sprejetjem pravil vpra\u0161ajo za mnenje?<\/p>\n<p>Veliko se pogovarjamo, vendar so bili sestanki letos zaprti in proizvajalcev opreme niso spustili zraven. Najprej nas izlo\u010dijo, nato pa spra\u0161ujejo za mnenje, ko stvari zapletejo\u2026<\/p>\n<p><img decoding=\"async\" alt=\"Peter Slatnar ter vodja za smu\u010darske skoke in nordijsko kombinacijo na Smu\u010darski zvezi Slovenije Gorazd Pogorel\u010dnik | Foto: Grega Valan\u010di\u010d\" class=\"article_content__inline_image js_imageLightbox is-clickable\" data-author=\"Grega Valan\u010di\u010d\" data-caption=\"Peter Slatnar ter vodja za smu\u010darske skoke in nordijsko kombinacijo na Smu\u010darski zvezi Slovenije Gorazd Pogorel\u010dnik\" data-height=\"1600\" data-href=\"https:\/\/siol.net\/media\/img\/c3\/bb\/ca47fd89aafba879d3a0-peter-slatnar-gorazd-pogorelcnik.jpeg\" data-width=\"2400\" loading=\"lazy\" src=\"\/media\/img\/de\/1b\/9733c9fc99ff2dc679df-peter-slatnar-gorazd-pogorelcnik.jpeg\" title=\"Peter Slatnar Gorazd Pogorel\u010dnik\"\/><\/p>\n<p> Peter Slatnar ter vodja za smu\u010darske skoke in nordijsko kombinacijo na Smu\u010darski zvezi Slovenije Gorazd Pogorel\u010dnik<br \/>\n Foto: Grega Valan\u010di\u010d <\/p>\n<p>Letos sem imel na primer \u017ee rezerviran hotel v Pragi, kjer bi moral biti sestanek. Ko sem se usedel v avto, me je poklical Gorazd Pogorel\u010dnik in povedal, da nima smisla, da se vozim, ker bo sestanek zaprt.<\/p>\n<p>Hotel sem \u017ee pla\u010dal. Vsaj pri gorivu sem prihranil, \u010de se nekoliko po\u0161alim. Sprejme\u0161, da je tako, \u010deprav tak\u0161en na\u010din ni najbolj logi\u010den.<\/p>\n<p>Kdaj pa ste nazadnje sami preizkusili svoje smu\u010di?<\/p>\n<p>Pred dvema letoma sem sko\u010dil na veteranski tekmi v Planici. Leta 2027 bo na \u0160vedskem veteranska olimpijada. Dogovorili smo se, da gremo na tekmo. Tudi sam bom nastopil. Saj \u0161e nismo stari (smeh, op. a.).<\/p>\n<p>&#8220;Dedki smo za traparije&#8221;<\/p>\n<p>Niste \u0161e stari, ste pa \u017ee dedek. Obe h\u010derki imata otroka, tako da imate vnuka in vnukinjo. Kaj sta prinesla v va\u0161e \u017eivljenje?<\/p>\n<p>Kmalu bosta stara dve leti. Ko ju dobim v varstvo, je veliko veselje. Zdaj \u010dakam, da bosta nekoliko starej\u0161a in bolj dovzetna za traparije. Dedki smo vendarle za to (smeh, op. a.). To je na\u0161a naloga. Seveda pa je predvsem veliko veselje.<\/p>\n<p>Glede na to, da je Robert Hrgota partner va\u0161e h\u010derke Talite, ki dela tudi v va\u0161em podjetju, bo vsaj eden od otrok te\u017eko ob\u0161el smu\u010darske skoke. Bi ju podprli, \u010de bi se neko\u010d odlo\u010dila za ta \u0161port?<\/p>\n<p>Ni\u010d ni narobe, \u010de bosta poskusila, vendar ju ne bomo silili. Najve\u010dja napaka je, da otrok \u017eivi sanje star\u0161ev ali dedkov.<\/p>\n<p><img decoding=\"async\" alt=\"Peter Slatnar in Robert Hrgota sta povezana tudi dru\u017einsko, saj je glavni trener slovenske skakalne reprezentance partner njegove h\u010derke Talite, s katero imata dveletnega sina Izaka. | Foto: Guliverimage\" class=\"article_content__inline_image js_imageLightbox is-clickable\" data-author=\"Guliverimage\" data-caption=\"Peter Slatnar in Robert Hrgota sta povezana tudi dru\u017einsko, saj je glavni trener slovenske skakalne reprezentance partner njegove h\u010derke Talite, s katero imata dveletnega sina Izaka.\" data-height=\"2194\" data-href=\"https:\/\/siol.net\/media\/img\/18\/2d\/bf0e81c67adf3eb54e50-peter-slatnar.jpeg\" data-width=\"3392\" loading=\"lazy\" src=\"\/media\/img\/fb\/a6\/b8922822e49f11378191-peter-slatnar.jpeg\" title=\"Peter Slatnar\"\/><\/p>\n<p> Peter Slatnar in Robert Hrgota sta povezana tudi dru\u017einsko, saj je glavni trener slovenske skakalne reprezentance partner njegove h\u010derke Talite, s katero imata dveletnega sina Izaka.<br \/>\n Foto: Guliverimage <\/p>\n<p>Poznam kar nekaj tekmovalcev, pri katerih so bili star\u0161i bolj ambiciozni kot otroci. To potem postane mladostni\u0161ko su\u017eenjstvo. Tak\u0161en pristop ni pravilen.<\/p>\n<p>\u010ce star\u0161 sam ni dosegel vsega, kar si je \u017eelel, tega ne sme nadome\u0161\u010dati skozi otroka. Otrok mora po\u010deti tisto, kar ga veseli, star\u0161i in stari star\u0161i pa ga morajo pri tem podpirati, \u010de le lahko.<\/p>\n","protected":false},"excerpt":{"rendered":"Le \u0161e dva tedna nas lo\u010dita od za\u010detka poletne velike nagrade. Po sanjski sezoni Domna in Nike Prevc&hellip;\n","protected":false},"author":2,"featured_media":163115,"comment_status":"","ping_status":"","sticky":false,"template":"","format":"standard","meta":{"footnotes":"","_share_on_mastodon":"0"},"categories":[16],"tags":[14660,535,41130,534,7667,18305,62,14754,37,58,60,38,533,2224,94,93],"class_list":["post-163114","post","type-post","status-publish","format-standard","has-post-thumbnail","category-sport","tag-dawid-kubacki","tag-domen-prevc","tag-grand-prix","tag-nika-prevc","tag-peter-slatnar","tag-piotr-zyla","tag-si","tag-slatnar-smuci","tag-slovene","tag-slovenia","tag-slovenija","tag-slovenscina","tag-smucarski-skoki","tag-sobotni-intervju","tag-sport","tag-sports"],"share_on_mastodon":{"url":"https:\/\/pubeurope.com\/@si\/116939521438993769","error":""},"_links":{"self":[{"href":"https:\/\/www.europesays.com\/si\/wp-json\/wp\/v2\/posts\/163114","targetHints":{"allow":["GET"]}}],"collection":[{"href":"https:\/\/www.europesays.com\/si\/wp-json\/wp\/v2\/posts"}],"about":[{"href":"https:\/\/www.europesays.com\/si\/wp-json\/wp\/v2\/types\/post"}],"author":[{"embeddable":true,"href":"https:\/\/www.europesays.com\/si\/wp-json\/wp\/v2\/users\/2"}],"replies":[{"embeddable":true,"href":"https:\/\/www.europesays.com\/si\/wp-json\/wp\/v2\/comments?post=163114"}],"version-history":[{"count":0,"href":"https:\/\/www.europesays.com\/si\/wp-json\/wp\/v2\/posts\/163114\/revisions"}],"wp:featuredmedia":[{"embeddable":true,"href":"https:\/\/www.europesays.com\/si\/wp-json\/wp\/v2\/media\/163115"}],"wp:attachment":[{"href":"https:\/\/www.europesays.com\/si\/wp-json\/wp\/v2\/media?parent=163114"}],"wp:term":[{"taxonomy":"category","embeddable":true,"href":"https:\/\/www.europesays.com\/si\/wp-json\/wp\/v2\/categories?post=163114"},{"taxonomy":"post_tag","embeddable":true,"href":"https:\/\/www.europesays.com\/si\/wp-json\/wp\/v2\/tags?post=163114"}],"curies":[{"name":"wp","href":"https:\/\/api.w.org\/{rel}","templated":true}]}}