{"id":163256,"date":"2026-07-18T09:05:07","date_gmt":"2026-07-18T09:05:07","guid":{"rendered":"https:\/\/www.europesays.com\/si\/163256\/"},"modified":"2026-07-18T09:05:07","modified_gmt":"2026-07-18T09:05:07","slug":"nika-kovac-reviji-demokracija-kalimerovsko-grozi-z-odvetniki","status":"publish","type":"post","link":"https:\/\/www.europesays.com\/si\/163256\/","title":{"rendered":"Nika Kova\u010d reviji Demokracija kalimerovsko grozi z odvetniki"},"content":{"rendered":"<p>Zadnja \u0161tevilka Demokracije, pravzaprav njena naslovnica, je o\u010ditno krepko dvignila prah med levi\u010darji. Oznaka nevladnikov, da so \u00bbsesalci javnega denarja\u00ab, \u0161e kako boli.<\/p>\n<p>Zaradi tega napovedujejo tudi to\u017ebe. Kar za Demokracijo ne bi bilo prvi\u010d in tudi ne zadnji\u010d. Najprej se je oglasila Asta Vre\u010dko, ki je na ministrstvu za kulturo pustila katastrofalno finan\u010dno zapu\u0161\u010dino, zdaj pa se razburja, ker je ministrstvo za\u010delo zapirati pipice za razne \u00bbpermormer-umetnike\u00ab. Nato se je oglasila \u0161e Nika Kova\u010d, ki da bo zadevo predala odvetnikom. No, Boris Toma\u0161i\u010d je na zapis Aste Vre\u010dko odgovoril: \u00bbKako je \u017ee tista z ma\u010dkom, ki cvili? Sicer pa hvala za reklamo.\u00ab In to dr\u017ei: to\u017ebe, ki jih vlagajo proti medijem, dvigajo prodajo, zato se na tem mestu Asti Vre\u010dko, Niki Kova\u010d in ostalim nevladnikom lepo zahvaljujemo.<\/p>\n<p>\u00a0<\/p>\n<p dir=\"ltr\" lang=\"sl\">Kako je \u017ee tista z ma\u010dkom, ki cvili? Sicer pa hvala za reklamo. <a href=\"https:\/\/t.co\/IFJYjwcNUY\" rel=\"nofollow\">https:\/\/t.co\/IFJYjwcNUY<\/a><\/p>\n<p>\u2014 Boris Toma\u0161i\u010d (@NeMaramButlov) <a href=\"https:\/\/x.com\/NeMaramButlov\/status\/2077800603221196801?ref_src=twsrc%5Etfw\" rel=\"nofollow\">July 16, 2026<\/a><\/p>\n<p>Slabo pregledno financiranje<\/p>\n<p>In zaradi \u010desa bi radi to\u017eili Demokracijo? Bojda zaradi navedbe, da se financirajo na ra\u010dun davkopla\u010devalcev. \u010ce\u0161, od dr\u017eave niso dobili ni\u010desar. Toda po drugi strani je prej\u0161nja koalicija preko svojih zvez v Bruslju poskrbela tudi za \u00bbpeneze\u00ab iz evropskega prora\u010duna, v katerega prav tako vpla\u010dujemo tudi slovenski davkopla\u010devalci. Tu velja omeniti sicer \u0161e mednarodne prihodke iz Sorosovih skladov.<\/p>\n<p>Toda poglejmo, kako stvari v resnici stojijo. Marca letos je na spletni strani Spletni \u010dasopis Peter Jan\u010di\u010d objavil ob\u0161iren \u010dlanek \u00bbSkoraj 3 milijone padlo na ra\u010duna Nike Kova\u010d v \u010dasu Golobove vlade!\u00ab o financiranju levi\u010darskih nevladnikov. Jan\u010di\u010d je sicer od nedavnega spet urednik portala Siol. Je pa \u010dlanek podkrepljen z objavo originalne dokumentacije. Jan\u010di\u010d je namre\u010d od Ajpesa dobil podatek, da je In\u0161titut 8. marec, eden glavnih propagandnih podpornikov Golobove Svobode, skupaj z zavodom, ki propagira akcijo \u00bbMy voice my choise\u00ab, dobil skoraj tri milijone evrov dotacij od leta 2022 do letos.<\/p>\n<p>Ob tem velja spomniti, da levji dele\u017e tega denarja prihaja iz tujine, na ta na\u010din pa si lahko stranke prej\u0161nje vladne koalicije operejo roke, \u010de\u0161 nismo se nezakonito financirali iz tujine. Zato pa nevladne organizacije, ki dobivajo ta denar, ki ga nato uporabljajo za neformalno predvolilno kampanjo, predstavljajo obvodno financiranje teh strank. \u00bbLetna vsota, ki jo zbereta Zavoda 8. marec in My voice, my choice krepko presega dovoljeno porabo za kampanjo posamezne politi\u010dne stranke, ki zna\u0161a za tokratne volitve poslancev 678.000 evrov. Letni prihodki presegajo tudi letne prora\u010dune ve\u010dine politi\u010dnih strank pri nas. Gre za sistemski obvod zakonodaje, ki omogo\u010da, da se prek \u2018civilne dru\u017ebe\u2019 v volitve vbrizgava milijone evrov nepreglednega denarja, medtem ko so stranke omejene,\u00ab je zapisal Jan\u010di\u010d.<\/p>\n<p>Koliko so dobili od dr\u017eavnih podjetij?<\/p>\n<p>Tu se postavlja tudi vpra\u0161anje, ali v tako nepreglednem sistemu financiranja tovrstne zavode financirajo tudi podjetja, ki so (delno) v dr\u017eavni lasti, in sicer preko \u00bbobvodnih\u00ab podjetij, ki so prijavljena na istem naslovu kot velika dr\u017eavna podjetja. Pred letom 2022 In\u0161titut 8. marec ni imel omembe vrednih prihodkov.<\/p>\n<p>Mimogrede: naziv \u00bbin\u0161titut\u00ab je dejansko zavajajo\u010d, saj ne gre za znanstveno institucijo, iz finan\u010dnega poro\u010dila je to tudi razvidno. Ti zavodi namre\u010d nimajo zaposlenih in dejansko ne pla\u010dujejo davkov za zaposlene. Pa\u010d pa gre za by-pass pomo\u010d strankam, kar se je zgodilo tik pred leto\u0161njimi volitvami z lansiranjem konstrukta \u00bbBlack Cube\u00ab. S tem stranke, kot je Svoboda, lahko preko nevladnikov izvajajo kampanje, ki so za stranke sicer nezakonite. \u00bbMilijoni, ki se stekajo na ra\u010dune teh zavodov, se verjetno prelivajo preko avtorskih in podjemnih pogodb ali neposrednih pla\u010dil storitev, s \u010dimer se spretno izognejo visokim obdav\u010ditvam dela, ki jih ista vlada nalaga vsem ostalim podjetnikom in delavcem,\u00ab je takrat zapisal Jan\u010di\u010d.<\/p>\n<p>Nekaj je jasno: histerija globoke dr\u017eave v zadnjem \u010dasu je predvsem posledica dejstva, da je sedanja vlada o\u010ditno za\u010dela z revizijo poslovanja prej\u0161nje vlade. Zagotovo bodo rezultati zelo zanimivi, prav razkritja le-teh pa se tranzicijska levica boji kot hudi\u010d kri\u017ea. Navsezadnje pa gre za na\u0161, torej davkopla\u010devalski denar.<\/p>\n<p>Ga\u0161per Bla\u017ei\u010d<\/p>\n<p>\u00a0<\/p>\n<p dir=\"ltr\" lang=\"sl\">DEMOKRACIJA TEDNIK REVIJA V novi \u0161t. revije <a href=\"https:\/\/x.com\/Demokracija1?ref_src=twsrc%5Etfw\" rel=\"nofollow\">@Demokracija1<\/a> preberite: Finan\u010dni okostnjaki Golobove <a href=\"https:\/\/x.com\/vladaRS?ref_src=twsrc%5Etfw\" rel=\"nofollow\">@vladaRS<\/a> padajo iz omar! Poteka temeljita revizija delovanja ministrstev pod prej\u0161njo vlado!; Prej\u0161nja ministrica za kulturo <a href=\"https:\/\/x.com\/AstaVrecko?ref_src=twsrc%5Etfw\" rel=\"nofollow\">@AstaVrecko<\/a> je ministrstvo za kulturo spravila na kant!\u2026 <a href=\"https:\/\/t.co\/D7aNET4Sw0\" rel=\"nofollow\">pic.twitter.com\/D7aNET4Sw0<\/a><\/p>\n<p>\u2014 Metod Berlec (@Metod_Berlec) <a href=\"https:\/\/x.com\/Metod_Berlec\/status\/2077639565498601914?ref_src=twsrc%5Etfw\" rel=\"nofollow\">July 16, 2026<\/a><\/p>\n<p><script async src=\"https:\/\/platform.twitter.com\/widgets.js\" charset=\"utf-8\"><\/script><\/p>\n","protected":false},"excerpt":{"rendered":"Zadnja \u0161tevilka Demokracije, pravzaprav njena naslovnica, je o\u010ditno krepko dvignila prah med levi\u010darji. Oznaka nevladnikov, da so \u00bbsesalci&hellip;\n","protected":false},"author":2,"featured_media":163257,"comment_status":"","ping_status":"","sticky":false,"template":"","format":"standard","meta":{"footnotes":"","_share_on_mastodon":"0"},"categories":[8],"tags":[2267,7251,42564,19274,496,37,38,64,2269,63],"class_list":["post-163256","post","type-post","status-publish","format-standard","has-post-thumbnail","category-svet","tag-demokracija","tag-izpostavljeno","tag-kulturniki","tag-nevladne-organizacije","tag-nika-kovac","tag-slovene","tag-slovenscina","tag-svet","tag-tozba","tag-world"],"share_on_mastodon":{"url":"https:\/\/pubeurope.com\/@si\/116940185587865378","error":""},"_links":{"self":[{"href":"https:\/\/www.europesays.com\/si\/wp-json\/wp\/v2\/posts\/163256","targetHints":{"allow":["GET"]}}],"collection":[{"href":"https:\/\/www.europesays.com\/si\/wp-json\/wp\/v2\/posts"}],"about":[{"href":"https:\/\/www.europesays.com\/si\/wp-json\/wp\/v2\/types\/post"}],"author":[{"embeddable":true,"href":"https:\/\/www.europesays.com\/si\/wp-json\/wp\/v2\/users\/2"}],"replies":[{"embeddable":true,"href":"https:\/\/www.europesays.com\/si\/wp-json\/wp\/v2\/comments?post=163256"}],"version-history":[{"count":0,"href":"https:\/\/www.europesays.com\/si\/wp-json\/wp\/v2\/posts\/163256\/revisions"}],"wp:featuredmedia":[{"embeddable":true,"href":"https:\/\/www.europesays.com\/si\/wp-json\/wp\/v2\/media\/163257"}],"wp:attachment":[{"href":"https:\/\/www.europesays.com\/si\/wp-json\/wp\/v2\/media?parent=163256"}],"wp:term":[{"taxonomy":"category","embeddable":true,"href":"https:\/\/www.europesays.com\/si\/wp-json\/wp\/v2\/categories?post=163256"},{"taxonomy":"post_tag","embeddable":true,"href":"https:\/\/www.europesays.com\/si\/wp-json\/wp\/v2\/tags?post=163256"}],"curies":[{"name":"wp","href":"https:\/\/api.w.org\/{rel}","templated":true}]}}