{"id":163412,"date":"2026-07-18T12:44:11","date_gmt":"2026-07-18T12:44:11","guid":{"rendered":"https:\/\/www.europesays.com\/si\/163412\/"},"modified":"2026-07-18T12:44:11","modified_gmt":"2026-07-18T12:44:11","slug":"ce-odhajate-proti-splitu-velja-biti-pozoren-siri-se-neprijetna-okuzba","status":"publish","type":"post","link":"https:\/\/www.europesays.com\/si\/163412\/","title":{"rendered":"\u010ce odhajate proti Splitu, velja biti pozoren &#8211; \u0161iri se neprijetna oku\u017eba"},"content":{"rendered":"<p>V Splitu se \u0161iri oku\u017eba z impetigom, povr\u0161insko bakterijsko ko\u017eno oku\u017ebo, ki se najpogosteje pojavlja pri otrocih, predvsem okoli nosu in ust.<\/p>\n<p>Dalmacija Danas poro\u010da, da so v zadnjih dneh \u010dakalnice v pediatri\u010dnih ambulantah vse bolj polne.<\/p>\n<p>Oku\u017eba se za\u010dne kot majhna rana ali mehur\u010dek, ki po razpoku pusti prepoznavno rumenkasto \u00bbmedeno\u00ab skorjo.<\/p>\n<p class=\"SEClass1\">Ker se oku\u017eba hitro \u0161iri, je treba posebno pozornost nameniti higieni. Impetigo se prena\u0161a z neposrednim stikom s spremembami na ko\u017ei, pa tudi posredno preko predmetov, ki jih otrok uporablja, kot so brisa\u010de, igra\u010de ali posteljnina.\u00a0\u010ce se ne zdravi pravo\u010dasno, se lahko raz\u0161iri po telesu.<\/p>\n<p>Zato je treba ko\u017eo ohranjati \u010disto, rane ne dotikati in redno prati roke. Prav tako je pomembno, da se osebnih predmetov ne deli. Osebe z impetigom naj se izogibajo kopanju v morju, saj lahko slana voda dodatno dra\u017ei \u017ee prizadeto ko\u017eo.<\/p>\n<p>Treba je paziti tudi na sonce, saj obstaja mo\u017enost postvnetnih hiperpigmentacij.<\/p>\n<p>\u00bbSladke skorje so ena vrsta impetiga oziroma bakterijske oku\u017ebe in \u010de se te skorje lu\u0161\u010dijo ali dotikajo, se lahko prena\u0161ajo po telesu, prav tako na druge osebe, kar se najpogosteje dogaja v dru\u017eini, ko si otroci med seboj prena\u0161ajo oku\u017ebo. Zdravljenje je zelo u\u010dinkovito, obstajajo razku\u017eila, s katerimi se te skorje lahko zdravijo. Priporo\u010da se, da se prizadeto obmo\u010dje nekoliko pokrije, da otrok ne bi trgal skorij, \u010de pa se oku\u017eba zelo raz\u0161iri po telesu, se lahko predpi\u0161e tudi antibiotik peroralno,\u00ab je pojasnila\u00a0dr. Diana Nonkovi\u0107, epidemiologinja NZJZ Splitsko-dalmatinske \u017eupanije.<\/p>\n","protected":false},"excerpt":{"rendered":"V Splitu se \u0161iri oku\u017eba z impetigom, povr\u0161insko bakterijsko ko\u017eno oku\u017ebo, ki se najpogosteje pojavlja pri otrocih, predvsem&hellip;\n","protected":false},"author":2,"featured_media":163413,"comment_status":"","ping_status":"","sticky":false,"template":"","format":"standard","meta":{"footnotes":"","_share_on_mastodon":"0"},"categories":[8],"tags":[42590,3424,503,37,38,328,64,63],"class_list":["post-163412","post","type-post","status-publish","format-standard","has-post-thumbnail","category-svet","tag-impetigo","tag-okuzba","tag-otroci","tag-slovene","tag-slovenscina","tag-split","tag-svet","tag-world"],"share_on_mastodon":{"url":"https:\/\/pubeurope.com\/@si\/116941046835400647","error":""},"_links":{"self":[{"href":"https:\/\/www.europesays.com\/si\/wp-json\/wp\/v2\/posts\/163412","targetHints":{"allow":["GET"]}}],"collection":[{"href":"https:\/\/www.europesays.com\/si\/wp-json\/wp\/v2\/posts"}],"about":[{"href":"https:\/\/www.europesays.com\/si\/wp-json\/wp\/v2\/types\/post"}],"author":[{"embeddable":true,"href":"https:\/\/www.europesays.com\/si\/wp-json\/wp\/v2\/users\/2"}],"replies":[{"embeddable":true,"href":"https:\/\/www.europesays.com\/si\/wp-json\/wp\/v2\/comments?post=163412"}],"version-history":[{"count":0,"href":"https:\/\/www.europesays.com\/si\/wp-json\/wp\/v2\/posts\/163412\/revisions"}],"wp:featuredmedia":[{"embeddable":true,"href":"https:\/\/www.europesays.com\/si\/wp-json\/wp\/v2\/media\/163413"}],"wp:attachment":[{"href":"https:\/\/www.europesays.com\/si\/wp-json\/wp\/v2\/media?parent=163412"}],"wp:term":[{"taxonomy":"category","embeddable":true,"href":"https:\/\/www.europesays.com\/si\/wp-json\/wp\/v2\/categories?post=163412"},{"taxonomy":"post_tag","embeddable":true,"href":"https:\/\/www.europesays.com\/si\/wp-json\/wp\/v2\/tags?post=163412"}],"curies":[{"name":"wp","href":"https:\/\/api.w.org\/{rel}","templated":true}]}}