{"id":163457,"date":"2026-07-18T13:56:09","date_gmt":"2026-07-18T13:56:09","guid":{"rendered":"https:\/\/www.europesays.com\/si\/163457\/"},"modified":"2026-07-18T13:56:09","modified_gmt":"2026-07-18T13:56:09","slug":"vodja-poslancev-cdu-csu-odstopil-po-razkritju-da-je-postal-oce-s-pomocjo-nadomestne-matere","status":"publish","type":"post","link":"https:\/\/www.europesays.com\/si\/163457\/","title":{"rendered":"Vodja poslancev CDU\/CSU odstopil po razkritju, da je postal o\u010de s pomo\u010djo nadomestne matere"},"content":{"rendered":"<p>\t\t\t\t\t\t\t\t<a href=\"https:\/\/www.europesays.com\/si\/wp-content\/uploads\/2026\/07\/67062362.jpg\" itemprop=\"contentUrl\" data-size=\"1200x800\" data-large=\"https:\/\/www.europesays.com\/si\/wp-content\/uploads\/2026\/07\/67062362.jpg\"><br \/>\n\t\t\t\t\t\t\t\t\t<img decoding=\"async\" src=\"https:\/\/www.europesays.com\/si\/wp-content\/uploads\/2026\/07\/67062362.jpg\" title=\"46-letni Spahn je bil vodja poslancev od maja lani, medtem ko je od leta 2018 do leta 2021 vodil ministrstvo za zdravje. Foto: Reuters\" alt=\"46-letni Spahn je bil vodja poslancev od maja lani, medtem ko je od leta 2018 do leta 2021 vodil ministrstvo za zdravje. Foto: Reuters\"\/><br \/>\n\t\t\t\t\t\t\t\t<\/a><\/p>\n<p>\t\t\t\t\t\t\t\t\t46-letni Spahn je bil vodja poslancev od maja lani, medtem ko je od leta 2018 do leta 2021 vodil ministrstvo za zdravje. Foto: Reuters<\/p>\n<p>\t\t\t\t\t\t\t<a id=\"preferredSourceBanner\" href=\"#\" target=\"_blank\" class=\"d-none align-items-center justify-content-between rounded my-3\" style=\"background-color: #F2F6FC; padding: 10px 15px;\"><br \/>\n\t\t\t\t\t\t<img decoding=\"async\" src=\"https:\/\/img.rtvslo.si\/_static\/novi\/img\/ico-google.svg\" class=\"flex-shrink-0 mr-3\" aria-hidden=\"true\"\/><br \/>\n\t\t\t\t\t\tSpremljajte RTVSLO.si kot prednostni vir na Google<\/p>\n<p>\t\t\t\t\t<\/a><\/p>\n<p>&#8220;V zadnjih dneh sem spoznal, da je moja osebna sre\u010da, ki jo \u010dutim ob ustvarjanju dru\u017eine z mo\u017eem in ob tem, da sem postal o\u010de, nezdru\u017eljiva z mojo politi\u010dno funkcijo,&#8221; je Spahn zapisal v pismu kolegom.<\/p>\n<p>Oglas<\/p>\n<p>Pred tem je v petkovem intervjuju za \u010dasopis Bild dejal, da se je dolgo bojeval sam s sabo, tudi glede vpra\u0161anja nadomestnega materinstva, preden se je odlo\u010dil, da bo imel otroka na ta na\u010din.<\/p>\n<p>Da sta z mo\u017eem postala star\u0161a otroku, ki ga je rodila nadomestna mati iz ZDA, je Spahn sporo\u010dil v sredo. Kmalu zatem se je zna\u0161el pod plazom kritik, sledili pa so tudi pozivi k njegovemu odstopu, tudi iz vrst njegove lastne stranke.<\/p>\n<p>Kot poro\u010da nem\u0161ka tiskovna agencija DPA, je danes postalo znano, da je Spahnov odstop zahteval nem\u0161ki kancler in vodja CDU-ja Friedrich Merz.<\/p>\n<p>V Nem\u010diji je nadomestno materinstvo prepovedano, kr\u0161ilcem pa grozi kazen do treh let zapora ali globa. CDU prepoved odlo\u010dno podpira, kar so znova potrdili na strankarskem kongresu februarja letos.<\/p>\n<p>Tudi Spahn je leta 2020, ko je bil zdravstveni minister, zavrnil poziv liberalne stranke FDP, da bi nekoliko omilili prepoved.<\/p>\n<p>\u010ceprav v Nem\u010diji tehni\u010dno ni prepovedano vzgajati otroka, ki je bil v tujini spo\u010det s pomo\u010djo nadomestne matere, pa Spahnu v ve\u010d strankah, vklju\u010dno z njegovim CDU-jem, o\u010ditajo dvojna merila.<\/p>\n<p>Oglas<\/p>\n","protected":false},"excerpt":{"rendered":"46-letni Spahn je bil vodja poslancev od maja lani, medtem ko je od leta 2018 do leta 2021&hellip;\n","protected":false},"author":2,"featured_media":163458,"comment_status":"","ping_status":"","sticky":false,"template":"","format":"standard","meta":{"footnotes":"","_share_on_mastodon":"0"},"categories":[3],"tags":[65,66,42605,42606,493,37,38],"class_list":["post-163457","post","type-post","status-publish","format-standard","has-post-thumbnail","category-evropa","tag-europe","tag-evropa","tag-jens-spahn","tag-nadomestno-materinstvo","tag-nemcija","tag-slovene","tag-slovenscina"],"share_on_mastodon":{"url":"https:\/\/pubeurope.com\/@si\/116941329954860541","error":""},"_links":{"self":[{"href":"https:\/\/www.europesays.com\/si\/wp-json\/wp\/v2\/posts\/163457","targetHints":{"allow":["GET"]}}],"collection":[{"href":"https:\/\/www.europesays.com\/si\/wp-json\/wp\/v2\/posts"}],"about":[{"href":"https:\/\/www.europesays.com\/si\/wp-json\/wp\/v2\/types\/post"}],"author":[{"embeddable":true,"href":"https:\/\/www.europesays.com\/si\/wp-json\/wp\/v2\/users\/2"}],"replies":[{"embeddable":true,"href":"https:\/\/www.europesays.com\/si\/wp-json\/wp\/v2\/comments?post=163457"}],"version-history":[{"count":0,"href":"https:\/\/www.europesays.com\/si\/wp-json\/wp\/v2\/posts\/163457\/revisions"}],"wp:featuredmedia":[{"embeddable":true,"href":"https:\/\/www.europesays.com\/si\/wp-json\/wp\/v2\/media\/163458"}],"wp:attachment":[{"href":"https:\/\/www.europesays.com\/si\/wp-json\/wp\/v2\/media?parent=163457"}],"wp:term":[{"taxonomy":"category","embeddable":true,"href":"https:\/\/www.europesays.com\/si\/wp-json\/wp\/v2\/categories?post=163457"},{"taxonomy":"post_tag","embeddable":true,"href":"https:\/\/www.europesays.com\/si\/wp-json\/wp\/v2\/tags?post=163457"}],"curies":[{"name":"wp","href":"https:\/\/api.w.org\/{rel}","templated":true}]}}