{"id":163485,"date":"2026-07-18T14:34:18","date_gmt":"2026-07-18T14:34:18","guid":{"rendered":"https:\/\/www.europesays.com\/si\/163485\/"},"modified":"2026-07-18T14:34:18","modified_gmt":"2026-07-18T14:34:18","slug":"na-jugu-norveske-v-pozaru-v-soseski-vrstnih-his-zgorelo-vec-kot-sto-domovanj","status":"publish","type":"post","link":"https:\/\/www.europesays.com\/si\/163485\/","title":{"rendered":"Na jugu Norve\u0161ke v po\u017earu v soseski vrstnih hi\u0161 zgorelo ve\u010d kot sto domovanj"},"content":{"rendered":"<p>\t\t\t\t\t\t\t\t<a href=\"https:\/\/www.europesays.com\/si\/wp-content\/uploads\/2026\/07\/67062369.jpg\" itemprop=\"contentUrl\" data-size=\"1200x800\" data-large=\"https:\/\/www.europesays.com\/si\/wp-content\/uploads\/2026\/07\/67062369.jpg\"><br \/>\n\t\t\t\t\t\t\t\t\t<img decoding=\"async\" src=\"https:\/\/www.europesays.com\/si\/wp-content\/uploads\/2026\/07\/67062369.jpg\" title=\"Norve\u0161ka. Foto: Reuters\" alt=\"Norve\u0161ka. Foto: Reuters\"\/><br \/>\n\t\t\t\t\t\t\t\t<\/a><\/p>\n<p>\t\t\t\t\t\t\t\t\tNorve\u0161ka. Foto: Reuters<\/p>\n<p>\t\t\t\t\t\t\t<a id=\"preferredSourceBanner\" href=\"#\" target=\"_blank\" class=\"d-none align-items-center justify-content-between rounded my-3\" style=\"background-color: #F2F6FC; padding: 10px 15px;\"><br \/>\n\t\t\t\t\t\t<img decoding=\"async\" src=\"https:\/\/img.rtvslo.si\/_static\/novi\/img\/ico-google.svg\" class=\"flex-shrink-0 mr-3\" aria-hidden=\"true\"\/><br \/>\n\t\t\t\t\t\tSpremljajte RTVSLO.si kot prednostni vir na Google<\/p>\n<p>\t\t\t\t\t<\/a><\/p>\n<p>Po\u017ear v mestu Krokstadelva pribli\u017eno 50 kilometrov zahodno od Osla je zajel sosesko vrstnih hi\u0161, z njim se je bojevalo pribli\u017eno 80 gasilcev, tudi s \u0161estimi helikopterji za ga\u0161enje.<\/p>\n<p>Oglas<\/p>\n<p>Gasilci so v soboto zjutraj sporo\u010dili, da je po\u017ear pod nadzorom, pri \u010demer \u0161e ni jasno, zakaj je zagorelo. <\/p>\n<p>En prebivalec je potreboval zdravni\u0161ko pomo\u010d zaradi vdihavanja dima, medtem ko je en gasilec utrpel la\u017eje po\u0161kodbe. O resnej\u0161ih po\u0161kodbah ne poro\u010dajo, prav tako ni prijav pogre\u0161anih ljudi.<\/p>\n<p>Policija je evakuirala na stotine ljudi, saj je ogenj \u0161e naprej gorel in se \u0161iril tudi na okoli\u0161ki gozd. Ob\u010dina je vzpostavila evakuacijske in podporne centre za tiste, ki so zaradi po\u017eara morali zapustiti domove.<\/p>\n<p>\t\t\t\t\t\t\t\t\t<a href=\"https:\/\/www.europesays.com\/si\/wp-content\/uploads\/2026\/07\/67062371.jpg\" data-size=\"1200x800\"><br \/>\n\t\t\t\t\t\t\t\t\t\t<img decoding=\"async\" src=\"https:\/\/www.europesays.com\/si\/wp-content\/uploads\/2026\/07\/67062371.jpg\" class=\"lazy\" alt=\" Foto: Reuters\"\/><br \/>\n\t\t\t\t\t\t\t\t\t<\/a><br \/>\n\t\t\t\t\t\t\t\t\t Foto: Reuters<\/p>\n<p>\t\t\t\t\t\t\t\t\t<a href=\"https:\/\/www.europesays.com\/si\/wp-content\/uploads\/2026\/07\/67062372.jpg\" data-size=\"1200x800\"><br \/>\n\t\t\t\t\t\t\t\t\t\t<img decoding=\"async\" src=\"https:\/\/www.europesays.com\/si\/wp-content\/uploads\/2026\/07\/67062372.jpg\" class=\"lazy\" alt=\" Foto: Reuters\"\/><br \/>\n\t\t\t\t\t\t\t\t\t<\/a><br \/>\n\t\t\t\t\t\t\t\t\t Foto: Reuters<\/p>\n<p>\t\t\t\t\t\t\t\t\t<a href=\"https:\/\/www.europesays.com\/si\/wp-content\/uploads\/2026\/07\/67062373.jpg\" data-size=\"1200x800\"><br \/>\n\t\t\t\t\t\t\t\t\t\t<img decoding=\"async\" src=\"https:\/\/www.europesays.com\/si\/wp-content\/uploads\/2026\/07\/67062373.jpg\" class=\"lazy\" alt=\" Foto: Reuters\"\/><br \/>\n\t\t\t\t\t\t\t\t\t<\/a><br \/>\n\t\t\t\t\t\t\t\t\t Foto: Reuters<\/p>\n<p>Oglas<\/p>\n","protected":false},"excerpt":{"rendered":"Norve\u0161ka. Foto: Reuters Spremljajte RTVSLO.si kot prednostni vir na Google Po\u017ear v mestu Krokstadelva pribli\u017eno 50 kilometrov zahodno&hellip;\n","protected":false},"author":2,"featured_media":163486,"comment_status":"","ping_status":"","sticky":false,"template":"","format":"standard","meta":{"footnotes":"","_share_on_mastodon":"0"},"categories":[3],"tags":[65,66,42612,1104,760,37,38],"class_list":["post-163485","post","type-post","status-publish","format-standard","has-post-thumbnail","category-evropa","tag-europe","tag-evropa","tag-krokstadelv","tag-norveska","tag-pozar","tag-slovene","tag-slovenscina"],"share_on_mastodon":{"url":"https:\/\/pubeurope.com\/@si\/116941479574557037","error":""},"_links":{"self":[{"href":"https:\/\/www.europesays.com\/si\/wp-json\/wp\/v2\/posts\/163485","targetHints":{"allow":["GET"]}}],"collection":[{"href":"https:\/\/www.europesays.com\/si\/wp-json\/wp\/v2\/posts"}],"about":[{"href":"https:\/\/www.europesays.com\/si\/wp-json\/wp\/v2\/types\/post"}],"author":[{"embeddable":true,"href":"https:\/\/www.europesays.com\/si\/wp-json\/wp\/v2\/users\/2"}],"replies":[{"embeddable":true,"href":"https:\/\/www.europesays.com\/si\/wp-json\/wp\/v2\/comments?post=163485"}],"version-history":[{"count":0,"href":"https:\/\/www.europesays.com\/si\/wp-json\/wp\/v2\/posts\/163485\/revisions"}],"wp:featuredmedia":[{"embeddable":true,"href":"https:\/\/www.europesays.com\/si\/wp-json\/wp\/v2\/media\/163486"}],"wp:attachment":[{"href":"https:\/\/www.europesays.com\/si\/wp-json\/wp\/v2\/media?parent=163485"}],"wp:term":[{"taxonomy":"category","embeddable":true,"href":"https:\/\/www.europesays.com\/si\/wp-json\/wp\/v2\/categories?post=163485"},{"taxonomy":"post_tag","embeddable":true,"href":"https:\/\/www.europesays.com\/si\/wp-json\/wp\/v2\/tags?post=163485"}],"curies":[{"name":"wp","href":"https:\/\/api.w.org\/{rel}","templated":true}]}}